{"id":78657,"date":"2024-07-04T07:00:29","date_gmt":"2024-07-04T12:00:29","guid":{"rendered":"https:\/\/losperiodistas.com.mx\/portal\/?p=78657"},"modified":"2024-07-04T07:00:31","modified_gmt":"2024-07-04T12:00:31","slug":"restos-analizados-no-coinciden-con-los-43-de-ayotzinapa-pactan-nueva-reunion-con-amlo-y-sheinbaum-proceso","status":"publish","type":"post","link":"https:\/\/losperiodistas.com.mx\/portal\/restos-analizados-no-coinciden-con-los-43-de-ayotzinapa-pactan-nueva-reunion-con-amlo-y-sheinbaum-proceso\/","title":{"rendered":"Restos analizados no coinciden con los 43 de Ayotzinapa; pactan nueva reuni\u00f3n con AMLO y Sheinbaum | Proceso"},"content":{"rendered":"\n<p class=\"has-light-green-cyan-background-color has-background has-medium-font-size\"><strong>Ser\u00e1 el pr\u00f3ximo 29 de julio cuando las madres y padres de los 43 acudan a la sede presidencial para la reuni\u00f3n con el mandatario constitucional y la virtual presidenta electa, Claudia Sheinbaum.<\/strong><\/p>\n\n\n\n<p><\/p>\n\n\n\n<figure class=\"wp-block-image\"><a href=\"https:\/\/www.proceso.com.mx\/u\/fotografias\/fotosnoticias\/2024\/7\/3\/202561.jpeg\"><img decoding=\"async\" src=\"https:\/\/www.proceso.com.mx\/u\/fotografias\/m\/2024\/7\/3\/f685x385-202561_240254_5050.jpeg\" alt=\"Restos analizados no coinciden con los 43 de Ayotzinapa; pactan nueva reuni\u00f3n con AMLO y Sheinbaum\"\/><\/a><figcaption>Llegada de los padres de los 43 al Palacio Nacional. Foto: Miguel Dimayuga<\/figcaption><\/figure>\n\n\n\n<p class=\"has-vivid-red-color has-text-color has-medium-font-size\"><strong>Dalila Escobar \/ Proceso<\/strong><\/p>\n\n\n\n<p>CIUDAD DE M\u00c9XICO (apro).- Los restos \u00f3seos obtenidos por la Fiscal\u00eda General de la Rep\u00fablica (FGR) que fueron analizados para determinar si pertenecen a los normalistas de Ayotzinapa desaparecidos, no son coincidentes con los estudiantes, asegur\u00f3 el abogado Vidulfo Rosales, aunque dijo que el procedimiento podr\u00eda continuar.<\/p>\n\n\n\n<p>Durante la reuni\u00f3n de este mi\u00e9rcoles en Palacio Nacional tampoco se les dio el informe que comprometi\u00f3 el presidente Andr\u00e9s Manuel L\u00f3pez Obrador, pero s\u00ed hubo fecha para su pr\u00f3ximo encuentro, en la que tambi\u00e9n estar\u00e1 la virtual presidenta electa, Claudia Sheinbaum.<\/p>\n\n\n\n<p><strong>NOTICIAS RELACIONADAS<\/strong><\/p>\n\n\n\n<ul class=\"wp-block-list\"><li><a href=\"https:\/\/www.proceso.com.mx\/nacional\/2024\/7\/3\/mi-agenda-esta-disponible-responde-sheinbaum-padres-de-los-43-de-ayotzinapa-332197.html\">\u201cMi agenda est\u00e1 disponible\u201d, responde Sheinbaum a padres de los 43 de Ayotzinapa<\/a><\/li><li><a href=\"https:\/\/www.proceso.com.mx\/nacional\/2024\/6\/30\/ayotzinapa-gobernacion-difunde-imagenes-de-busqueda-en-iguala-cocula-331989.html\">Ayotzinapa: Gobernaci\u00f3n difunde im\u00e1genes de b\u00fasqueda en Iguala y Cocula<\/a><\/li><li><a href=\"https:\/\/www.proceso.com.mx\/nacional\/2024\/6\/27\/ayotzinapa-padres-de-los-43-advierten-posible-madruguete-del-gobierno-por-analisis-de-restos-oseos-331827.html\">Ayotzinapa: Padres de los 43 advierten posible \u201cmadruguete\u201d del gobierno por an\u00e1lisis de restos \u00f3seos<\/a><\/li><li><a href=\"https:\/\/www.proceso.com.mx\/nacional\/2024\/6\/24\/no-hay-pruebas-de-que-el-ejercito-participo-en-la-desaparicion-de-los-43-de-ayotzinapa-amlo-331581.html\">No hay pruebas de que el Ej\u00e9rcito particip\u00f3 en la desaparici\u00f3n de los 43 de Ayotzinapa: AMLO<\/a><\/li><\/ul>\n\n\n\n<p>Ser\u00e1 el pr\u00f3ximo 29 de julio cuando acudan a la sede presidencial para la reuni\u00f3n con el mandatario constitucional y la virtual presidenta electa. \u201cPara nosotros eso es lo relevante\u201d, recalc\u00f3 el abogado.<\/p>\n\n\n\n<p>Rosales indic\u00f3 que la investigaci\u00f3n va a continuar, pero mantienen la postura de diferencias y que se resume en que no hay ning\u00fan avance.<\/p>\n\n\n\n<p>\u201cNos van a presentar un informe por escrito, hoy no se present\u00f3\u201d, aun cuando el presidente dijo que lo presentar\u00eda en la siguiente reuni\u00f3n, por lo que esperan que el 29 de este mes se les presente, dijo Rosales.&nbsp;\u201cYa veremos qu\u00e9 novedades hay\u201d.<\/p>\n\n\n\n<p>Este mi\u00e9rcoles solo se les present\u00f3 un informe ordinario de las b\u00fasquedas de campo y de las identificaciones.<\/p>\n\n\n\n<p>\u201cYa se hizo esa investigaci\u00f3n y los resultados son negativos\u201d, es decir, dijo, ninguno de esos restos analizados por ADN mitocondrial corresponden a los j\u00f3venes normalistas.<\/p>\n\n\n\n<p>Previo al ingreso a Palacio Nacional, las madres y padres llegaron en dos grupos; en el primero, Felipe de la Cruz, quien afirm\u00f3 que acuden a recordar que la investigaci\u00f3n debe continuar con el cambio de administraci\u00f3n.<\/p>\n\n\n\n<p>\u201cNo porque el presidente termine su periodo va a dejar esto ah\u00ed a la deriva. Venimos a la exigencia de que esto no puede terminar sin llegar a la verdad y sin justicia\u201d.<\/p>\n\n\n\n<p>Al preguntarle si existe unidad entre las madres y padres, por algunas diferencias que se han presentado, respondi\u00f3:<\/p>\n\n\n\n<p>\u201cHay unidad, nunca se ha roto, son los abogados quienes opinan diferente\u201d, dijo antes del encuentro que se anunci\u00f3 desde hace semanas.<\/p>\n\n\n\n<p>Fuente: <a href=\"https:\/\/www.proceso.com.mx\/nacional\/2024\/7\/3\/restos-analizados-no-coinciden-con-los-43-de-ayotzinapa-pactan-nueva-reunion-con-amlo-sheinbaum-332203.html\">https:\/\/www.proceso.com.mx\/nacional\/2024\/7\/3\/restos-analizados-no-coinciden-con-los-43-de-ayotzinapa-pactan-nueva-reunion-con-amlo-sheinbaum-332203.html<\/a><\/p>\n","protected":false},"excerpt":{"rendered":"<p>Ser\u00e1 el pr\u00f3ximo 29 de julio cuando las madres y padres de los 43 acudan a la sede presidencial para [&hellip;]<\/p>\n","protected":false},"author":1,"featured_media":78658,"comment_status":"open","ping_status":"open","sticky":false,"template":"","format":"standard","meta":{"site-sidebar-layout":"default","site-content-layout":"","ast-site-content-layout":"default","site-content-style":"default","site-sidebar-style":"default","ast-global-header-display":"","ast-banner-title-visibility":"","ast-main-header-display":"","ast-hfb-above-header-display":"","ast-hfb-below-header-display":"","ast-hfb-mobile-header-display":"","site-post-title":"","ast-breadcrumbs-content":"","ast-featured-img":"","footer-sml-layout":"","theme-transparent-header-meta":"","adv-header-id-meta":"","stick-header-meta":"","header-above-stick-meta":"","header-main-stick-meta":"","header-below-stick-meta":"","astra-migrate-meta-layouts":"default","ast-page-background-enabled":"default","ast-page-background-meta":{"desktop":{"background-color":"var(--ast-global-color-4)","background-image":"","background-repeat":"repeat","background-position":"center center","background-size":"auto","background-attachment":"scroll","background-type":"","background-media":"","overlay-type":"","overlay-color":"","overlay-opacity":"","overlay-gradient":""},"tablet":{"background-color":"","background-image":"","background-repeat":"repeat","background-position":"center center","background-size":"auto","background-attachment":"scroll","background-type":"","background-media":"","overlay-type":"","overlay-color":"","overlay-opacity":"","overlay-gradient":""},"mobile":{"background-color":"","background-image":"","background-repeat":"repeat","background-position":"center center","background-size":"auto","background-attachment":"scroll","background-type":"","background-media":"","overlay-type":"","overlay-color":"","overlay-opacity":"","overlay-gradient":""}},"ast-content-background-meta":{"desktop":{"background-color":"var(--ast-global-color-5)","background-image":"","background-repeat":"repeat","background-position":"center center","background-size":"auto","background-attachment":"scroll","background-type":"","background-media":"","overlay-type":"","overlay-color":"","overlay-opacity":"","overlay-gradient":""},"tablet":{"background-color":"var(--ast-global-color-5)","background-image":"","background-repeat":"repeat","background-position":"center center","background-size":"auto","background-attachment":"scroll","background-type":"","background-media":"","overlay-type":"","overlay-color":"","overlay-opacity":"","overlay-gradient":""},"mobile":{"background-color":"var(--ast-global-color-5)","background-image":"","background-repeat":"repeat","background-position":"center center","background-size":"auto","background-attachment":"scroll","background-type":"","background-media":"","overlay-type":"","overlay-color":"","overlay-opacity":"","overlay-gradient":""}},"footnotes":""},"categories":[8],"tags":[27008,1656,27009],"class_list":["post-78657","post","type-post","status-publish","format-standard","has-post-thumbnail","hentry","category-noticias","tag-43-normalistas-amlo","tag-ayotzinapa","tag-restos-normalistas"],"_links":{"self":[{"href":"https:\/\/losperiodistas.com.mx\/portal\/wp-json\/wp\/v2\/posts\/78657","targetHints":{"allow":["GET"]}}],"collection":[{"href":"https:\/\/losperiodistas.com.mx\/portal\/wp-json\/wp\/v2\/posts"}],"about":[{"href":"https:\/\/losperiodistas.com.mx\/portal\/wp-json\/wp\/v2\/types\/post"}],"author":[{"embeddable":true,"href":"https:\/\/losperiodistas.com.mx\/portal\/wp-json\/wp\/v2\/users\/1"}],"replies":[{"embeddable":true,"href":"https:\/\/losperiodistas.com.mx\/portal\/wp-json\/wp\/v2\/comments?post=78657"}],"version-history":[{"count":1,"href":"https:\/\/losperiodistas.com.mx\/portal\/wp-json\/wp\/v2\/posts\/78657\/revisions"}],"predecessor-version":[{"id":78659,"href":"https:\/\/losperiodistas.com.mx\/portal\/wp-json\/wp\/v2\/posts\/78657\/revisions\/78659"}],"wp:featuredmedia":[{"embeddable":true,"href":"https:\/\/losperiodistas.com.mx\/portal\/wp-json\/wp\/v2\/media\/78658"}],"wp:attachment":[{"href":"https:\/\/losperiodistas.com.mx\/portal\/wp-json\/wp\/v2\/media?parent=78657"}],"wp:term":[{"taxonomy":"category","embeddable":true,"href":"https:\/\/losperiodistas.com.mx\/portal\/wp-json\/wp\/v2\/categories?post=78657"},{"taxonomy":"post_tag","embeddable":true,"href":"https:\/\/losperiodistas.com.mx\/portal\/wp-json\/wp\/v2\/tags?post=78657"}],"curies":[{"name":"wp","href":"https:\/\/api.w.org\/{rel}","templated":true}]}}