{"id":78654,"date":"2024-07-04T06:48:00","date_gmt":"2024-07-04T11:48:00","guid":{"rendered":"https:\/\/losperiodistas.com.mx\/portal\/?p=78654"},"modified":"2024-07-04T06:48:02","modified_gmt":"2024-07-04T11:48:02","slug":"alito-quiere-perpetuarse-podria-dirigir-al-pri-hasta-2032-excelsior","status":"publish","type":"post","link":"https:\/\/losperiodistas.com.mx\/portal\/alito-quiere-perpetuarse-podria-dirigir-al-pri-hasta-2032-excelsior\/","title":{"rendered":"Alito quiere perpetuarse; podr\u00eda dirigir al PRI hasta 2032 | EXCELSIOR"},"content":{"rendered":"\n<h2 class=\"wp-block-heading\">Seg\u00fan el plan que se discutir\u00e1 el domingo quitan espacios en el Consejo Pol\u00edtico Nacional a sus organizaciones hist\u00f3ricas como la CTM, CNC y CNOP<\/h2>\n\n\n\n<figure class=\"wp-block-image size-large\"><img fetchpriority=\"high\" decoding=\"async\" width=\"1024\" height=\"842\" src=\"https:\/\/losperiodistas.com.mx\/portal\/wp-content\/uploads\/2024\/07\/Captura-de-Pantalla-2024-07-04-a-las-5.43.22-1024x842.jpg\" alt=\"\" class=\"wp-image-78655\" srcset=\"https:\/\/losperiodistas.com.mx\/portal\/wp-content\/uploads\/2024\/07\/Captura-de-Pantalla-2024-07-04-a-las-5.43.22-1024x842.jpg 1024w, https:\/\/losperiodistas.com.mx\/portal\/wp-content\/uploads\/2024\/07\/Captura-de-Pantalla-2024-07-04-a-las-5.43.22-300x247.jpg 300w, https:\/\/losperiodistas.com.mx\/portal\/wp-content\/uploads\/2024\/07\/Captura-de-Pantalla-2024-07-04-a-las-5.43.22-768x631.jpg 768w, https:\/\/losperiodistas.com.mx\/portal\/wp-content\/uploads\/2024\/07\/Captura-de-Pantalla-2024-07-04-a-las-5.43.22-1536x1263.jpg 1536w, https:\/\/losperiodistas.com.mx\/portal\/wp-content\/uploads\/2024\/07\/Captura-de-Pantalla-2024-07-04-a-las-5.43.22.jpg 1564w\" sizes=\"(max-width: 1024px) 100vw, 1024px\" \/><\/figure>\n\n\n\n<p class=\"has-vivid-red-color has-text-color has-medium-font-size\"><strong>Leticia Robles de la Rosa \/ EXCELSIOR<\/strong><\/p>\n\n\n\n<p>Alejandro Moreno C\u00e1rdenas y Carolina Viggiano podr\u00e1n quedarse en la dirigencia nacional del PRI hasta 2032, pues la reforma a los estatutos del partido establece que podr\u00e1n ser electos para tres periodos de cuatro a\u00f1os; como ya cubrieron un periodo de 2019 a 2023, pero prolongaron un a\u00f1o m\u00e1s, hasta este 2024, ahora podr\u00e1n estar hasta ocho a\u00f1os m\u00e1s, para sumar 13 a\u00f1os como los m\u00e1ximos l\u00edderes del priismo.<\/p>\n\n\n\n<p>En sus casi 100 a\u00f1os de historia, el PRI jam\u00e1s ha tenido un presidente que rebase los seis a\u00f1os de gesti\u00f3n, pues s\u00f3lo Antonio I. Villalobos, que estuvo de 1940 a 1946 y Alfonso Corona del Rosal, de 1958 a 1964 duraron seis a\u00f1os. Alejandro Moreno ser\u00e1 el primero en la historia del partido en mantenerse en esa posici\u00f3n m\u00e1s tiempo.<\/p>\n\n\n\n<p>Adem\u00e1s, tendr\u00e1 una facultad de poder m\u00e1s, pues los senadores y diputados federales ya no tendr\u00e1n la facultad exclusiva de nombrar a sus coordinadores, sino que ahora ser\u00e1 directamente Alejandro Moreno C\u00e1rdenas qui\u00e9n los nombrar\u00e1, e incluso ser\u00e1 el \u00fanico con la facultad de removerlos.<\/p>\n\n\n\n<p>Ahora tendr\u00e1 la facultad de \u201cdesignar y remover a las personas titulares de cada una de las coordinaciones de los Grupos Parlamentarios del Partido en las C\u00e1maras del Congreso de la Uni\u00f3n y en los Congresos de las entidades someter a la de los grupos respectivos la federativas o consideraci\u00f3n parlamentarios propuesta para su votaci\u00f3n; asimismo, mantener con dichas coordinaciones legislativas una permanente comunicaci\u00f3n, a fin de que sus acciones se ajusten a las normas y principios contenidos en los Documentos B\u00e1sicos\u201d.<\/p>\n\n\n\n<p><strong>Exc\u00e9lsior<\/strong>\u00a0inform\u00f3 el pasado lunes que Alejandro Moreno logr\u00f3 que en la nueva bancada priista en el Senado, el 75% de los integrantes sean sus incondicionales.<\/p>\n\n\n\n<p>El documento, que fue trabajado ayer mi\u00e9rcoles en la mesa tem\u00e1tica de estatutos, que sesion\u00f3 en el World Trade Center, establece que cada una las organizaciones hist\u00f3ricas del partido, como la CTM, CNC y CNOP reducir\u00e1n sus espacios en el m\u00e1ximo \u00f3rgano de gobierno del partido, el Consejo Pol\u00edtico Nacional, de 105 asientos que tienen ahora a 60 lugares.<\/p>\n\n\n\n<p>As\u00ed, se desech\u00f3 la propuesta de desvincularse definitivamente de la CTM, como propusieron asambleas de diversos estados; la redacci\u00f3n de los nuevos estatutos, que ser\u00e1n aprobados el domingo, establece una reducci\u00f3n de al menos 212 integrantes del Consejo Pol\u00edtico Nacional, entre ellos 15 del sector obrero, 15 del agrario y 15 del popular; todos los presidentes municipales emanados del partido; todos los presidentes de los comit\u00e9s estatales y el n\u00famero de consejeros electos pasar\u00e1 de 170 a 128 en total.<\/p>\n\n\n\n<p>El pasado 24 de junio,&nbsp;<strong>Exc\u00e9lsior<\/strong>&nbsp;inform\u00f3 que en las asambles municipales y estatales se comenz\u00f3 a cabildear la reelecci\u00f3n de Alejandro Moreno C\u00e1rdenas al menos por un periodo m\u00e1s de cuatro a\u00f1os, pero que a\u00fan no se conoc\u00eda la propuesta concreta.<\/p>\n\n\n\n<p>Ayer, en la mesa tem\u00e1tica para elaborar el dictamen de nuevos estatutos que se aprobar\u00e1 el pr\u00f3ximo domingo en la XXIV Asamblea Nacional, se concluy\u00f3 la propuesta.<\/p>\n\n\n\n<p>El art\u00edculo 178 establece que \u201clas personas titulares de la Presidencia y la Secretar\u00eda General electas para los Comit\u00e9s Ejecutivo Nacional y Directivos de las entidades federativas, durar\u00e1n en su funci\u00f3n cuatro a\u00f1os, y podr\u00e1n ser electas hasta por tres periodos consecutivos. Los Comit\u00e9s Municipales y de las demarcaciones territoriales de la Ciudad de M\u00e9xico, durar\u00e1n en su funci\u00f3n tres a\u00f1os, y podr\u00e1n ser electos hasta por dos periodos consecutivos\u201d.<\/p>\n\n\n\n<p>Alejandro Moreno C\u00e1rdenas y Carolina Viggiano fueron electos en 2019 para un periodo de cuatro a\u00f1os, que concluy\u00f3 en agosto del 2023, pero el propio Moreno C\u00e1rdenas promovi\u00f3 una reforma a los estatutos para permitirle que se quedara un a\u00f1o m\u00e1s, dado que estaban en la antesala de la elecci\u00f3n presidencial del pa\u00eds y el partido no pod\u00eda enfrentar un proceso de sucesi\u00f3n interno.<\/p>\n\n\n\n<p>As\u00ed, Moreno y Viggiano suman cinco a\u00f1os al frente del PRI y con la reforma a los estatutos pueden mantenerse por dos periodo m\u00e1s, pero no como reelecci\u00f3n, sino como una elecci\u00f3n nueva.<\/p>\n\n\n\n<p>En el r\u00e9gimen transitorio, la reforma dispone que \u201cpara los efectos de la reforma al art\u00edculo 178 de los Estatutos, las personas actualmente titulares de la presidencia y la secretar\u00eda general de los Comit\u00e9s Ejecutivo Nacional, Directivos Estatales, Municipales y de las Demarcaciones Territoriales de la Ciudad de M\u00e9xico, podr\u00e1n participar en el proceso de renovaci\u00f3n ordinario inmediato, consider\u00e1ndose su elecci\u00f3n inmediata anterior, como la primera de las que prev\u00e9 el citado precepto\u201d.<\/p>\n\n\n\n<p>As\u00ed, Alejandro Moreno y Carolinna Viggiano podr\u00e1n ser electos por un periodo nuevo de 2024 a 2028 y luego para otro m\u00e1s de 2028 a 2032, para sumar un total de 13 a\u00f1os al frente del PRI.<\/p>\n\n\n\n<p>Aunque las asambleas estatales plantearon la fusi\u00f3n de organismos internos, a final de cuentas, no se concret\u00f3 en el documento final.<\/p>\n\n\n\n<p>Fuente: <a href=\"https:\/\/www.excelsior.com.mx\/nacional\/alito-quiere-perpetuarse-podria-dirigir-al-pri-hasta-2032\/1660904\">https:\/\/www.excelsior.com.mx\/nacional\/alito-quiere-perpetuarse-podria-dirigir-al-pri-hasta-2032\/1660904<\/a><\/p>\n","protected":false},"excerpt":{"rendered":"<p>Seg\u00fan el plan que se discutir\u00e1 el domingo quitan espacios en el Consejo Pol\u00edtico Nacional a sus organizaciones hist\u00f3ricas como [&hellip;]<\/p>\n","protected":false},"author":1,"featured_media":78655,"comment_status":"open","ping_status":"open","sticky":false,"template":"","format":"standard","meta":{"site-sidebar-layout":"default","site-content-layout":"","ast-site-content-layout":"default","site-content-style":"default","site-sidebar-style":"default","ast-global-header-display":"","ast-banner-title-visibility":"","ast-main-header-display":"","ast-hfb-above-header-display":"","ast-hfb-below-header-display":"","ast-hfb-mobile-header-display":"","site-post-title":"","ast-breadcrumbs-content":"","ast-featured-img":"","footer-sml-layout":"","theme-transparent-header-meta":"","adv-header-id-meta":"","stick-header-meta":"","header-above-stick-meta":"","header-main-stick-meta":"","header-below-stick-meta":"","astra-migrate-meta-layouts":"default","ast-page-background-enabled":"default","ast-page-background-meta":{"desktop":{"background-color":"var(--ast-global-color-4)","background-image":"","background-repeat":"repeat","background-position":"center center","background-size":"auto","background-attachment":"scroll","background-type":"","background-media":"","overlay-type":"","overlay-color":"","overlay-opacity":"","overlay-gradient":""},"tablet":{"background-color":"","background-image":"","background-repeat":"repeat","background-position":"center center","background-size":"auto","background-attachment":"scroll","background-type":"","background-media":"","overlay-type":"","overlay-color":"","overlay-opacity":"","overlay-gradient":""},"mobile":{"background-color":"","background-image":"","background-repeat":"repeat","background-position":"center center","background-size":"auto","background-attachment":"scroll","background-type":"","background-media":"","overlay-type":"","overlay-color":"","overlay-opacity":"","overlay-gradient":""}},"ast-content-background-meta":{"desktop":{"background-color":"var(--ast-global-color-5)","background-image":"","background-repeat":"repeat","background-position":"center center","background-size":"auto","background-attachment":"scroll","background-type":"","background-media":"","overlay-type":"","overlay-color":"","overlay-opacity":"","overlay-gradient":""},"tablet":{"background-color":"var(--ast-global-color-5)","background-image":"","background-repeat":"repeat","background-position":"center center","background-size":"auto","background-attachment":"scroll","background-type":"","background-media":"","overlay-type":"","overlay-color":"","overlay-opacity":"","overlay-gradient":""},"mobile":{"background-color":"var(--ast-global-color-5)","background-image":"","background-repeat":"repeat","background-position":"center center","background-size":"auto","background-attachment":"scroll","background-type":"","background-media":"","overlay-type":"","overlay-color":"","overlay-opacity":"","overlay-gradient":""}},"footnotes":""},"categories":[8],"tags":[10782,16357,27007,27006,3552,27004],"class_list":["post-78654","post","type-post","status-publish","format-standard","has-post-thumbnail","hentry","category-noticias","tag-alito-moreno","tag-carolina-viggiano","tag-cnc","tag-cnop","tag-ctm","tag-pri-reforma-estatutos"],"_links":{"self":[{"href":"https:\/\/losperiodistas.com.mx\/portal\/wp-json\/wp\/v2\/posts\/78654","targetHints":{"allow":["GET"]}}],"collection":[{"href":"https:\/\/losperiodistas.com.mx\/portal\/wp-json\/wp\/v2\/posts"}],"about":[{"href":"https:\/\/losperiodistas.com.mx\/portal\/wp-json\/wp\/v2\/types\/post"}],"author":[{"embeddable":true,"href":"https:\/\/losperiodistas.com.mx\/portal\/wp-json\/wp\/v2\/users\/1"}],"replies":[{"embeddable":true,"href":"https:\/\/losperiodistas.com.mx\/portal\/wp-json\/wp\/v2\/comments?post=78654"}],"version-history":[{"count":1,"href":"https:\/\/losperiodistas.com.mx\/portal\/wp-json\/wp\/v2\/posts\/78654\/revisions"}],"predecessor-version":[{"id":78656,"href":"https:\/\/losperiodistas.com.mx\/portal\/wp-json\/wp\/v2\/posts\/78654\/revisions\/78656"}],"wp:featuredmedia":[{"embeddable":true,"href":"https:\/\/losperiodistas.com.mx\/portal\/wp-json\/wp\/v2\/media\/78655"}],"wp:attachment":[{"href":"https:\/\/losperiodistas.com.mx\/portal\/wp-json\/wp\/v2\/media?parent=78654"}],"wp:term":[{"taxonomy":"category","embeddable":true,"href":"https:\/\/losperiodistas.com.mx\/portal\/wp-json\/wp\/v2\/categories?post=78654"},{"taxonomy":"post_tag","embeddable":true,"href":"https:\/\/losperiodistas.com.mx\/portal\/wp-json\/wp\/v2\/tags?post=78654"}],"curies":[{"name":"wp","href":"https:\/\/api.w.org\/{rel}","templated":true}]}}