{"id":78651,"date":"2024-07-04T06:36:28","date_gmt":"2024-07-04T11:36:28","guid":{"rendered":"https:\/\/losperiodistas.com.mx\/portal\/?p=78651"},"modified":"2024-07-04T06:36:30","modified_gmt":"2024-07-04T11:36:30","slug":"calderon-protegio-a-marin-del-escandalo-cacho-denuncia-el-exdirigente-del-pan-rafael-micalco-ljo","status":"publish","type":"post","link":"https:\/\/losperiodistas.com.mx\/portal\/calderon-protegio-a-marin-del-escandalo-cacho-denuncia-el-exdirigente-del-pan-rafael-micalco-ljo\/","title":{"rendered":"Calder\u00f3n protegi\u00f3 a Mar\u00edn del esc\u00e1ndalo Cacho, denuncia el exdirigente del PAN Rafael Micalco | LJO"},"content":{"rendered":"\n<p class=\"has-pale-cyan-blue-background-color has-background has-medium-font-size\">Hizo la revelaci\u00f3n en respuesta a las cr\u00edticas del otrora mandatario por la derrota electoral del instituto derechista<\/p>\n\n\n\n<figure class=\"wp-block-image size-large\"><img fetchpriority=\"high\" decoding=\"async\" width=\"1024\" height=\"676\" src=\"https:\/\/losperiodistas.com.mx\/portal\/wp-content\/uploads\/2024\/07\/Captura-de-Pantalla-2024-07-04-a-las-5.30.39-1024x676.jpg\" alt=\"\" class=\"wp-image-78652\" srcset=\"https:\/\/losperiodistas.com.mx\/portal\/wp-content\/uploads\/2024\/07\/Captura-de-Pantalla-2024-07-04-a-las-5.30.39-1024x676.jpg 1024w, https:\/\/losperiodistas.com.mx\/portal\/wp-content\/uploads\/2024\/07\/Captura-de-Pantalla-2024-07-04-a-las-5.30.39-300x198.jpg 300w, https:\/\/losperiodistas.com.mx\/portal\/wp-content\/uploads\/2024\/07\/Captura-de-Pantalla-2024-07-04-a-las-5.30.39-768x507.jpg 768w, https:\/\/losperiodistas.com.mx\/portal\/wp-content\/uploads\/2024\/07\/Captura-de-Pantalla-2024-07-04-a-las-5.30.39-1536x1014.jpg 1536w, https:\/\/losperiodistas.com.mx\/portal\/wp-content\/uploads\/2024\/07\/Captura-de-Pantalla-2024-07-04-a-las-5.30.39-2048x1352.jpg 2048w\" sizes=\"(max-width: 1024px) 100vw, 1024px\" \/><\/figure>\n\n\n\n<p class=\"has-vivid-red-color has-text-color has-medium-font-size\"><strong>M\u00d3NICA CAMACHO \/ La Jornada de Oriente<\/strong><\/p>\n\n\n\n<p>Rafael Micalco M\u00e9ndez, actual l\u00edder de los diputados locales del PAN que\u00a0<a href=\"https:\/\/x.com\/rafamicalco\" target=\"_blank\" rel=\"noreferrer noopener\">dirigi\u00f3 al partido a nivel estatal en 2006<\/a>, acus\u00f3 a Felipe Calder\u00f3n Hinojosa de proteger desde la presidencia del pa\u00eds al entonces gobernador Mario Mar\u00edn Torres, ante el caso de tortura contra la periodista Lydia Cacho que hoy tiene a este \u00faltimo en prisi\u00f3n.<\/p>\n\n\n\n<p>Asegur\u00f3 que el respaldo de Calder\u00f3n a&nbsp;<a href=\"https:\/\/www.lajornadadeoriente.com.mx\/puebla\/la-familia-de-mario-marin-entra-al-equipo-de-eduardo-rivera\/\" target=\"_blank\" rel=\"noreferrer noopener\">la administraci\u00f3n marinista incluy\u00f3 la fiscalizaci\u00f3n<\/a>&nbsp;de recursos p\u00fablicos, ya que solicit\u00f3 a los diputados locales del PAN avalar la ejecuci\u00f3n del gasto con su voto en el Poder Legislativo local.<\/p>\n\n\n\n<p>\u201cA trav\u00e9s de tu Secretario de Gobernaci\u00f3n me pediste votar a favor de las cuentas de Mar\u00edn y te mandamos al diablo\u201d, sostuvo Micalco en un mensaje que dirigi\u00f3 a Calder\u00f3n a trav\u00e9s de una publicaci\u00f3n en la red social X.<\/p>\n\n\n\n<figure class=\"wp-block-embed is-type-rich is-provider-twitter wp-block-embed-twitter\"><div class=\"wp-block-embed__wrapper\">\n<blockquote class=\"twitter-tweet\" data-width=\"500\" data-dnt=\"true\"><p lang=\"es\" dir=\"ltr\">En 2012 pactaste con Pe\u00f1a y Entregaste a Josefina y al PAN <a href=\"https:\/\/twitter.com\/FelipeCalderon?ref_src=twsrc%5Etfw\">@FelipeCalderon<\/a>, en 2007 pactaste con Mario  Mar\u00edn el caso de Lidia cacho y dejaste al <a href=\"https:\/\/twitter.com\/PanPuebla?ref_src=twsrc%5Etfw\">@PANPuebla<\/a> a su suerte,a trav\u00e9s de tu SrioGob me pediste votar a favor de las cuentas de Mar\u00edn y te mandamos al diablo, no tienes cara <a href=\"https:\/\/t.co\/aVu5XRUKGH\">https:\/\/t.co\/aVu5XRUKGH<\/a><\/p>&mdash; RAFAEL MICALCO (@rafamicalco) <a href=\"https:\/\/twitter.com\/rafamicalco\/status\/1808258901298880746?ref_src=twsrc%5Etfw\">July 2, 2024<\/a><\/blockquote><script async src=\"https:\/\/platform.twitter.com\/widgets.js\" charset=\"utf-8\"><\/script>\n<\/div><\/figure>\n\n\n\n<p>Micalco hizo la revelaci\u00f3n en respuesta a las cr\u00edticas que lanz\u00f3 Calder\u00f3n contra Acci\u00f3n Nacional y el presidente de esa fuerza pol\u00edtica, Marko Cort\u00e9s Mendoza, por la derrota electoral del 2 de junio pasado.\u00a0<\/p>\n\n\n\n<p>En X,\u00a0<a href=\"https:\/\/x.com\/FelipeCalderon\" target=\"_blank\" rel=\"noreferrer noopener\">el expresidente del pa\u00eds<\/a>\u00a0culp\u00f3 del fracaso a Cort\u00e9s, al que adem\u00e1s<a href=\"https:\/\/www.lajornadadeoriente.com.mx\/puebla\/concentra-eduardo-rivera-en-mario-marin-su-discurso-en-el-debate-a-la-gubernatura\/\" target=\"_blank\" rel=\"noreferrer noopener\">\u00a0responsabiliz\u00f3 de usar la dirigencia nacional<\/a>\u00a0para servirse \u201ccon la cuchara grande\u201d. Asimismo, se\u00f1al\u00f3 que los candidatos no defendieron a los gobiernos emanados de Acci\u00f3n Nacional, incluido su sexenio (2006 a 2012).<\/p>\n\n\n\n<h2 class=\"wp-block-heading\">Pactaste contra los intereses del PAN, responden Micalco y Cort\u00e9s<\/h2>\n\n\n\n<p>Marko Cort\u00e9s replic\u00f3 los se\u00f1alamientos en su contra en esa misma red social, donde asever\u00f3 que Calder\u00f3n pact\u00f3 con Enrique Pe\u00f1a Nieto la elecci\u00f3n presidencial de 2012, para dar la espalda a la candidata albiazul Josefina V\u00e1zquez Mota y garantizar el regreso del PRI al Poder Ejecutivo federal.<\/p>\n\n\n\n<blockquote class=\"wp-block-quote is-layout-flow wp-block-quote-is-layout-flow\"><p>\u201cDe pluris mejor no hablemos, tu grupo sabe muy bien de eso y hasta me las pidieron en 2021 y 2024\u201d, atiz\u00f3 el dirigente partidista en el mensaje que dirigi\u00f3 a Felipe Calder\u00f3n.<\/p><\/blockquote>\n\n\n\n<p>Micalco secund\u00f3 a Cort\u00e9s, al respaldar la acusaci\u00f3n de que el pol\u00edtico michoacano pact\u00f3 con Pe\u00f1a en contra de los intereses de Acci\u00f3n Nacional, pero aclar\u00f3 que no fue el \u00fanico acuerdo de ese tipo.<\/p>\n\n\n\n<blockquote class=\"wp-block-quote is-layout-flow wp-block-quote-is-layout-flow\"><p>\u201cEn 2007 pactaste con Mario Mar\u00edn el caso de Lidia Cacho y dejaste al PAN poblano a su suerte, a trav\u00e9s de tu Secretario de Gobernaci\u00f3n me pediste votar a favor de las cuentas de Mar\u00edn y te mandamos al diablo, no tienes cara\u201d, sostuvo.<\/p><\/blockquote>\n\n\n\n<p>Rafael Micalco fue el l\u00edder de la oposici\u00f3n en el sexenio marinista, ya que fungi\u00f3 como presidente del Comit\u00e9 Directivo Estatal (CDE) del PAN de 2006 a 2009, es decir, la primera mitad del sexenio calderonista, y form\u00f3 parte del Congreso de Puebla como diputado local de 2005 a 2008.<\/p>\n\n\n\n<p>El esc\u00e1ndalo Mar\u00edn-Cacho se desat\u00f3 el 14 de febrero de 2006, luego de que La Jornada hizo p\u00fablico el contenido de unos audios en los que se escucha a Mar\u00edn orquestando la detenci\u00f3n de Lydia Cacho a petici\u00f3n del empresario Kamel Nacif, debido a que la periodista denunci\u00f3 una red de explotaci\u00f3n infantil en Canc\u00fan.<\/p>\n\n\n\n<p>Fuente: <a href=\"https:\/\/www.lajornadadeoriente.com.mx\/puebla\/calderon-protegio-a-marin-del-escandalo-cacho-denuncia-el-exdirigente-del-pan-rafael-micalco\/\">https:\/\/www.lajornadadeoriente.com.mx\/puebla\/calderon-protegio-a-marin-del-escandalo-cacho-denuncia-el-exdirigente-del-pan-rafael-micalco\/<\/a><\/p>\n","protected":false},"excerpt":{"rendered":"<p>Hizo la revelaci\u00f3n en respuesta a las cr\u00edticas del otrora mandatario por la derrota electoral del instituto derechista M\u00d3NICA CAMACHO [&hellip;]<\/p>\n","protected":false},"author":1,"featured_media":78652,"comment_status":"open","ping_status":"open","sticky":false,"template":"","format":"standard","meta":{"site-sidebar-layout":"default","site-content-layout":"","ast-site-content-layout":"default","site-content-style":"default","site-sidebar-style":"default","ast-global-header-display":"","ast-banner-title-visibility":"","ast-main-header-display":"","ast-hfb-above-header-display":"","ast-hfb-below-header-display":"","ast-hfb-mobile-header-display":"","site-post-title":"","ast-breadcrumbs-content":"","ast-featured-img":"","footer-sml-layout":"","theme-transparent-header-meta":"","adv-header-id-meta":"","stick-header-meta":"","header-above-stick-meta":"","header-main-stick-meta":"","header-below-stick-meta":"","astra-migrate-meta-layouts":"default","ast-page-background-enabled":"default","ast-page-background-meta":{"desktop":{"background-color":"var(--ast-global-color-4)","background-image":"","background-repeat":"repeat","background-position":"center center","background-size":"auto","background-attachment":"scroll","background-type":"","background-media":"","overlay-type":"","overlay-color":"","overlay-opacity":"","overlay-gradient":""},"tablet":{"background-color":"","background-image":"","background-repeat":"repeat","background-position":"center center","background-size":"auto","background-attachment":"scroll","background-type":"","background-media":"","overlay-type":"","overlay-color":"","overlay-opacity":"","overlay-gradient":""},"mobile":{"background-color":"","background-image":"","background-repeat":"repeat","background-position":"center center","background-size":"auto","background-attachment":"scroll","background-type":"","background-media":"","overlay-type":"","overlay-color":"","overlay-opacity":"","overlay-gradient":""}},"ast-content-background-meta":{"desktop":{"background-color":"var(--ast-global-color-5)","background-image":"","background-repeat":"repeat","background-position":"center center","background-size":"auto","background-attachment":"scroll","background-type":"","background-media":"","overlay-type":"","overlay-color":"","overlay-opacity":"","overlay-gradient":""},"tablet":{"background-color":"var(--ast-global-color-5)","background-image":"","background-repeat":"repeat","background-position":"center center","background-size":"auto","background-attachment":"scroll","background-type":"","background-media":"","overlay-type":"","overlay-color":"","overlay-opacity":"","overlay-gradient":""},"mobile":{"background-color":"var(--ast-global-color-5)","background-image":"","background-repeat":"repeat","background-position":"center center","background-size":"auto","background-attachment":"scroll","background-type":"","background-media":"","overlay-type":"","overlay-color":"","overlay-opacity":"","overlay-gradient":""}},"footnotes":""},"categories":[8],"tags":[27002,27003,10711],"class_list":["post-78651","post","type-post","status-publish","format-standard","has-post-thumbnail","hentry","category-noticias","tag-mario-marin-felipe-calderon","tag-negociaciones-pan","tag-rafael-micalco"],"_links":{"self":[{"href":"https:\/\/losperiodistas.com.mx\/portal\/wp-json\/wp\/v2\/posts\/78651","targetHints":{"allow":["GET"]}}],"collection":[{"href":"https:\/\/losperiodistas.com.mx\/portal\/wp-json\/wp\/v2\/posts"}],"about":[{"href":"https:\/\/losperiodistas.com.mx\/portal\/wp-json\/wp\/v2\/types\/post"}],"author":[{"embeddable":true,"href":"https:\/\/losperiodistas.com.mx\/portal\/wp-json\/wp\/v2\/users\/1"}],"replies":[{"embeddable":true,"href":"https:\/\/losperiodistas.com.mx\/portal\/wp-json\/wp\/v2\/comments?post=78651"}],"version-history":[{"count":1,"href":"https:\/\/losperiodistas.com.mx\/portal\/wp-json\/wp\/v2\/posts\/78651\/revisions"}],"predecessor-version":[{"id":78653,"href":"https:\/\/losperiodistas.com.mx\/portal\/wp-json\/wp\/v2\/posts\/78651\/revisions\/78653"}],"wp:featuredmedia":[{"embeddable":true,"href":"https:\/\/losperiodistas.com.mx\/portal\/wp-json\/wp\/v2\/media\/78652"}],"wp:attachment":[{"href":"https:\/\/losperiodistas.com.mx\/portal\/wp-json\/wp\/v2\/media?parent=78651"}],"wp:term":[{"taxonomy":"category","embeddable":true,"href":"https:\/\/losperiodistas.com.mx\/portal\/wp-json\/wp\/v2\/categories?post=78651"},{"taxonomy":"post_tag","embeddable":true,"href":"https:\/\/losperiodistas.com.mx\/portal\/wp-json\/wp\/v2\/tags?post=78651"}],"curies":[{"name":"wp","href":"https:\/\/api.w.org\/{rel}","templated":true}]}}