{"id":78642,"date":"2024-07-04T00:03:34","date_gmt":"2024-07-04T05:03:34","guid":{"rendered":"http:\/\/losperiodistas.com.mx\/portal\/?p=78642"},"modified":"2024-07-04T00:03:36","modified_gmt":"2024-07-04T05:03:36","slug":"bloque-hallado-en-ocomtun-podria-contener-nombre-de-esta-ciudad-maya","status":"publish","type":"post","link":"https:\/\/losperiodistas.com.mx\/portal\/bloque-hallado-en-ocomtun-podria-contener-nombre-de-esta-ciudad-maya\/","title":{"rendered":"Bloque grabado hallado en Ocomt\u00fan podr\u00eda contener el nombre original de esta milenaria ciudad maya"},"content":{"rendered":"\n<p>Corresponde a la parte inferior de un monumento que fue sustra\u00eddo de su sitio, tiene representado un cautivo, una monta\u00f1a zoomorfa y cartuchos jerogl\u00edficos que aluden al se\u00f1or de Maatz\u2019, posible t\u00edtulo del asentamiento<\/p>\n\n\n\n<figure class=\"wp-block-image size-large\"><img fetchpriority=\"high\" decoding=\"async\" width=\"1024\" height=\"682\" src=\"https:\/\/losperiodistas.com.mx\/portal\/wp-content\/uploads\/2024\/07\/BloqueOcomtun-1024x682.jpg\" alt=\"Bloque Ocomtun\" class=\"wp-image-78643\" srcset=\"https:\/\/losperiodistas.com.mx\/portal\/wp-content\/uploads\/2024\/07\/BloqueOcomtun-1024x682.jpg 1024w, https:\/\/losperiodistas.com.mx\/portal\/wp-content\/uploads\/2024\/07\/BloqueOcomtun-300x200.jpg 300w, https:\/\/losperiodistas.com.mx\/portal\/wp-content\/uploads\/2024\/07\/BloqueOcomtun-768x512.jpg 768w, https:\/\/losperiodistas.com.mx\/portal\/wp-content\/uploads\/2024\/07\/BloqueOcomtun-1536x1024.jpg 1536w, https:\/\/losperiodistas.com.mx\/portal\/wp-content\/uploads\/2024\/07\/BloqueOcomtun.jpg 2000w\" sizes=\"(max-width: 1024px) 100vw, 1024px\" \/><figcaption>Escal\u00f3n grabado. Foto: Octavio Esparza.<\/figcaption><\/figure>\n\n\n\n<p class=\"has-vivid-red-color has-text-color\">Redacci\u00f3n<\/p>\n\n\n\n<p>En un bloque megal\u00edtico que conserva grabados im\u00e1genes y textos jerogl\u00edficos, podr\u00eda estar la clave del nombre original de la milenaria ciudad maya de Ocomt\u00fan, reportada recientemente en la zona de conservaci\u00f3n ecol\u00f3gica Balamk\u00fa, la cual fue llamada de esta manera por las numerosas columnas cil\u00edndricas que hall\u00f3 a su paso el equipo dirigido por el arque\u00f3logo Ivan \u0160prajc.<\/p>\n\n\n\n<p>Se trata de uno de los descubrimientos m\u00e1s relevantes de la pasada temporada de campo del proyecto \u201cAmpliando el panorama arqueol\u00f3gico de las Tierras Bajas Mayas Centrales\u201d, coordinado por el especialista del Centro de Investigaciones de la Academia Eslovena de Ciencias y Artes, y avalado por la Secretar\u00eda de Cultura del Gobierno de M\u00e9xico, a trav\u00e9s del Consejo de Arqueolog\u00eda del Instituto Nacional de Antropolog\u00eda e Historia (INAH).<\/p>\n\n\n\n<p>El investigador de la Universidad Nacional Aut\u00f3noma de M\u00e9xico (UNAM) e integrante de la iniciativa, Octavio Esparza Olgu\u00edn, explica que los pocos monumentos esculpidos de Ocomt\u00fan, principalmente altares cil\u00edndricos y estelas, son lisos; no obstante, al excavar un pozo de sondeo en la escalinata de un edificio, parte de un conjunto menor del grupo sureste del sitio, se detect\u00f3 que el bloque central del escal\u00f3n inferior, contaba con relieve.<\/p>\n\n\n\n<p>El bloque corresponde al fragmento de un monumento y se desconoce si pertenec\u00eda a una estela, escalinata o dintel. Mide aproximadamente 1.82 metros de ancho, 71 cent\u00edmetros de largo y 37 cent\u00edmetros grosor; sin embargo, las escenas y el texto jerogl\u00edfico, los cuales aparecen incompletos, abarcan alrededor de 1.28 metros de anchura y 46 cent\u00edmetros de longitud.<\/p>\n\n\n\n<p>El especialista en epigraf\u00eda maya indica que una vez observado en su posici\u00f3n original, el monolito tiene en el costado izquierdo la imagen de un cautivo atado y bocabajo, del que solo se ve la parte superior del cuerpo debido a la erosi\u00f3n de la piedra caliza; y en el lado derecho, una representaci\u00f3n zoomorfa de la monta\u00f1a o <em>witz<\/em>.<\/p>\n\n\n\n<p>Ambas im\u00e1genes est\u00e1n acompa\u00f1adas por franjas de cartuchos jerogl\u00edficos en los m\u00e1rgenes. En uno de ellos, asociado a la monta\u00f1a, aparece el logograma <em>ajaw<\/em>, \u2018se\u00f1or\u2019, que alude a un gobernante o noble maya, y por encima de este un par de silabogramas que parecen constituir la palabra <em>Maatz\u2019<\/em>, es decir, el cartucho habla del \u201cSe\u00f1or de Maatz\u2019\u201d.<\/p>\n\n\n\n<p>\u201cEl nombre de este sitio no se ha documentado, por lo que indago su significado en los diccionarios de lenguas mayas\u201d, se\u00f1ala el investigador del Centro de Estudios Mayas de la UNAM, al referir que <em>Maatz\u2019<\/em> podr\u00eda corresponder al nombre original de Ocomt\u00fan o a otro lugar, ya que en el \u00e1rea maya se ha constatado la recolocaci\u00f3n de monumentos, trasladados de sitios relativamente lejanos. Un ejemplo es la escalera jerogl\u00edfica de Naranjo, en Guatemala, la cual en realidad fue un bot\u00edn de guerra tomado del sitio rival de Caracol, en el actual territorio de Belice.<\/p>\n\n\n\n<p>El bloque grabado de Ocomt\u00fan corresponde a un monumento modificado, seccionado y puesto como escal\u00f3n, en virtud de que varios elementos fueron sustra\u00eddos de las estructuras arquitect\u00f3nicas en \u00e9pocas tard\u00edas, en la decadencia del sitio, para erigir adoratorios en patios y plazuelas.<\/p>\n\n\n\n<p>\u201cLa pr\u00e1ctica de la recolocaci\u00f3n de monumentos fue com\u00fan en el \u00e1rea maya. Casos similares se han encontrado en Chact\u00fan, Cob\u00e1, Calakmul o Tikal. Escalinatas, de forma espec\u00edfica, pueden mencionarse la de \u2018Los Cautivos\u2019, en Dzibanch\u00e9, o la de El Resbal\u00f3n, en Quintana Roo. Estos monumentos fueron erigidos en el periodo Cl\u00e1sico Temprano (250-600 d.C.), y para el Cl\u00e1sico Tard\u00edo\/Terminal (800-900 d.C.) comenzaron a ser modificados.<\/p>\n\n\n\n<p>\u201cVarios expertos consideran que en esa \u00e9poca tard\u00eda, los pobladores que quedaban en los asentamientos o gente que llegaba en peregrinaci\u00f3n ya no ten\u00edan conocimiento de la escritura jerogl\u00edfica. Tomaban estos elementos iconogr\u00e1ficos, que sab\u00edan eran de prestigio, para colocarlos en espacios donde habitar\u00edan o realizar\u00edan rituales\u201d, comenta Octavio Esparza.<\/p>\n\n\n\n<p>Esto explica que el bloque de Ocomt\u00fan fuera colocado al rev\u00e9s, pues la talla se lee en sentido inverso a su posici\u00f3n, y tambi\u00e9n result\u00f3 llamativo que le fueran ofrendados algunos objetos: un hueso labrado, de dos cent\u00edmetros, en forma de estrella de ocho picos, una punta bifacial de pedernal y fragmentos cer\u00e1micos que podr\u00edan conformar un par de piezas.<\/p>\n\n\n\n<p>Finaliza que temporadas de campo futuras en Ocomt\u00fan podr\u00edan arrojar luz sobre la estructura de la que procede este elemento.<\/p>\n","protected":false},"excerpt":{"rendered":"<p>Corresponde a la parte inferior de un monumento que fue sustra\u00eddo de su sitio, tiene representado un cautivo, una monta\u00f1a [&hellip;]<\/p>\n","protected":false},"author":1,"featured_media":78643,"comment_status":"open","ping_status":"open","sticky":false,"template":"","format":"standard","meta":{"site-sidebar-layout":"default","site-content-layout":"","ast-site-content-layout":"default","site-content-style":"default","site-sidebar-style":"default","ast-global-header-display":"","ast-banner-title-visibility":"","ast-main-header-display":"","ast-hfb-above-header-display":"","ast-hfb-below-header-display":"","ast-hfb-mobile-header-display":"","site-post-title":"","ast-breadcrumbs-content":"","ast-featured-img":"","footer-sml-layout":"","theme-transparent-header-meta":"","adv-header-id-meta":"","stick-header-meta":"","header-above-stick-meta":"","header-main-stick-meta":"","header-below-stick-meta":"","astra-migrate-meta-layouts":"default","ast-page-background-enabled":"default","ast-page-background-meta":{"desktop":{"background-color":"var(--ast-global-color-4)","background-image":"","background-repeat":"repeat","background-position":"center center","background-size":"auto","background-attachment":"scroll","background-type":"","background-media":"","overlay-type":"","overlay-color":"","overlay-opacity":"","overlay-gradient":""},"tablet":{"background-color":"","background-image":"","background-repeat":"repeat","background-position":"center center","background-size":"auto","background-attachment":"scroll","background-type":"","background-media":"","overlay-type":"","overlay-color":"","overlay-opacity":"","overlay-gradient":""},"mobile":{"background-color":"","background-image":"","background-repeat":"repeat","background-position":"center center","background-size":"auto","background-attachment":"scroll","background-type":"","background-media":"","overlay-type":"","overlay-color":"","overlay-opacity":"","overlay-gradient":""}},"ast-content-background-meta":{"desktop":{"background-color":"var(--ast-global-color-5)","background-image":"","background-repeat":"repeat","background-position":"center center","background-size":"auto","background-attachment":"scroll","background-type":"","background-media":"","overlay-type":"","overlay-color":"","overlay-opacity":"","overlay-gradient":""},"tablet":{"background-color":"var(--ast-global-color-5)","background-image":"","background-repeat":"repeat","background-position":"center center","background-size":"auto","background-attachment":"scroll","background-type":"","background-media":"","overlay-type":"","overlay-color":"","overlay-opacity":"","overlay-gradient":""},"mobile":{"background-color":"var(--ast-global-color-5)","background-image":"","background-repeat":"repeat","background-position":"center center","background-size":"auto","background-attachment":"scroll","background-type":"","background-media":"","overlay-type":"","overlay-color":"","overlay-opacity":"","overlay-gradient":""}},"footnotes":""},"categories":[8],"tags":[3415,26997,1037,26998,26996],"class_list":["post-78642","post","type-post","status-publish","format-standard","has-post-thumbnail","hentry","category-noticias","tag-arqueologia","tag-ciudad-maya","tag-inah","tag-jeroglificos","tag-ocomtun"],"_links":{"self":[{"href":"https:\/\/losperiodistas.com.mx\/portal\/wp-json\/wp\/v2\/posts\/78642","targetHints":{"allow":["GET"]}}],"collection":[{"href":"https:\/\/losperiodistas.com.mx\/portal\/wp-json\/wp\/v2\/posts"}],"about":[{"href":"https:\/\/losperiodistas.com.mx\/portal\/wp-json\/wp\/v2\/types\/post"}],"author":[{"embeddable":true,"href":"https:\/\/losperiodistas.com.mx\/portal\/wp-json\/wp\/v2\/users\/1"}],"replies":[{"embeddable":true,"href":"https:\/\/losperiodistas.com.mx\/portal\/wp-json\/wp\/v2\/comments?post=78642"}],"version-history":[{"count":1,"href":"https:\/\/losperiodistas.com.mx\/portal\/wp-json\/wp\/v2\/posts\/78642\/revisions"}],"predecessor-version":[{"id":78644,"href":"https:\/\/losperiodistas.com.mx\/portal\/wp-json\/wp\/v2\/posts\/78642\/revisions\/78644"}],"wp:featuredmedia":[{"embeddable":true,"href":"https:\/\/losperiodistas.com.mx\/portal\/wp-json\/wp\/v2\/media\/78643"}],"wp:attachment":[{"href":"https:\/\/losperiodistas.com.mx\/portal\/wp-json\/wp\/v2\/media?parent=78642"}],"wp:term":[{"taxonomy":"category","embeddable":true,"href":"https:\/\/losperiodistas.com.mx\/portal\/wp-json\/wp\/v2\/categories?post=78642"},{"taxonomy":"post_tag","embeddable":true,"href":"https:\/\/losperiodistas.com.mx\/portal\/wp-json\/wp\/v2\/tags?post=78642"}],"curies":[{"name":"wp","href":"https:\/\/api.w.org\/{rel}","templated":true}]}}