{"id":78630,"date":"2024-07-03T22:23:31","date_gmt":"2024-07-04T03:23:31","guid":{"rendered":"http:\/\/losperiodistas.com.mx\/portal\/?p=78630"},"modified":"2024-07-03T22:23:33","modified_gmt":"2024-07-04T03:23:33","slug":"llega-a-puebla-festival-de-monologos","status":"publish","type":"post","link":"https:\/\/losperiodistas.com.mx\/portal\/llega-a-puebla-festival-de-monologos\/","title":{"rendered":"Por primera vez, llega a Puebla el \u201cFestival de Mon\u00f3logos\u201d"},"content":{"rendered":"\n<p><em>Recorrer\u00e1 25 ciudades del pa\u00eds con 14 obras de teatro unipersonales, tendr\u00e1 lugar del 15 al 21 de julio, a las 18:00 horas, en la Casa de la Cultura, con entrada gratuita<\/em>.<\/p>\n\n\n\n<figure class=\"wp-block-image size-large\"><img fetchpriority=\"high\" decoding=\"async\" width=\"1024\" height=\"682\" src=\"https:\/\/losperiodistas.com.mx\/portal\/wp-content\/uploads\/2024\/07\/Monologos1-1024x682.jpg\" alt=\"Festival de Mon\u00f3logos\" class=\"wp-image-78631\" srcset=\"https:\/\/losperiodistas.com.mx\/portal\/wp-content\/uploads\/2024\/07\/Monologos1-1024x682.jpg 1024w, https:\/\/losperiodistas.com.mx\/portal\/wp-content\/uploads\/2024\/07\/Monologos1-300x200.jpg 300w, https:\/\/losperiodistas.com.mx\/portal\/wp-content\/uploads\/2024\/07\/Monologos1-768x512.jpg 768w, https:\/\/losperiodistas.com.mx\/portal\/wp-content\/uploads\/2024\/07\/Monologos1.jpg 1280w\" sizes=\"(max-width: 1024px) 100vw, 1024px\" \/><figcaption>Festival de Mon\u00f3logos<\/figcaption><\/figure>\n\n\n\n<p class=\"has-vivid-red-color has-text-color\">Redacci\u00f3n<\/p>\n\n\n\n<p>En colaboraci\u00f3n con el Instituto Nacional de Bellas Artes y Literatura (INBAL), a trav\u00e9s de la Coordinaci\u00f3n Nacional de Teatro, el gobierno presente de Sergio Salom\u00f3n, por medio de la Secretar\u00eda de Cultura, presentar\u00e1 por primera vez en Puebla el \u201cFestival de Mon\u00f3logos. Teatro a Una Sola Voz\u201d.&nbsp;<\/p>\n\n\n\n<p>Este 2024, la d\u00e9cimo novena edici\u00f3n del festival recorrer\u00e1 25 ciudades del pa\u00eds divididas en dos circuitos: Centro y Norte-sur, en los que ser\u00e1n realizadas un total de 126 funciones de 14 obras de teatro unipersonales, pertenecientes a los estados de Quintana Roo, Estado de M\u00e9xico, Guanajuato, Yucat\u00e1n, Tampico, Sinaloa, Durango Veracruz, Jalisco, Michoac\u00e1n, Puebla y Ciudad de M\u00e9xico.&nbsp;<\/p>\n\n\n\n<p>En rueda de prensa, el secretario de Cultura, Enrique Glockner Corte destac\u00f3 que ser sede de esta iniciativa fomentar\u00e1 la formaci\u00f3n de audiencias en torno al teatro, sumando esfuerzos con otras instancias para lograr un mayor alcance. Inform\u00f3 que el evento se llevar\u00e1 a cabo en la Casa de la Cultura \u201cProfesor Pedro \u00c1ngel Palou P\u00e9rez\u201d, con el objetivo de darle vida en el marco de su 50 aniversario.<\/p>\n\n\n\n<p>Durante siete d\u00edas consecutivos, tendr\u00e1n lugar en dicho espacio 12 puestas en escena pertenecientes al Circuito Centro, las cuales iniciar\u00e1n el lunes 15 de julio con la obra \u00abMiedo come todo\u2026 sue\u00f1os al vuelo\u00bb, proveniente de Tamaulipas y Veracruz, y culminar\u00e1n el domingo 21 del mismo mes, con la pieza teatral \u201cCoraz\u00f3n de Mantou\u201d, de la compa\u00f1\u00eda poblana \u201cAurora Teatro\u201d.<\/p>\n\n\n\n<p>Las funciones ser\u00e1n a las 18:00 horas de lunes a viernes, y a las 16:00 horas los d\u00edas s\u00e1bado y domingo, en el recinto ubicado en la 5 Oriente n\u00famero 5 del Centro Hist\u00f3rico, donde el p\u00fablico podr\u00e1 ingresar de forma gratuita. Para conocer detalles de programaci\u00f3n, las y los interesados pueden visitar las p\u00e1ginas de Facebook: \u201cSecretar\u00eda de Cultura Puebla\u201d y \u201cTeatro a Una Sola Voz, Festival de Mon\u00f3logos\u201d.<\/p>\n","protected":false},"excerpt":{"rendered":"<p>Recorrer\u00e1 25 ciudades del pa\u00eds con 14 obras de teatro unipersonales, tendr\u00e1 lugar del 15 al 21 de julio, a las 18:00 horas, en la Casa de la Cultura, con entrada gratuita.<\/p>\n","protected":false},"author":1,"featured_media":78631,"comment_status":"open","ping_status":"open","sticky":false,"template":"","format":"standard","meta":{"site-sidebar-layout":"default","site-content-layout":"","ast-site-content-layout":"default","site-content-style":"default","site-sidebar-style":"default","ast-global-header-display":"","ast-banner-title-visibility":"","ast-main-header-display":"","ast-hfb-above-header-display":"","ast-hfb-below-header-display":"","ast-hfb-mobile-header-display":"","site-post-title":"","ast-breadcrumbs-content":"","ast-featured-img":"","footer-sml-layout":"","theme-transparent-header-meta":"","adv-header-id-meta":"","stick-header-meta":"","header-above-stick-meta":"","header-main-stick-meta":"","header-below-stick-meta":"","astra-migrate-meta-layouts":"default","ast-page-background-enabled":"default","ast-page-background-meta":{"desktop":{"background-color":"var(--ast-global-color-4)","background-image":"","background-repeat":"repeat","background-position":"center center","background-size":"auto","background-attachment":"scroll","background-type":"","background-media":"","overlay-type":"","overlay-color":"","overlay-opacity":"","overlay-gradient":""},"tablet":{"background-color":"","background-image":"","background-repeat":"repeat","background-position":"center center","background-size":"auto","background-attachment":"scroll","background-type":"","background-media":"","overlay-type":"","overlay-color":"","overlay-opacity":"","overlay-gradient":""},"mobile":{"background-color":"","background-image":"","background-repeat":"repeat","background-position":"center center","background-size":"auto","background-attachment":"scroll","background-type":"","background-media":"","overlay-type":"","overlay-color":"","overlay-opacity":"","overlay-gradient":""}},"ast-content-background-meta":{"desktop":{"background-color":"var(--ast-global-color-5)","background-image":"","background-repeat":"repeat","background-position":"center center","background-size":"auto","background-attachment":"scroll","background-type":"","background-media":"","overlay-type":"","overlay-color":"","overlay-opacity":"","overlay-gradient":""},"tablet":{"background-color":"var(--ast-global-color-5)","background-image":"","background-repeat":"repeat","background-position":"center center","background-size":"auto","background-attachment":"scroll","background-type":"","background-media":"","overlay-type":"","overlay-color":"","overlay-opacity":"","overlay-gradient":""},"mobile":{"background-color":"var(--ast-global-color-5)","background-image":"","background-repeat":"repeat","background-position":"center center","background-size":"auto","background-attachment":"scroll","background-type":"","background-media":"","overlay-type":"","overlay-color":"","overlay-opacity":"","overlay-gradient":""}},"footnotes":""},"categories":[8],"tags":[26371,26992,5533,26993],"class_list":["post-78630","post","type-post","status-publish","format-standard","has-post-thumbnail","hentry","category-noticias","tag-casa-de-la-cultura","tag-festival-monologos","tag-inbal","tag-una-sola-voz"],"_links":{"self":[{"href":"https:\/\/losperiodistas.com.mx\/portal\/wp-json\/wp\/v2\/posts\/78630","targetHints":{"allow":["GET"]}}],"collection":[{"href":"https:\/\/losperiodistas.com.mx\/portal\/wp-json\/wp\/v2\/posts"}],"about":[{"href":"https:\/\/losperiodistas.com.mx\/portal\/wp-json\/wp\/v2\/types\/post"}],"author":[{"embeddable":true,"href":"https:\/\/losperiodistas.com.mx\/portal\/wp-json\/wp\/v2\/users\/1"}],"replies":[{"embeddable":true,"href":"https:\/\/losperiodistas.com.mx\/portal\/wp-json\/wp\/v2\/comments?post=78630"}],"version-history":[{"count":1,"href":"https:\/\/losperiodistas.com.mx\/portal\/wp-json\/wp\/v2\/posts\/78630\/revisions"}],"predecessor-version":[{"id":78635,"href":"https:\/\/losperiodistas.com.mx\/portal\/wp-json\/wp\/v2\/posts\/78630\/revisions\/78635"}],"wp:featuredmedia":[{"embeddable":true,"href":"https:\/\/losperiodistas.com.mx\/portal\/wp-json\/wp\/v2\/media\/78631"}],"wp:attachment":[{"href":"https:\/\/losperiodistas.com.mx\/portal\/wp-json\/wp\/v2\/media?parent=78630"}],"wp:term":[{"taxonomy":"category","embeddable":true,"href":"https:\/\/losperiodistas.com.mx\/portal\/wp-json\/wp\/v2\/categories?post=78630"},{"taxonomy":"post_tag","embeddable":true,"href":"https:\/\/losperiodistas.com.mx\/portal\/wp-json\/wp\/v2\/tags?post=78630"}],"curies":[{"name":"wp","href":"https:\/\/api.w.org\/{rel}","templated":true}]}}