{"id":78613,"date":"2024-07-03T18:11:40","date_gmt":"2024-07-03T23:11:40","guid":{"rendered":"http:\/\/losperiodistas.com.mx\/portal\/?p=78613"},"modified":"2024-07-03T23:18:13","modified_gmt":"2024-07-04T04:18:13","slug":"aunque-equipo-de-biden-sugiere-siga-como-candidato-existen-caminos-para-un-reemplazo","status":"publish","type":"post","link":"https:\/\/losperiodistas.com.mx\/portal\/aunque-equipo-de-biden-sugiere-siga-como-candidato-existen-caminos-para-un-reemplazo\/","title":{"rendered":"Aunque el equipo de Biden sugiere siga como candidato, existen caminos para un reemplazo si decide retirarse | Telemundo"},"content":{"rendered":"\n<p>El presidente se reunir\u00e1 con los gobernadores este mi\u00e9rcoles, mientras crece la preocupaci\u00f3n en el Partido Dem\u00f3crata sobre el futuro de su campa\u00f1a.<\/p>\n\n\n\n<figure class=\"wp-block-image size-large\"><img fetchpriority=\"high\" decoding=\"async\" width=\"1024\" height=\"667\" src=\"https:\/\/losperiodistas.com.mx\/portal\/wp-content\/uploads\/2024\/07\/Captura-de-pantalla-2024-07-03-170812-1024x667.png\" alt=\"Presidente Joe Biden\" class=\"wp-image-78614\" srcset=\"https:\/\/losperiodistas.com.mx\/portal\/wp-content\/uploads\/2024\/07\/Captura-de-pantalla-2024-07-03-170812-1024x667.png 1024w, https:\/\/losperiodistas.com.mx\/portal\/wp-content\/uploads\/2024\/07\/Captura-de-pantalla-2024-07-03-170812-300x195.png 300w, https:\/\/losperiodistas.com.mx\/portal\/wp-content\/uploads\/2024\/07\/Captura-de-pantalla-2024-07-03-170812-768x500.png 768w, https:\/\/losperiodistas.com.mx\/portal\/wp-content\/uploads\/2024\/07\/Captura-de-pantalla-2024-07-03-170812.png 1112w\" sizes=\"(max-width: 1024px) 100vw, 1024px\" \/><figcaption>El presidente, Joe Biden, habla desde la Casa Blanca el 1 de junio de 2024. Associated Press.<\/figcaption><\/figure>\n\n\n\n<p class=\"has-vivid-red-color has-text-color\">Jonathan Allen \/ Carol E. Lee \/ Natasha Korecki \/ NBC News<\/p>\n\n\n\n<p>Mientras la campa\u00f1a del presidente, Joe Biden, trata de calmar los nerviosos dem\u00f3cratas, el Comit\u00e9 Nacional Dem\u00f3crata (NDC, en ingl\u00e9s) est\u00e1 distribuyendo directivas que sugieren de forma enga\u00f1osa, seg\u00fan algunas fuentes, que no existe un procedimiento para sustituir al candidato del partido y ocultan un posible camino a seguir si el mandatario decidiera hacerse a un lado.<\/p>\n\n\n\n<p>\u201cJoe Biden ser\u00e1 el candidato del Partido Dem\u00f3crata a la presidencia\u201d, aseguran las directivas, seg\u00fan una copia facilitada por una fuente que las recibi\u00f3. \u201cCualquier otra discusi\u00f3n es una distracci\u00f3n y las convenciones \u2018negociadas\u2019 son cosa del pasado\u201d.<\/p>\n\n\n\n<p><strong>\u201cLa \u00fanica persona elegible para la nominaci\u00f3n es Joe Biden\u201d<\/strong>, aseguraron.<\/p>\n\n\n\n<p>Biden se ha mostrado firme en sus aseveraciones de que se mantendr\u00e1 en la batalla, y las directivas, denominadas <em>Talking Points for Convention Nomination Rules<\/em> (Puntos de debate sobre las Reglas de Nominaci\u00f3n en la Convenci\u00f3n) que est\u00e1n circulando dentro del partido son en su mayor\u00eda exactas, hasta que termine la convenci\u00f3n del partido en agosto.<\/p>\n\n\n\n<p>Pero el estado en que est\u00e1n las normas del partido en estos momentos, seg\u00fan tres personas familiarizadas con las mismas y con el documento del DNC de 2022, en el que se describen los procedimientos para la convenci\u00f3n, <strong>existe un proceso para sustituir a Biden <\/strong>si \u00e9ste decide voluntariamente apartarse tras la conclusi\u00f3n de la convenci\u00f3n el 22 de agosto.<\/p>\n\n\n\n<p>Seg\u00fan la norma vigente, el presidente del Comit\u00e9 Nacional Dem\u00f3crata, Jamie Harrison, nombrar\u00eda a un nuevo candidato, en consulta con el l\u00edder de la mayor\u00eda en el Senado, Chuck Schumer, dem\u00f3crata de Nueva York; el l\u00edder de la minor\u00eda en la C\u00e1mara de Representantes, Hakeem Jeffries, dem\u00f3crata por Nueva York; y el presidente de la Asociaci\u00f3n de Gobernadores Dem\u00f3cratas, Tim Walz, de Minnesota. Su candidatura ser\u00eda presentada a miembros del DNC \u2013un grupo de l\u00edderes del partido mucho m\u00e1s peque\u00f1o y elitista que los delegados de la convenci\u00f3n\u2013 para ser ratificada o rechazada.<\/p>\n\n\n\n<p>Se espera que su nombramiento se produzca antes, durante una votaci\u00f3n nominal virtual de las delegaciones estatales a finales de julio o principios de agosto. Tambi\u00e9n se espera que el comit\u00e9 de reglas de la convenci\u00f3n fije una fecha para ello en su reuni\u00f3n del 19 de julio.\u00a0<\/p>\n\n\n\n<figure class=\"wp-block-image size-large\"><img decoding=\"async\" width=\"1024\" height=\"592\" src=\"https:\/\/losperiodistas.com.mx\/portal\/wp-content\/uploads\/2024\/07\/Captura-de-pantalla-2024-07-03-221350-1024x592.png\" alt=\"\" class=\"wp-image-78640\" srcset=\"https:\/\/losperiodistas.com.mx\/portal\/wp-content\/uploads\/2024\/07\/Captura-de-pantalla-2024-07-03-221350-1024x592.png 1024w, https:\/\/losperiodistas.com.mx\/portal\/wp-content\/uploads\/2024\/07\/Captura-de-pantalla-2024-07-03-221350-300x174.png 300w, https:\/\/losperiodistas.com.mx\/portal\/wp-content\/uploads\/2024\/07\/Captura-de-pantalla-2024-07-03-221350-768x444.png 768w, https:\/\/losperiodistas.com.mx\/portal\/wp-content\/uploads\/2024\/07\/Captura-de-pantalla-2024-07-03-221350.png 1224w\" sizes=\"(max-width: 1024px) 100vw, 1024px\" \/><\/figure>\n\n\n\n<p>La campa\u00f1a de Biden quiere que todo el mundo piense que \u201creinar\u00eda el caos\u201d si el presidente se hiciera a un lado, afirm\u00f3 una persona familiarizada con el proceso del DNC. \u201cPor eso no admiten que existe una regla\u201d.<\/p>\n\n\n\n<p>Un funcionario del Partido Dem\u00f3crata en un estado consider\u00f3 que las directrices \u201cson m\u00e1s que j&#8230;\u201d.<\/p>\n\n\n\n<p>\u201c<strong>Esto es lo que hacen los republicanos MAGA, no nosotros<\/strong>. El DNC necesita controlarse\u201d, coment\u00f3 la persona.<\/p>\n\n\n\n<p>\u201cLas primarias han terminado, y en todos los estados la voluntad de los votantes dem\u00f3cratas fue clara: Joe Biden ser\u00e1 el candidato del Partido Dem\u00f3crata a la presidencia. Los delegados est\u00e1n comprometidos para reflejar el sentimiento de los votantes, y m\u00e1s del 99% de los delegados ya est\u00e1n comprometidos con Joe Biden de cara a nuestra convenci\u00f3n\u201d, coment\u00f3 Harrison en un comunicado.<\/p>\n\n\n\n<p>La campa\u00f1a de Biden no respondi\u00f3 inmediatamente a una petici\u00f3n de comentarios.<\/p>\n\n\n\n<p>Los dem\u00f3cratas han estado agonizando sobre la idoneidad de Biden para ser el candidato desde su desafortunada actuaci\u00f3n en el debate del pasado jueves, cuando luch\u00f3 repetidamente por presentar argumentos convincentes y a menudo parec\u00eda perdido. Un pu\u00f1ado de ellos ha pedido a Biden que se haga a un lado con el fin de preservar o mejorar sus posibilidades de derrotar al expresidente Donald Trump y ganar las mayor\u00edas en la C\u00e1mara y el Senado.<\/p>\n\n\n\n<iframe width=\"560\" height=\"315\" src=\"https:\/\/www.youtube.com\/embed\/mq2-btnlEjQ?si=cJdWfNPU1Hs__wSS\" title=\"YouTube video player\" frameborder=\"0\" allow=\"accelerometer; autoplay; clipboard-write; encrypted-media; gyroscope; picture-in-picture; web-share\" referrerpolicy=\"strict-origin-when-cross-origin\" allowfullscreen><\/iframe>\n\n\n\n<p>Basados en las normas de la Comisi\u00f3n Federal Electoral que rigen c\u00f3mo puede ser transferido el dinero si hay un candidato sustituto, las normas del DNC y en la idea de que una lucha pondr\u00eda en peligro el apoyo de los votantes negros y las mujeres, la mayor\u00eda de los conocedores dem\u00f3cratas consideran que es dif\u00edcil ver c\u00f3mo alguien que no sea la vicepresidenta <a href=\"https:\/\/www.telemundo.com\/noticias\/noticias-telemundo-en-la-noche\/elecciones-estados-unidos-2024\/video\/aseguran-que-hay-otras-opciones-de-candidatos-como-kamala-harris-para-sustituir-biden-tmvo12696791\" target=\"_blank\" rel=\"noreferrer noopener\">Kamala Harris acabar\u00eda siendo la nominada<\/a> si no es Biden.<\/p>\n\n\n\n<p>Antes de la convenci\u00f3n, varios miles de delegados electos a la convenci\u00f3n \u2013casi todos comprometidos con Biden\u2013 <strong>tienen el poder de elegir al nominado del partido<\/strong>.<\/p>\n\n\n\n<p>\u201cComo no hubo oponente en las primarias, la abrumadora mayor\u00eda de los delegados electos son de Biden [&#8230;] as\u00ed que en la primera votaci\u00f3n \u00e9l ser\u00eda el nominado\u201d, explic\u00f3 un miembro del DNC. Pero, seg\u00fan este miembro, eso cambiar\u00eda si Biden dejara vacante la nominaci\u00f3n tras recibirla.<\/p>\n\n\n\n<p>\u201cEn el caso de que se produzca ese momento hist\u00f3rico, los miembros del DNC elegir\u00edan al nominado por el partido\u201d, ampli\u00f3.<\/p>\n\n\n\n<iframe width=\"560\" height=\"315\" src=\"https:\/\/www.youtube.com\/embed\/tE-aaU4eyf0?si=O685COdQTyO-IaNV\" title=\"YouTube video player\" frameborder=\"0\" allow=\"accelerometer; autoplay; clipboard-write; encrypted-media; gyroscope; picture-in-picture; web-share\" referrerpolicy=\"strict-origin-when-cross-origin\" allowfullscreen><\/iframe>\n\n\n\n<p>Tambi\u00e9n sigue siendo posible que los delegados a la convenci\u00f3n cambien las reglas durante el evento, que se celebra despu\u00e9s de la nominaci\u00f3n mediante una votaci\u00f3n nominal virtual.<\/p>\n\n\n\n<p>\u201cTodo esto podr\u00eda hacer que la convenci\u00f3n fuera m\u00e1s ordenada\u201d, si Biden es nominado a trav\u00e9s de la votaci\u00f3n nominal virtual y luego libera a sus delegados antes de la convenci\u00f3n real y Harrison aplica la regla.<\/p>\n\n\n\n<p>Pero tambi\u00e9n existe la posibilidad de que sea contraproducente para algunos miembros del partido, que consideran que deber\u00eda haber una convenci\u00f3n abierta.<\/p>\n\n\n\n<p>\u201cSe podr\u00eda argumentar que tampoco se quiere coordinaci\u00f3n en ese momento porque eso podr\u00eda ser contraproducente luego\u201d, explic\u00f3 la fuente.<\/p>\n\n\n\n<p>Los expertos en leyes de financiaci\u00f3n de campa\u00f1as afirman que<strong> es probable que el dinero de la campa\u00f1a de Biden pueda ser transferido a Harris<\/strong> porque ella es su compa\u00f1era de f\u00f3rmula y aparece como tal en los registros de la FEC. Pero cualquier otro candidato probablemente tendr\u00eda que recaudar nuevos fondos para su campa\u00f1a.<\/p>\n\n\n\n<p>Hay otras complicaciones para cualquier escenario que no incluya a Biden como candidato: La impresi\u00f3n de las boletas est\u00e1 regida por las leyes de 50 estados, y eso podr\u00eda hacer dif\u00edcil incluir a un nuevo candidato en algunas de esas papeletas.<\/p>\n\n\n\n<iframe src=\"https:\/\/www.facebook.com\/plugins\/video.php?height=314&#038;href=https%3A%2F%2Fwww.facebook.com%2FNoticiasTelemundo%2Fvideos%2F332656799894807%2F&#038;show_text=false&#038;width=560&#038;t=0\" width=\"560\" height=\"314\" style=\"border:none;overflow:hidden\" scrolling=\"no\" frameborder=\"0\" allowfullscreen=\"true\" allow=\"autoplay; clipboard-write; encrypted-media; picture-in-picture; web-share\" allowFullScreen=\"true\"><\/iframe>\n\n\n\n<p>A\u00fan as\u00ed, la campa\u00f1a de Biden y sus aliados est\u00e1n lo suficientemente preocupados por la discordia dentro del partido como para afirmar que Biden es el \u00fanico candidato que podr\u00eda llevar el estandarte del partido en noviembre.<\/p>\n\n\n\n<p>Al mismo tiempo, algunos dem\u00f3cratas destacados han hecho hincapi\u00e9 en los dos nombres de la candidatura \u2013Biden y Harris\u2013 en recientes entrevistas y han abierto la puerta a la idea de que la vicepresidenta podr\u00eda ser la candidata presidencial del partido.<\/p>\n\n\n\n<p><strong>\u201cSoy una persona Biden-Harris, no le doy la espalda a eso\u201d<\/strong>, afirm\u00f3 despu\u00e9s del debate el representante Jim Clyburn, dem\u00f3crata por Carolina del Sur, cuyo respaldo ayud\u00f3 a impulsar el apoyo de Biden entre los votantes negros en las primarias de 2020. \u201cEstoy a favor de Biden-Harris. Voy a respaldar a Biden si Harris no est\u00e1 y har\u00e9 los mismo con Harris si falta Biden\u201d.<\/p>\n\n\n\n<p>Fuente: <a href=\"https:\/\/www.telemundo.com\/noticias\/noticias-telemundo\/elecciones-estados-unidos-2024\/aunque-el-equipo-de-biden-sugiere-que-seguira-como-candidato-existen-c-rcna160273\">Telemundo<\/a><\/p>\n\n\n\n<p> <\/p>\n","protected":false},"excerpt":{"rendered":"<p>El presidente se reunir\u00e1 con los gobernadores este mi\u00e9rcoles, mientras crece la preocupaci\u00f3n en el Partido Dem\u00f3crata sobre el futuro de su campa\u00f1a.<\/p>\n","protected":false},"author":1,"featured_media":78614,"comment_status":"open","ping_status":"open","sticky":false,"template":"","format":"standard","meta":{"site-sidebar-layout":"default","site-content-layout":"","ast-site-content-layout":"default","site-content-style":"default","site-sidebar-style":"default","ast-global-header-display":"","ast-banner-title-visibility":"","ast-main-header-display":"","ast-hfb-above-header-display":"","ast-hfb-below-header-display":"","ast-hfb-mobile-header-display":"","site-post-title":"","ast-breadcrumbs-content":"","ast-featured-img":"","footer-sml-layout":"","theme-transparent-header-meta":"","adv-header-id-meta":"","stick-header-meta":"","header-above-stick-meta":"","header-main-stick-meta":"","header-below-stick-meta":"","astra-migrate-meta-layouts":"default","ast-page-background-enabled":"default","ast-page-background-meta":{"desktop":{"background-color":"var(--ast-global-color-4)","background-image":"","background-repeat":"repeat","background-position":"center center","background-size":"auto","background-attachment":"scroll","background-type":"","background-media":"","overlay-type":"","overlay-color":"","overlay-opacity":"","overlay-gradient":""},"tablet":{"background-color":"","background-image":"","background-repeat":"repeat","background-position":"center center","background-size":"auto","background-attachment":"scroll","background-type":"","background-media":"","overlay-type":"","overlay-color":"","overlay-opacity":"","overlay-gradient":""},"mobile":{"background-color":"","background-image":"","background-repeat":"repeat","background-position":"center center","background-size":"auto","background-attachment":"scroll","background-type":"","background-media":"","overlay-type":"","overlay-color":"","overlay-opacity":"","overlay-gradient":""}},"ast-content-background-meta":{"desktop":{"background-color":"var(--ast-global-color-5)","background-image":"","background-repeat":"repeat","background-position":"center center","background-size":"auto","background-attachment":"scroll","background-type":"","background-media":"","overlay-type":"","overlay-color":"","overlay-opacity":"","overlay-gradient":""},"tablet":{"background-color":"var(--ast-global-color-5)","background-image":"","background-repeat":"repeat","background-position":"center center","background-size":"auto","background-attachment":"scroll","background-type":"","background-media":"","overlay-type":"","overlay-color":"","overlay-opacity":"","overlay-gradient":""},"mobile":{"background-color":"var(--ast-global-color-5)","background-image":"","background-repeat":"repeat","background-position":"center center","background-size":"auto","background-attachment":"scroll","background-type":"","background-media":"","overlay-type":"","overlay-color":"","overlay-opacity":"","overlay-gradient":""}},"footnotes":""},"categories":[8],"tags":[26711,696,13733],"class_list":["post-78613","post","type-post","status-publish","format-standard","has-post-thumbnail","hentry","category-noticias","tag-elecciones-ee-uu","tag-joe-biden","tag-partido-democrata"],"_links":{"self":[{"href":"https:\/\/losperiodistas.com.mx\/portal\/wp-json\/wp\/v2\/posts\/78613","targetHints":{"allow":["GET"]}}],"collection":[{"href":"https:\/\/losperiodistas.com.mx\/portal\/wp-json\/wp\/v2\/posts"}],"about":[{"href":"https:\/\/losperiodistas.com.mx\/portal\/wp-json\/wp\/v2\/types\/post"}],"author":[{"embeddable":true,"href":"https:\/\/losperiodistas.com.mx\/portal\/wp-json\/wp\/v2\/users\/1"}],"replies":[{"embeddable":true,"href":"https:\/\/losperiodistas.com.mx\/portal\/wp-json\/wp\/v2\/comments?post=78613"}],"version-history":[{"count":4,"href":"https:\/\/losperiodistas.com.mx\/portal\/wp-json\/wp\/v2\/posts\/78613\/revisions"}],"predecessor-version":[{"id":78641,"href":"https:\/\/losperiodistas.com.mx\/portal\/wp-json\/wp\/v2\/posts\/78613\/revisions\/78641"}],"wp:featuredmedia":[{"embeddable":true,"href":"https:\/\/losperiodistas.com.mx\/portal\/wp-json\/wp\/v2\/media\/78614"}],"wp:attachment":[{"href":"https:\/\/losperiodistas.com.mx\/portal\/wp-json\/wp\/v2\/media?parent=78613"}],"wp:term":[{"taxonomy":"category","embeddable":true,"href":"https:\/\/losperiodistas.com.mx\/portal\/wp-json\/wp\/v2\/categories?post=78613"},{"taxonomy":"post_tag","embeddable":true,"href":"https:\/\/losperiodistas.com.mx\/portal\/wp-json\/wp\/v2\/tags?post=78613"}],"curies":[{"name":"wp","href":"https:\/\/api.w.org\/{rel}","templated":true}]}}