{"id":78599,"date":"2024-07-03T13:08:05","date_gmt":"2024-07-03T18:08:05","guid":{"rendered":"https:\/\/losperiodistas.com.mx\/portal\/?p=78599"},"modified":"2024-07-03T13:08:35","modified_gmt":"2024-07-03T18:08:35","slug":"marine-le-pen-sus-dos-divorcios-los-conflictos-con-sus-padres-sus-tres-hijos-y-su-inesperada-companera-de-piso","status":"publish","type":"post","link":"https:\/\/losperiodistas.com.mx\/portal\/marine-le-pen-sus-dos-divorcios-los-conflictos-con-sus-padres-sus-tres-hijos-y-su-inesperada-companera-de-piso\/","title":{"rendered":"Marine Le Pen: sus dos divorcios, los conflictos con sus padres, sus tres hijos y su inesperada compa\u00f1era de piso | VozP\u00f3puli"},"content":{"rendered":"\n<h2 class=\"has-pale-cyan-blue-background-color has-background has-medium-font-size wp-block-heading\">Dispuesta a convertirse en presidenta de Francia, Marine Le Pen acapara todas las miradas a la espera de la segunda vuelta de las elecciones. Descubrimos los detalles menos conocidos de la l\u00edder del partido ultraderechista Agrupaci\u00f3n Nacional<\/h2>\n\n\n\n<figure class=\"wp-block-image\"><img decoding=\"async\" src=\"https:\/\/media.vozpopuli.com\/2024\/07\/marine-le-pen-divorcios-hijos-padres-companera-piso-ingrid-1024x576.jpg\" alt=\"Marine Le Pen\"\/><figcaption>As\u00ed es Marine Le Pen, la l\u00edder del partido ultraderechista Agrupaci\u00f3n Nacional.&nbsp;<strong>INSTAGRAM<\/strong><\/figcaption><\/figure>\n\n\n\n<p class=\"has-vivid-red-color has-text-color has-medium-font-size\"><strong><a href=\"https:\/\/www.vozpopuli.com\/redaccion\/patricia-nunez\">Patricia N\u00fa\u00f1ez<\/a> \/ VOZP\u00d3PULI<\/strong><\/p>\n\n\n\n<p>Francia se prepara para la segunda vuelta de las legislativas que se celebrar\u00e1 el pr\u00f3ximo 7 de julio. Unas agitadas elecciones tras<strong>&nbsp;<a href=\"https:\/\/www.vozpopuli.com\/internacional\/partido-marine-le-pen-rn-gana-primera-vuelta-elecciones-legislativas-francia-segun-sondeos.html\">la destacada victoria del pasado domingo de la Agrupaci\u00f3n Nacional de Marine Le Pen<\/a>,<\/strong>&nbsp;que busca todo los apoyos posibles para formar Gobierno.<\/p>\n\n\n\n<p>Aunque los sondeos acercan la victoria a Marine Le Pen, todav\u00eda hay que esperar para ver qui\u00e9n se instalar\u00e1 en el Palacio del El\u00edseo. Una batalla que tras a\u00f1os luchando, podr\u00eda conseguir la l\u00edder del partido ultraderechista&nbsp;<strong>convirti\u00e9ndose en la nueva presidenta de la Rep\u00fablica de Francia.<\/strong><\/p>\n\n\n\n<p>Eso s\u00ed, a pesar de llevar a\u00f1os en la pol\u00edtica, Marine Le Pen ha intentado llevar con mucha discreci\u00f3n su vida privada. Descubrimos\u00a0<strong>los detalles m\u00e1s desconocidos de la vida de la l\u00edder de Agrupaci\u00f3n Nacional,<\/strong>\u00a0quien parece m\u00e1s cerca que nunca de conseguir su objetivo, la presidencia de su pa\u00eds.<\/p>\n\n\n\n<figure class=\"wp-block-image size-large\"><img fetchpriority=\"high\" decoding=\"async\" width=\"1024\" height=\"795\" src=\"https:\/\/losperiodistas.com.mx\/portal\/wp-content\/uploads\/2024\/07\/Captura-de-Pantalla-2024-07-03-a-las-11.55.37-1024x795.jpg\" alt=\"\" class=\"wp-image-78601\" srcset=\"https:\/\/losperiodistas.com.mx\/portal\/wp-content\/uploads\/2024\/07\/Captura-de-Pantalla-2024-07-03-a-las-11.55.37-1024x795.jpg 1024w, https:\/\/losperiodistas.com.mx\/portal\/wp-content\/uploads\/2024\/07\/Captura-de-Pantalla-2024-07-03-a-las-11.55.37-300x233.jpg 300w, https:\/\/losperiodistas.com.mx\/portal\/wp-content\/uploads\/2024\/07\/Captura-de-Pantalla-2024-07-03-a-las-11.55.37-768x597.jpg 768w, https:\/\/losperiodistas.com.mx\/portal\/wp-content\/uploads\/2024\/07\/Captura-de-Pantalla-2024-07-03-a-las-11.55.37.jpg 1084w\" sizes=\"(max-width: 1024px) 100vw, 1024px\" \/><figcaption>V<a href=\"https:\/\/www.instagram.com\/p\/C82nWNROOLg\/?utm_source=ig_web_copy_link\">ER EN INSTAGRAM<\/a> <\/figcaption><\/figure>\n\n\n\n<h2 class=\"wp-block-heading\"><strong>Su familia y sus conflictos con sus padres<\/strong><\/h2>\n\n\n\n<p>Marion Anne Perrine Le Pen, m\u00e1s conocida como Marine Le Pen, naci\u00f3 en Neuilly-sur-Seine, Francia, el 5 de agosto de 1968, por lo que<strong>&nbsp;tiene 55 a\u00f1os<\/strong>.&nbsp;<strong>Es la menor de los tres hijos que tuvo Jean-Marie Le Pen, fundador del Frente Nacional,<\/strong>&nbsp;partido que actualmente ella lidera bajo el nombre de Agrupaci\u00f3n Nacional, y su primera mujer, Pierrette Lalanne, con quienes la relaci\u00f3n nunca fue f\u00e1cil.<\/p>\n\n\n\n<p>Tal y como desvel\u00f3 el propio Jean-Marie, su mujer abandon\u00f3 a su familia antes de que Marine Le Pen cumpliera la mayor\u00eda de edad, march\u00e1ndose con Jean Marcilly, un periodista que iba a escribir una biograf\u00eda del pol\u00edtico. En 1984,&nbsp;<strong>Pierrette Lalanne solicit\u00f3 el divorcio y sus tres hijas se quedaron con su padre,<\/strong>&nbsp;quien no le concedi\u00f3 una pensi\u00f3n compensatoria, se\u00f1al\u00e1ndole \u201cponte a trabajar de sirvienta\u201d.<\/p>\n\n\n\n<p>Una declaraci\u00f3n que llev\u00f3 a Pierrette Lalanne a responder p\u00fablicamente&nbsp;<strong>posando para la revista \u2018Playboy\u2019<\/strong>&nbsp;bajo el titular \u2018La se\u00f1ora Le Pen hace las tareas del hogar\u2019. Una provocaci\u00f3n que, como era de esperar, que caus\u00f3 un gran revuelo medi\u00e1tico y pol\u00edtico en Francia.<\/p>\n\n\n\n<p>Tras la separaci\u00f3n de sus padres,&nbsp;<strong>la relaci\u00f3n de Marine Le Pen con su madre se rompi\u00f3 y estuvieron 15 a\u00f1os sin hablarse.<\/strong>&nbsp;A d\u00eda de hoy, la relaci\u00f3n es buena y Pierrette es uno de los grandes apoyos de su hija.<\/p>\n\n\n\n<p>La relaci\u00f3n con su padre tampoco ha sido f\u00e1cil. Durante toda su vida, Marine Le Pen ha vivido a la sombra de Jean-Marie Le Pen, a quien&nbsp;<strong>lleg\u00f3 a expulsar del partido pol\u00edtico que fund\u00f3 tras unas escandalosas declaraciones&nbsp;<\/strong>en las que asegur\u00f3 que las c\u00e1maras de gas solo fueron \u201cun detalle\u201d de la historia de la Segunda Guerra Mundial.<\/p>\n\n\n\n<p>Adem\u00e1s, tras su llegada al Frente Nacional, Marine Le Pen intent\u00f3 suavizar la imagen del partido, lo que provoc\u00f3 una<strong>&nbsp;evidente tensi\u00f3n con su padre<\/strong>&nbsp;de quien se\u00f1al\u00f3 en su biograf\u00eda que \u201cnunca se comport\u00f3 como un padre\u201d.<\/p>\n\n\n\n<figure class=\"wp-block-image\"><img decoding=\"async\" src=\"https:\/\/media.vozpopuli.com\/2024\/07\/marine-le-pen-padre-jean-marie-1024x576.jpg\" alt=\"Marine Le Pen y Jean-Marie Le Pen\" class=\"wp-image-2926435\"\/><figcaption>Marine Le Pen y su padre, Jean-Marie Le Pen.<strong>EUROPA PRESS<\/strong><\/figcaption><\/figure>\n\n\n\n<p>La pol\u00edtica siempre ha sido uno m\u00e1s en la familia de Marine Le Pen, cuya sobrina,&nbsp;<strong><a href=\"https:\/\/www.vozpopuli.com\/internacional\/reconquista-implosiona-zemmour-excluye-marion-marechal-une-tia-marine-le-pen.html\">Marion Mar\u00e9chal<\/a>,<\/strong>&nbsp;tambi\u00e9n ha acaparado titulares en los \u00faltimos tiempos. Tras romper pol\u00edticamente con su t\u00eda al irse de Agrupaci\u00f3n Nacional y apoyar a \u00c9ric Zemmour en su candidatura al El\u00edseo, hace unas semanas, Mar\u00e9chal se desvinculaba p\u00fablicamente con el partido Reconquista&nbsp;<strong>para apoyar al bloque de Le Pen de cara a las actuales elecciones.<\/strong><\/p>\n\n\n\n<h2 class=\"wp-block-heading\"><strong>Sus estudios y su carrera pol\u00edtica<\/strong><\/h2>\n\n\n\n<p>Marie Le Pen estudio en Lyc\u00e9e Florent Schmitt y&nbsp;<strong>se licenci\u00f3 en Derecho, con especialidad en Derecho Penal,&nbsp;<\/strong>en la Universidad Panth\u00e9on-Assas. Durante varios a\u00f1os, trabajo en Par\u00eds como abogada, y en el a\u00f1o 1998 ingres\u00f3 en el partido liderado por su padre.<\/p>\n\n\n\n<p>En los a\u00f1os posteriores, ascendi\u00f3 en sus filas y en 2004 logr\u00f3 un esca\u00f1o en el Parlamento europeo.&nbsp;<strong>En el a\u00f1o 2011, Marine Le Pen fue proclamada como nueva l\u00edder del Frente Nacional,<\/strong>&nbsp;y un a\u00f1o despu\u00e9s, concurri\u00f3 a sus primeras elecciones por la presidencia de Francia. En 2018 rebautiz\u00f3 la formaci\u00f3n como Agrupaci\u00f3n Nacional.<\/p>\n\n\n\n<h2 class=\"wp-block-heading\"><strong>Sus dos divorcios y sus tres hijos<\/strong><\/h2>\n\n\n\n<p>En el a\u00f1o 1995,&nbsp;<strong>Marine Le Pen se cas\u00f3 con Franck Chauffroy,<\/strong>&nbsp;un empresario que trabaj\u00f3 para el Frente Nacional, y con el que&nbsp;<strong>tuvo a sus tres hijos:<\/strong>&nbsp;Jehanne, de 24 a\u00f1os; y los mellizos Mathilde y Louis, de 23. Se divorciaron en el a\u00f1o 2000.<\/p>\n\n\n\n<p>Dos a\u00f1os despu\u00e9s, la pol\u00edtica\u00a0<strong>celebr\u00f3 su boda con \u00c9ric Iorio,<\/strong>\u00a0exsecretario de Frente Nacional, con quien estuvo casada hasta 2006.\u00a0<strong>En el 2009 se conoci\u00f3 la relaci\u00f3n de Marine Le Pen con Louis Aliot,<\/strong>\u00a0tambi\u00e9n ligado al partido que ella lidera y actual alcalde de Perpi\u00f1\u00e1n, con quien rompi\u00f3 tres a\u00f1os despu\u00e9s. Desde entonces, nada se sabe de su vida sentimental.<\/p>\n\n\n\n<figure class=\"wp-block-image size-large\"><img decoding=\"async\" width=\"759\" height=\"1024\" src=\"https:\/\/losperiodistas.com.mx\/portal\/wp-content\/uploads\/2024\/07\/Captura-de-Pantalla-2024-07-03-a-las-11.58.59-759x1024.jpg\" alt=\"\" class=\"wp-image-78602\" srcset=\"https:\/\/losperiodistas.com.mx\/portal\/wp-content\/uploads\/2024\/07\/Captura-de-Pantalla-2024-07-03-a-las-11.58.59-759x1024.jpg 759w, https:\/\/losperiodistas.com.mx\/portal\/wp-content\/uploads\/2024\/07\/Captura-de-Pantalla-2024-07-03-a-las-11.58.59-222x300.jpg 222w, https:\/\/losperiodistas.com.mx\/portal\/wp-content\/uploads\/2024\/07\/Captura-de-Pantalla-2024-07-03-a-las-11.58.59-768x1036.jpg 768w, https:\/\/losperiodistas.com.mx\/portal\/wp-content\/uploads\/2024\/07\/Captura-de-Pantalla-2024-07-03-a-las-11.58.59.jpg 1076w\" sizes=\"(max-width: 759px) 100vw, 759px\" \/><figcaption><a href=\"https:\/\/www.instagram.com\/p\/C53RfQ5CZ7o\/?utm_source=ig_web_copy_link\">VER EN INSTAGRAM<\/a><\/figcaption><\/figure>\n\n\n\n<h2 class=\"wp-block-heading\"><strong>La casa en la que vive Marine Le Pen y su sorprendente compa\u00f1era de piso<\/strong><\/h2>\n\n\n\n<p>Desde hace a\u00f1os,&nbsp;<strong>Marine Le Pen vive en una tranquila mansi\u00f3n en La Celle-Saint-Cloud<\/strong>, una de las zonas m\u00e1s ricas del extrarradio de Par\u00eds. All\u00ed, tal y como se\u00f1ala \u2018<a href=\"https:\/\/www.elmundo.es\/\" target=\"_blank\" rel=\"noreferrer noopener\">El Mundo<\/a>\u2019,&nbsp;<strong>disfruta de su pasi\u00f3n por la jardiner\u00eda<\/strong>, \u201cplantando fresas y viendo brotar frambuesas\u201d.<\/p>\n\n\n\n<p><strong>Junto a ella, vive Ingrid, una amiga de la infancia que se instal\u00f3 en su casa hace siete a\u00f1os<\/strong>, y con quien se lleva a las mil maravillas. As\u00ed lo desvel\u00f3 la pol\u00edtica a finales de 2021 en un programa de televisi\u00f3n: \u201cIngrid vivi\u00f3 un momento muy duro de su vida y la invit\u00e9 a vivir conmigo.&nbsp;<strong>\u00bfPor qu\u00e9 vivir sola si puedo hacerlo con una compa\u00f1era?&nbsp;<\/strong>Tiene hijos en la edad de los m\u00edos, nos unen muchas cosas y hemos encontrado el equilibrio\u201d.<\/p>\n\n\n\n<p>\u201cAqu\u00ed no hay hombres, solo mujeres.\u00a0<strong>La diferencia de vivir con una compa\u00f1era en vez de hacerlo con un t\u00edo es que, al menos, no discutimos\u201d<\/strong>\u00a0se\u00f1al\u00f3 Marine Le Pen sobre su vida con Ingrid, quien se encarga de la cocina \u201cy del cuidado de las queridas ganas de su amiga\u201d, apunta el citado diario.<\/p>\n\n\n\n<figure class=\"wp-block-image size-large\"><img decoding=\"async\" width=\"760\" height=\"1024\" src=\"https:\/\/losperiodistas.com.mx\/portal\/wp-content\/uploads\/2024\/07\/Captura-de-Pantalla-2024-07-03-a-las-12.02.04-760x1024.jpg\" alt=\"\" class=\"wp-image-78603\" srcset=\"https:\/\/losperiodistas.com.mx\/portal\/wp-content\/uploads\/2024\/07\/Captura-de-Pantalla-2024-07-03-a-las-12.02.04-760x1024.jpg 760w, https:\/\/losperiodistas.com.mx\/portal\/wp-content\/uploads\/2024\/07\/Captura-de-Pantalla-2024-07-03-a-las-12.02.04-223x300.jpg 223w, https:\/\/losperiodistas.com.mx\/portal\/wp-content\/uploads\/2024\/07\/Captura-de-Pantalla-2024-07-03-a-las-12.02.04-768x1035.jpg 768w, https:\/\/losperiodistas.com.mx\/portal\/wp-content\/uploads\/2024\/07\/Captura-de-Pantalla-2024-07-03-a-las-12.02.04.jpg 1086w\" sizes=\"(max-width: 760px) 100vw, 760px\" \/><figcaption><a href=\"https:\/\/www.instagram.com\/p\/CxNjbGsophT\/?utm_source=ig_web_copy_link\">VER EN INSTAGRAM<\/a><\/figcaption><\/figure>\n\n\n\n<p>Fuente: <a href=\"https:\/\/www.vozpopuli.com\/dolcevita\/marine-le-pen-divorcios-hijos-padres-companera-piso-ingrid.html\">https:\/\/www.vozpopuli.com\/dolcevita\/marine-le-pen-divorcios-hijos-padres-companera-piso-ingrid.html<\/a><\/p>\n","protected":false},"excerpt":{"rendered":"<p>Dispuesta a convertirse en presidenta de Francia, Marine Le Pen acapara todas las miradas a la espera de la segunda [&hellip;]<\/p>\n","protected":false},"author":1,"featured_media":78604,"comment_status":"open","ping_status":"open","sticky":false,"template":"","format":"standard","meta":{"site-sidebar-layout":"default","site-content-layout":"","ast-site-content-layout":"default","site-content-style":"default","site-sidebar-style":"default","ast-global-header-display":"","ast-banner-title-visibility":"","ast-main-header-display":"","ast-hfb-above-header-display":"","ast-hfb-below-header-display":"","ast-hfb-mobile-header-display":"","site-post-title":"","ast-breadcrumbs-content":"","ast-featured-img":"","footer-sml-layout":"","theme-transparent-header-meta":"","adv-header-id-meta":"","stick-header-meta":"","header-above-stick-meta":"","header-main-stick-meta":"","header-below-stick-meta":"","astra-migrate-meta-layouts":"default","ast-page-background-enabled":"default","ast-page-background-meta":{"desktop":{"background-color":"var(--ast-global-color-4)","background-image":"","background-repeat":"repeat","background-position":"center center","background-size":"auto","background-attachment":"scroll","background-type":"","background-media":"","overlay-type":"","overlay-color":"","overlay-opacity":"","overlay-gradient":""},"tablet":{"background-color":"","background-image":"","background-repeat":"repeat","background-position":"center center","background-size":"auto","background-attachment":"scroll","background-type":"","background-media":"","overlay-type":"","overlay-color":"","overlay-opacity":"","overlay-gradient":""},"mobile":{"background-color":"","background-image":"","background-repeat":"repeat","background-position":"center center","background-size":"auto","background-attachment":"scroll","background-type":"","background-media":"","overlay-type":"","overlay-color":"","overlay-opacity":"","overlay-gradient":""}},"ast-content-background-meta":{"desktop":{"background-color":"var(--ast-global-color-5)","background-image":"","background-repeat":"repeat","background-position":"center center","background-size":"auto","background-attachment":"scroll","background-type":"","background-media":"","overlay-type":"","overlay-color":"","overlay-opacity":"","overlay-gradient":""},"tablet":{"background-color":"var(--ast-global-color-5)","background-image":"","background-repeat":"repeat","background-position":"center center","background-size":"auto","background-attachment":"scroll","background-type":"","background-media":"","overlay-type":"","overlay-color":"","overlay-opacity":"","overlay-gradient":""},"mobile":{"background-color":"var(--ast-global-color-5)","background-image":"","background-repeat":"repeat","background-position":"center center","background-size":"auto","background-attachment":"scroll","background-type":"","background-media":"","overlay-type":"","overlay-color":"","overlay-opacity":"","overlay-gradient":""}},"footnotes":""},"categories":[8],"tags":[26985,2187],"class_list":["post-78599","post","type-post","status-publish","format-standard","has-post-thumbnail","hentry","category-noticias","tag-frente-nacional","tag-marine-le-pen"],"_links":{"self":[{"href":"https:\/\/losperiodistas.com.mx\/portal\/wp-json\/wp\/v2\/posts\/78599","targetHints":{"allow":["GET"]}}],"collection":[{"href":"https:\/\/losperiodistas.com.mx\/portal\/wp-json\/wp\/v2\/posts"}],"about":[{"href":"https:\/\/losperiodistas.com.mx\/portal\/wp-json\/wp\/v2\/types\/post"}],"author":[{"embeddable":true,"href":"https:\/\/losperiodistas.com.mx\/portal\/wp-json\/wp\/v2\/users\/1"}],"replies":[{"embeddable":true,"href":"https:\/\/losperiodistas.com.mx\/portal\/wp-json\/wp\/v2\/comments?post=78599"}],"version-history":[{"count":2,"href":"https:\/\/losperiodistas.com.mx\/portal\/wp-json\/wp\/v2\/posts\/78599\/revisions"}],"predecessor-version":[{"id":78606,"href":"https:\/\/losperiodistas.com.mx\/portal\/wp-json\/wp\/v2\/posts\/78599\/revisions\/78606"}],"wp:featuredmedia":[{"embeddable":true,"href":"https:\/\/losperiodistas.com.mx\/portal\/wp-json\/wp\/v2\/media\/78604"}],"wp:attachment":[{"href":"https:\/\/losperiodistas.com.mx\/portal\/wp-json\/wp\/v2\/media?parent=78599"}],"wp:term":[{"taxonomy":"category","embeddable":true,"href":"https:\/\/losperiodistas.com.mx\/portal\/wp-json\/wp\/v2\/categories?post=78599"},{"taxonomy":"post_tag","embeddable":true,"href":"https:\/\/losperiodistas.com.mx\/portal\/wp-json\/wp\/v2\/tags?post=78599"}],"curies":[{"name":"wp","href":"https:\/\/api.w.org\/{rel}","templated":true}]}}