{"id":78593,"date":"2024-07-03T12:28:34","date_gmt":"2024-07-03T17:28:34","guid":{"rendered":"https:\/\/losperiodistas.com.mx\/portal\/?p=78593"},"modified":"2024-07-03T12:28:36","modified_gmt":"2024-07-03T17:28:36","slug":"la-casa-del-dragon-la-historia-de-la-emperatriz-inglesa-que-inspiro-la-serie-la-lista","status":"publish","type":"post","link":"https:\/\/losperiodistas.com.mx\/portal\/la-casa-del-dragon-la-historia-de-la-emperatriz-inglesa-que-inspiro-la-serie-la-lista\/","title":{"rendered":"La Casa del Drag\u00f3n: La historia de la emperatriz inglesa que inspir\u00f3 la serie | La-Lista"},"content":{"rendered":"\n<p class=\"has-medium-font-size\">La emperatriz Matilde del siglo XII ser\u00eda la inspiraci\u00f3n de la serie de &#8216;La Casa del Drag\u00f3n&#8217;.<\/p>\n\n\n\n<figure class=\"wp-block-image size-large\"><img fetchpriority=\"high\" decoding=\"async\" width=\"1024\" height=\"577\" src=\"https:\/\/losperiodistas.com.mx\/portal\/wp-content\/uploads\/2024\/07\/emperatriz-matilde-la-casa-del-dragon-1024x577.jpg\" alt=\"\" class=\"wp-image-78594\" srcset=\"https:\/\/losperiodistas.com.mx\/portal\/wp-content\/uploads\/2024\/07\/emperatriz-matilde-la-casa-del-dragon-1024x577.jpg 1024w, https:\/\/losperiodistas.com.mx\/portal\/wp-content\/uploads\/2024\/07\/emperatriz-matilde-la-casa-del-dragon-300x169.jpg 300w, https:\/\/losperiodistas.com.mx\/portal\/wp-content\/uploads\/2024\/07\/emperatriz-matilde-la-casa-del-dragon-768x433.jpg 768w, https:\/\/losperiodistas.com.mx\/portal\/wp-content\/uploads\/2024\/07\/emperatriz-matilde-la-casa-del-dragon.jpg 1279w\" sizes=\"(max-width: 1024px) 100vw, 1024px\" \/><figcaption>La emperatriz Matilde habr\u00eda inspirado la historia de la precuela de &#8216;Juego de Tronos&#8217;. Foto: Captura de Pantalla<\/figcaption><\/figure>\n\n\n\n<p class=\"has-vivid-red-color has-text-color has-medium-font-size\"><strong>Redacci\u00f3n La-Lista<\/strong><\/p>\n\n\n\n<p>La serie de HBO, que funge como precuela de&nbsp;<em>Juego de Tronos&nbsp;<\/em>presenta una historia muy similar, con Rhaenyra Targaryen como protagonista, a la que vivi\u00f3 la emperatriz Matilde.<\/p>\n\n\n\n<p>De acuerdo con Katherine Newman, historiadora experta en la \u00e9poca medieval, Matilde se refugi\u00f3 en el Castillo y Prisi\u00f3n de Oxford durante una larga guerra civil que se conoce como la Anarqu\u00eda.<\/p>\n\n\n\n<p>En una el libro de\u00a0<em>Fuego y Sangre<\/em>, de R.R Martin, que funge como historia de fondo en la serie literaria\u00a0<em>Canci\u00f3n de hielo y fuego<\/em>, Martin se inspira en la historia de la emperatriz Matilde del Siglo XII para crear un personaje que pelea por la corona, dando pie a Rhaenyra Targaryen.<\/p>\n\n\n\n<figure class=\"wp-block-embed is-type-rich is-provider-twitter wp-block-embed-twitter\"><div class=\"wp-block-embed__wrapper\">\nhttps:\/\/twitter.com\/rhaedanenerys\/status\/1753489677858852965?ref_src=twsrc%5Etfw%7Ctwcamp%5Etweetembed%7Ctwterm%5E1753489677858852965%7Ctwgr%5Ef2783a435c98049365a9a294a9bb3e3f60ef681e%7Ctwcon%5Es1_c10&#038;ref_url=https%3A%2F%2Fla-lista.com%2Frealeza%2F2024%2F07%2F02%2Fla-casa-del-dragon-la-historia-de-la-emperatriz-inglesa-que-inspiro-la-serie\n<\/div><\/figure>\n\n\n\n<p>La llamada Anarqu\u00eda fue una guerra civil de m\u00e1s de 15 a\u00f1os en Inglaterra y Normand\u00eda, que provoc\u00f3 un derrumbe generalizado de lo que se conoc\u00eda hasta entonces como la ley y el orden. En ella, la emperatriz Matilde, hija y heredera de Enrique I de Inglaterra, se enfrent\u00f3 a su primo Stephen de Blois.<\/p>\n\n\n\n<p>\u201cTanto&nbsp;Matilde como Rhaenyra demostraron ser l\u00edderes ingeniosas y brillantes\u201d, mencion\u00f3 Katherine Newman, sobre las similitudes entre Rhaenyra y Matilde, cuya lucha termin\u00f3 en el ascenso de su hijo, Enrique II, al poder.<\/p>\n\n\n\n<p>\u201cEs ampliamente conocido que la historia de George RR Martin est\u00e1 inspirada en la historia de Matilde, pero lo que no ha sido reconocido ampliamente es que el Castillo y Prisi\u00f3n de Oxford fueran su hogar\u201d, agreg\u00f3 Newman.<\/p>\n\n\n\n<figure class=\"wp-block-image\"><img decoding=\"async\" src=\"https:\/\/i0.wp.com\/la-lista.com\/wp-content\/uploads\/2022\/08\/emma_darcy_actores_la_casa_del_dragon.jpg?resize=800%2C493&amp;ssl=1\" alt=\"<em&gt;La Casa del Drag\u00f3n<\/em&gt;: La historia de la emperatriz inglesa que inspir\u00f3 la serie - emma_darcy_actores_la_casa_del_dragon\" class=\"wp-image-237994\"\/><figcaption>La emperatriz Matilde habr\u00eda sido la inspiraci\u00f3n para la creaci\u00f3n del personaje de la princesa Rhaenyra Targaryen en&nbsp;<em>La Casa del Drag\u00f3n<\/em>. Foto: Instagram<\/figcaption><\/figure>\n\n\n\n<p>En palabras de la especialista en la \u00e9poca medieval, as\u00ed como Juego de Tronos se inspir\u00f3 en la Guerra de las Dos Rosas, su precuela rescata varios elementos identificables de la Anarqu\u00eda.<\/p>\n\n\n\n<p>\u201cEsta sangrienta guerra civil fue provocada por la muerte del rey Enrique I y la controvertida cuesti\u00f3n de su leg\u00edtimo heredero. Las similitudes son asombrosas\u201d, indica Newman.<\/p>\n\n\n\n<p>Entre las similitudes m\u00e1s visibles destaca que ambas fueron nombradas herederas por sus padres en la realeza, en un contexto hist\u00f3rico que rechazaba a las mujeres gobernantes. Como la sociedad inglesa no estaba dispuesta a aceptar que una mujer fuera la gobernante, el pa\u00eds se vio enfrascado en esta lucha bautizada como la Anarqu\u00eda.<\/p>\n\n\n\n<p>Finalmente, en 1154, el hijo de mayor de Matilde ascendi\u00f3 al trono como Enrique II, con la emperatriz fungiendo como su principal asesora pol\u00edtica, mientras pas\u00f3 los \u00faltimos a\u00f1os de su vida en Normand\u00eda, trabajando en la iglesia y fundando monasterios hasta su muerte en 1167.<\/p>\n\n\n\n<p>Fuente: <a href=\"https:\/\/la-lista.com\/realeza\/2024\/07\/02\/la-casa-del-dragon-la-historia-de-la-emperatriz-inglesa-que-inspiro-la-serie\">https:\/\/la-lista.com\/realeza\/2024\/07\/02\/la-casa-del-dragon-la-historia-de-la-emperatriz-inglesa-que-inspiro-la-serie<\/a><\/p>\n","protected":false},"excerpt":{"rendered":"<p>La emperatriz Matilde del siglo XII ser\u00eda la inspiraci\u00f3n de la serie de &#8216;La Casa del Drag\u00f3n&#8217;. Redacci\u00f3n La-Lista La [&hellip;]<\/p>\n","protected":false},"author":1,"featured_media":78594,"comment_status":"open","ping_status":"open","sticky":false,"template":"","format":"standard","meta":{"site-sidebar-layout":"default","site-content-layout":"","ast-site-content-layout":"default","site-content-style":"default","site-sidebar-style":"default","ast-global-header-display":"","ast-banner-title-visibility":"","ast-main-header-display":"","ast-hfb-above-header-display":"","ast-hfb-below-header-display":"","ast-hfb-mobile-header-display":"","site-post-title":"","ast-breadcrumbs-content":"","ast-featured-img":"","footer-sml-layout":"","theme-transparent-header-meta":"","adv-header-id-meta":"","stick-header-meta":"","header-above-stick-meta":"","header-main-stick-meta":"","header-below-stick-meta":"","astra-migrate-meta-layouts":"default","ast-page-background-enabled":"default","ast-page-background-meta":{"desktop":{"background-color":"var(--ast-global-color-4)","background-image":"","background-repeat":"repeat","background-position":"center center","background-size":"auto","background-attachment":"scroll","background-type":"","background-media":"","overlay-type":"","overlay-color":"","overlay-opacity":"","overlay-gradient":""},"tablet":{"background-color":"","background-image":"","background-repeat":"repeat","background-position":"center center","background-size":"auto","background-attachment":"scroll","background-type":"","background-media":"","overlay-type":"","overlay-color":"","overlay-opacity":"","overlay-gradient":""},"mobile":{"background-color":"","background-image":"","background-repeat":"repeat","background-position":"center center","background-size":"auto","background-attachment":"scroll","background-type":"","background-media":"","overlay-type":"","overlay-color":"","overlay-opacity":"","overlay-gradient":""}},"ast-content-background-meta":{"desktop":{"background-color":"var(--ast-global-color-5)","background-image":"","background-repeat":"repeat","background-position":"center center","background-size":"auto","background-attachment":"scroll","background-type":"","background-media":"","overlay-type":"","overlay-color":"","overlay-opacity":"","overlay-gradient":""},"tablet":{"background-color":"var(--ast-global-color-5)","background-image":"","background-repeat":"repeat","background-position":"center center","background-size":"auto","background-attachment":"scroll","background-type":"","background-media":"","overlay-type":"","overlay-color":"","overlay-opacity":"","overlay-gradient":""},"mobile":{"background-color":"var(--ast-global-color-5)","background-image":"","background-repeat":"repeat","background-position":"center center","background-size":"auto","background-attachment":"scroll","background-type":"","background-media":"","overlay-type":"","overlay-color":"","overlay-opacity":"","overlay-gradient":""}},"footnotes":""},"categories":[8],"tags":[26984,12059],"class_list":["post-78593","post","type-post","status-publish","format-standard","has-post-thumbnail","hentry","category-noticias","tag-emperatriz-matilde","tag-la-casa-del-dragon"],"_links":{"self":[{"href":"https:\/\/losperiodistas.com.mx\/portal\/wp-json\/wp\/v2\/posts\/78593","targetHints":{"allow":["GET"]}}],"collection":[{"href":"https:\/\/losperiodistas.com.mx\/portal\/wp-json\/wp\/v2\/posts"}],"about":[{"href":"https:\/\/losperiodistas.com.mx\/portal\/wp-json\/wp\/v2\/types\/post"}],"author":[{"embeddable":true,"href":"https:\/\/losperiodistas.com.mx\/portal\/wp-json\/wp\/v2\/users\/1"}],"replies":[{"embeddable":true,"href":"https:\/\/losperiodistas.com.mx\/portal\/wp-json\/wp\/v2\/comments?post=78593"}],"version-history":[{"count":1,"href":"https:\/\/losperiodistas.com.mx\/portal\/wp-json\/wp\/v2\/posts\/78593\/revisions"}],"predecessor-version":[{"id":78595,"href":"https:\/\/losperiodistas.com.mx\/portal\/wp-json\/wp\/v2\/posts\/78593\/revisions\/78595"}],"wp:featuredmedia":[{"embeddable":true,"href":"https:\/\/losperiodistas.com.mx\/portal\/wp-json\/wp\/v2\/media\/78594"}],"wp:attachment":[{"href":"https:\/\/losperiodistas.com.mx\/portal\/wp-json\/wp\/v2\/media?parent=78593"}],"wp:term":[{"taxonomy":"category","embeddable":true,"href":"https:\/\/losperiodistas.com.mx\/portal\/wp-json\/wp\/v2\/categories?post=78593"},{"taxonomy":"post_tag","embeddable":true,"href":"https:\/\/losperiodistas.com.mx\/portal\/wp-json\/wp\/v2\/tags?post=78593"}],"curies":[{"name":"wp","href":"https:\/\/api.w.org\/{rel}","templated":true}]}}