{"id":78588,"date":"2024-07-03T12:12:27","date_gmt":"2024-07-03T17:12:27","guid":{"rendered":"https:\/\/losperiodistas.com.mx\/portal\/?p=78588"},"modified":"2024-07-03T12:12:29","modified_gmt":"2024-07-03T17:12:29","slug":"opinion-convenios-y-tentaciones-con-el-cuarto-poder-en-crisis","status":"publish","type":"post","link":"https:\/\/losperiodistas.com.mx\/portal\/opinion-convenios-y-tentaciones-con-el-cuarto-poder-en-crisis\/","title":{"rendered":"Opini\u00f3n | Convenios y tentaciones con el \u201ccuarto poder\u201d en crisis"},"content":{"rendered":"\n<h1 class=\"wp-block-heading\"><\/h1>\n\n\n\n<p class=\"has-vivid-red-color has-text-color\" style=\"font-size:26px\"><strong><em>Por Luis Mart\u00ednez \/ Observatorio Mexicano de Medios \/ @LuisMartiMXz<\/em><\/strong><\/p>\n\n\n\n<p>Hay una realidad contundente: el llamado&nbsp;<strong>\u00abcuarto poder<\/strong>\u00bb se debilita en&nbsp;<strong>M\u00e9xico<\/strong>. Se debilita en credibilidad, en influencia y en sustento. Hoy, m\u00e1s que nunca, la dependencia del&nbsp;<strong>dinero p\u00fablico<\/strong>&nbsp;se hace m\u00e1s necesaria en la mayor\u00eda de las redacciones y en la producci\u00f3n de noticias del pa\u00eds.<\/p>\n\n\n\n<p>De acuerdo al \u00faltimo informe del\u00a0<strong>Reuters Institute<\/strong>, solo el 35 por ciento de las personas\u00a0<strong>conf\u00edan en las noticias<\/strong>, cifra que se reduce a\u00f1o con a\u00f1o desde 2017.<\/p>\n\n\n\n<p>La atenci\u00f3n de las audiencias hoy est\u00e1 fragmentada entre centenares de&nbsp;<strong>opciones informativas<\/strong>&nbsp;que van desde noticieros de YouTube, videos de TikTok, publicaciones en X, portales informativos y un largo etc\u00e9tera. Con ello, tambi\u00e9n se pulverizan las opciones de&nbsp;<strong>financiamiento&nbsp;<\/strong>y&nbsp;<strong>sustentabilidad<\/strong>.<\/p>\n\n\n\n<p>Quienes antes se anunciaban en peri\u00f3dicos desde la&nbsp;<strong>iniciativa privada<\/strong>&nbsp;hoy utilizan sus propios canales para anunciarse, pautan en redes sociales o se valen de los llamados&nbsp;<strong><em>influencers<\/em><\/strong>&nbsp;para alcanzar con mayor efectividad sus&nbsp;<strong>objetivos comerciales<\/strong>.<\/p>\n\n\n\n<p>Los constantes cambios en los algoritmos y en las plataformas de\u00a0<strong>redes sociodigitales<\/strong>\u00a0han reducido y puesto en riesgo la sostenibilidad de medios con la publicidad program\u00e1tica. El sometimiento al algoritmo es cada vez mayor y, con la llegada de la inteligencia artificial a las redacciones, el\u00a0<strong>riesgo de desindexaci\u00f3n<\/strong>\u00a0-dejar de verse- aumenta.<\/p>\n\n\n\n<p>De acuerdo al&nbsp;<strong>Observatorio Mexicano de Medios<\/strong>, el 94 por ciento de los medios informativos digitales dependen del dinero p\u00fablico como principal fuente de ingresos, cifra que lejos de reducirse va en aumento.<\/p>\n\n\n\n<p>No hay&nbsp;<strong>figura p\u00fablica<\/strong>&nbsp;para la que, desde el poder pol\u00edtico y el erario, no le resulte tentador someter a la prensa a sus condiciones y llevar mucho m\u00e1s lejos el&nbsp;<strong>contrato social<\/strong>&nbsp;de la&nbsp;<em>\u00abdifusi\u00f3n del quehacer gubernamental\u00bb.<\/em>&nbsp;Con el escenario actual, resulta a\u00fan m\u00e1s tentador. Hay quienes lo hacen y quienes no.<\/p>\n\n\n\n<p><strong>\u00bfQu\u00e9 contratan los gobiernos a los medios informativos digitales?<\/strong><\/p>\n\n\n\n<p>La&nbsp;<strong>transacci\u00f3n p\u00fablica<\/strong>&nbsp;es simple. La \u00abdifusi\u00f3n del quehacer gubernamental\u00bb consiste en la publicaci\u00f3n peri\u00f3dica de&nbsp;<strong>boletines y comunicados<\/strong>, as\u00ed como la colocaci\u00f3n de anuncios publicitarios en sus portales y redes sociales.<\/p>\n\n\n\n<p>Con el fortalecimiento de los canales y medios p\u00fablicos, y la consolidaci\u00f3n de las redes sociales y los portales gubernamentales como principal canal de comunicaci\u00f3n con la ciudadan\u00eda, \u00bfen verdad&nbsp;<strong>pagar por publicar<\/strong>&nbsp;boletines es&nbsp;<strong>a\u00fan rentable<\/strong>?<\/p>\n\n\n\n<p>Resulta entonces tentador\u00a0<strong>pagar por las opiniones<\/strong>\u00a0de los periodistas de un medio, pagar por someter las l\u00edneas editoriales, y utilizar a los medios contratados para descalificar las\u00a0<strong>narrativas opositoras<\/strong>\u00a0e invisibilizar las propias pifias.<\/p>\n\n\n\n<p>\u00bfCaer ante la tentaci\u00f3n atenta entonces contra la&nbsp;<strong>libertad de expresi\u00f3n<\/strong>&nbsp;y la&nbsp;<strong>libertad de prensa<\/strong>?<\/p>\n\n\n\n<p>Son pocos, pero muy pocos, los medios que por trayectoria, prestigio o audiencia pueden darse el lujo de mantener un&nbsp;<strong>negocio rentable<\/strong>&nbsp;manteniendo una&nbsp;<strong>relaci\u00f3n digna<\/strong>&nbsp;con el poder. Incluso siendo los propios medios quienes pongan las condiciones.<\/p>\n\n\n\n<p><strong>Hay cosas que no cambian ni con la tecnolog\u00eda ni con los a\u00f1os<\/strong><\/p>\n\n\n\n<p>Cada tres o seis a\u00f1os, dependiendo del&nbsp;<strong>orden de gobierno<\/strong>, surgen nuevos peri\u00f3dicos, desaparecen otros y se fortalecen algunos. Los medios sexenales o trienales son un h\u00e1bito y pr\u00e1ctica com\u00fan de quienes,&nbsp;<strong>desde el poder<\/strong>, impulsan sus&nbsp;<strong>propios medios<\/strong>&nbsp;para construir sus propias narrativas.<\/p>\n\n\n\n<p>Estos&nbsp;<strong>\u00abnuevos proyectos period\u00edsticos\u00bb<\/strong>&nbsp;son los mismos de siempre, con los mismos empresarios y los mismos apellidos adquiriendo rotativas, antenas, concesiones e instrumentos. Como bares o restaurantes que cambian de marca para adaptarse a un nuevo mercado.<\/p>\n\n\n\n<p>Hoy el fen\u00f3meno se repite, pero est\u00e1 disperso, porque ya no se requieren inversiones millonarias. Ya no se concentra en las pocas familias que pod\u00edan comprar una estaci\u00f3n o una imprenta. Desde la persona que invirti\u00f3 dinero en campa\u00f1a hasta la persona que ayud\u00f3 a cargar las bocinas, pueden levantar su medio en internet y pasar a formarse a las oficinas de gobierno a&nbsp;<strong>pedir un convenio<\/strong>.<\/p>\n\n\n\n<p>No son nuevos, pero son m\u00e1s. La gesti\u00f3n se complica.<\/p>\n\n\n\n<p><strong>La invasi\u00f3n de los&nbsp;<em>peri\u00f3dicos \u201ccentaveros\u201d<\/em><\/strong><\/p>\n\n\n\n<p>Recientemente, en el calor de las elecciones en un municipio, un&nbsp;<strong>personaje pol\u00edtico<\/strong>&nbsp;sin control de emociones grit\u00f3 a los reporteros que estaban por ah\u00ed llam\u00e1ndoles&nbsp;<em>\u00abcentaveros\u00bb.&nbsp;<\/em>Si bien la expresi\u00f3n indign\u00f3 a los presentes, no est\u00e1 nada lejos de la realidad.<\/p>\n\n\n\n<p>Hoy resulta tan&nbsp;<strong>econ\u00f3mico&nbsp;<\/strong>montar un medio informativo digital en cualquier plataforma, que decenas de personajes -unos m\u00e1s periodistas que otros- montan p\u00e1ginas en Facebook o YouTube, blogs o peque\u00f1os portales y tocan insistentemente la puerta de&nbsp;<strong>figuras pol\u00edticas<\/strong>&nbsp;y&nbsp;<strong>gobiernos<\/strong>&nbsp;para exigir o suplicar (de acuerdo a sus egos) pagos, apoyos y propinas.<\/p>\n\n\n\n<p>Nacen, crecen, se reproducen y mueren \u00fanica y exclusivamente para obtener\u00a0<strong>dinero p\u00fablico<\/strong>\u00a0de las\u00a0<strong>oficinas de comunicaci\u00f3n social<\/strong>\u00a0que, ya sea por amistad, complicidad, ignorancia o fastidio, deciden finalmente soltarles alg\u00fan apoyo&#8230; unos centavos.<\/p>\n\n\n\n<hr class=\"wp-block-separator\"\/>\n\n\n\n<figure class=\"wp-block-image size-large is-resized\"><img decoding=\"async\" src=\"https:\/\/losperiodistas.com.mx\/portal\/wp-content\/uploads\/2024\/06\/IMG_5927-1-1024x435.jpeg\" alt=\"\" class=\"wp-image-78279\" width=\"158\" height=\"66\" srcset=\"https:\/\/losperiodistas.com.mx\/portal\/wp-content\/uploads\/2024\/06\/IMG_5927-1-1024x435.jpeg 1024w, https:\/\/losperiodistas.com.mx\/portal\/wp-content\/uploads\/2024\/06\/IMG_5927-1-300x127.jpeg 300w, https:\/\/losperiodistas.com.mx\/portal\/wp-content\/uploads\/2024\/06\/IMG_5927-1-768x326.jpeg 768w, https:\/\/losperiodistas.com.mx\/portal\/wp-content\/uploads\/2024\/06\/IMG_5927-1.jpeg 1152w\" sizes=\"(max-width: 158px) 100vw, 158px\" \/><figcaption><a href=\"https:\/\/whatsapp.com\/channel\/0029VaeRnMa77qVakJPLMI09\">Sigue el canal de Los Periodistas en WhatsApp<\/a><\/figcaption><\/figure>\n\n\n\n<hr class=\"wp-block-separator\"\/>\n\n\n\n<p><strong>Los desaf\u00edos de los nuevos gobiernos<\/strong><\/p>\n\n\n\n<p>Si se le concede el beneficio de la duda a los nuevos gobiernos, la&nbsp;<strong>debilidad pol\u00edtica<\/strong>,&nbsp;<strong>econ\u00f3mica<\/strong>&nbsp;y&nbsp;<strong>social&nbsp;<\/strong>del \u201ccuarto poder\u201d les coloca en una hist\u00f3rica posici\u00f3n que los lleva a dos rutas que, a mi criterio, no tienen puntos intermedios:&nbsp;<strong>fortalecer<\/strong>&nbsp;o&nbsp;<strong>someter<\/strong>&nbsp;a la prensa.<\/p>\n\n\n\n<p>Fortalecer a la prensa implica hacer&nbsp;<strong>eficientes&nbsp;<\/strong>los recursos destinados a los medios de comunicaci\u00f3n, estableciendo mecanismos transparentes de contrataci\u00f3n, y fundamentalmente impulsando pol\u00edticas p\u00fablicas de an\u00e1lisis, medici\u00f3n e impacto de los medios contratados no solo basados en volumen de audiencias e interacciones, sino tambi\u00e9n en confianza, \u00e9tica y profesionalizaci\u00f3n.&nbsp;<strong>Medios violentos<\/strong>,&nbsp;<strong>desinformadores<\/strong>&nbsp;y&nbsp;<strong>deshonestos&nbsp;<\/strong>no pueden ni deben recibir financiamiento p\u00fablico.<\/p>\n\n\n\n<p>Una pol\u00edtica de medios de comunicaci\u00f3n eficiente implica hacer valer el&nbsp;<strong>derecho humano<\/strong>&nbsp;de acceso a la informaci\u00f3n.<\/p>\n\n\n\n<p>La otra ruta, la del sometimiento, ya la conocemos. Las mismas familias, los mismos compadres y \u00abbros\u00bb con diferentes medios, publicando boletines que nadie lee al tiempo que&nbsp;<strong>engrandecen<\/strong>&nbsp;al gobernante e&nbsp;<strong>invisibilizan<\/strong>&nbsp;al opositor. La misma pol\u00edtica de siempre, pero m\u00e1s salvaje.<\/p>\n\n\n\n<p>Hasta la pr\u00f3xima.<\/p>\n\n\n\n<hr class=\"wp-block-separator\"\/>\n\n\n\n<p>Comunicador y Catedr\u00e1tico especializado en Periodismo Digital y Opini\u00f3n P\u00fablica con m\u00e1s de 12 a\u00f1os de experiencia. Master en Ciencia, Tecnolog\u00eda y Sociedad por Quilmes, Premio Nacional de Innovaci\u00f3n en Transparencia 2016<\/p>\n","protected":false},"excerpt":{"rendered":"<p>Por Luis Mart\u00ednez \/ Observatorio Mexicano de Medios \/ @LuisMartiMXz Hay una realidad contundente: el llamado&nbsp;\u00abcuarto poder\u00bb se debilita en&nbsp;M\u00e9xico. [&hellip;]<\/p>\n","protected":false},"author":1,"featured_media":77937,"comment_status":"open","ping_status":"open","sticky":false,"template":"","format":"standard","meta":{"site-sidebar-layout":"default","site-content-layout":"","ast-site-content-layout":"default","site-content-style":"default","site-sidebar-style":"default","ast-global-header-display":"","ast-banner-title-visibility":"","ast-main-header-display":"","ast-hfb-above-header-display":"","ast-hfb-below-header-display":"","ast-hfb-mobile-header-display":"","site-post-title":"","ast-breadcrumbs-content":"","ast-featured-img":"","footer-sml-layout":"","theme-transparent-header-meta":"","adv-header-id-meta":"","stick-header-meta":"","header-above-stick-meta":"","header-main-stick-meta":"","header-below-stick-meta":"","astra-migrate-meta-layouts":"default","ast-page-background-enabled":"default","ast-page-background-meta":{"desktop":{"background-color":"var(--ast-global-color-4)","background-image":"","background-repeat":"repeat","background-position":"center center","background-size":"auto","background-attachment":"scroll","background-type":"","background-media":"","overlay-type":"","overlay-color":"","overlay-opacity":"","overlay-gradient":""},"tablet":{"background-color":"","background-image":"","background-repeat":"repeat","background-position":"center center","background-size":"auto","background-attachment":"scroll","background-type":"","background-media":"","overlay-type":"","overlay-color":"","overlay-opacity":"","overlay-gradient":""},"mobile":{"background-color":"","background-image":"","background-repeat":"repeat","background-position":"center center","background-size":"auto","background-attachment":"scroll","background-type":"","background-media":"","overlay-type":"","overlay-color":"","overlay-opacity":"","overlay-gradient":""}},"ast-content-background-meta":{"desktop":{"background-color":"var(--ast-global-color-5)","background-image":"","background-repeat":"repeat","background-position":"center center","background-size":"auto","background-attachment":"scroll","background-type":"","background-media":"","overlay-type":"","overlay-color":"","overlay-opacity":"","overlay-gradient":""},"tablet":{"background-color":"var(--ast-global-color-5)","background-image":"","background-repeat":"repeat","background-position":"center center","background-size":"auto","background-attachment":"scroll","background-type":"","background-media":"","overlay-type":"","overlay-color":"","overlay-opacity":"","overlay-gradient":""},"mobile":{"background-color":"var(--ast-global-color-5)","background-image":"","background-repeat":"repeat","background-position":"center center","background-size":"auto","background-attachment":"scroll","background-type":"","background-media":"","overlay-type":"","overlay-color":"","overlay-opacity":"","overlay-gradient":""}},"footnotes":""},"categories":[8,22],"tags":[26981,26982,7820],"class_list":["post-78588","post","type-post","status-publish","format-standard","has-post-thumbnail","hentry","category-noticias","category-opinion-invitada","tag-cuarto-poer-medios-de-comunicacion-mexico","tag-medios-dependen-del-dinero-publico","tag-observatorio-mexicano-de-medios"],"_links":{"self":[{"href":"https:\/\/losperiodistas.com.mx\/portal\/wp-json\/wp\/v2\/posts\/78588","targetHints":{"allow":["GET"]}}],"collection":[{"href":"https:\/\/losperiodistas.com.mx\/portal\/wp-json\/wp\/v2\/posts"}],"about":[{"href":"https:\/\/losperiodistas.com.mx\/portal\/wp-json\/wp\/v2\/types\/post"}],"author":[{"embeddable":true,"href":"https:\/\/losperiodistas.com.mx\/portal\/wp-json\/wp\/v2\/users\/1"}],"replies":[{"embeddable":true,"href":"https:\/\/losperiodistas.com.mx\/portal\/wp-json\/wp\/v2\/comments?post=78588"}],"version-history":[{"count":1,"href":"https:\/\/losperiodistas.com.mx\/portal\/wp-json\/wp\/v2\/posts\/78588\/revisions"}],"predecessor-version":[{"id":78592,"href":"https:\/\/losperiodistas.com.mx\/portal\/wp-json\/wp\/v2\/posts\/78588\/revisions\/78592"}],"wp:featuredmedia":[{"embeddable":true,"href":"https:\/\/losperiodistas.com.mx\/portal\/wp-json\/wp\/v2\/media\/77937"}],"wp:attachment":[{"href":"https:\/\/losperiodistas.com.mx\/portal\/wp-json\/wp\/v2\/media?parent=78588"}],"wp:term":[{"taxonomy":"category","embeddable":true,"href":"https:\/\/losperiodistas.com.mx\/portal\/wp-json\/wp\/v2\/categories?post=78588"},{"taxonomy":"post_tag","embeddable":true,"href":"https:\/\/losperiodistas.com.mx\/portal\/wp-json\/wp\/v2\/tags?post=78588"}],"curies":[{"name":"wp","href":"https:\/\/api.w.org\/{rel}","templated":true}]}}