{"id":78550,"date":"2024-07-02T23:07:56","date_gmt":"2024-07-03T04:07:56","guid":{"rendered":"http:\/\/losperiodistas.com.mx\/portal\/?p=78550"},"modified":"2024-07-02T23:07:58","modified_gmt":"2024-07-03T04:07:58","slug":"lozano-calderon-y-cortes-pelean-por-mal-estado-del-pan","status":"publish","type":"post","link":"https:\/\/losperiodistas.com.mx\/portal\/lozano-calderon-y-cortes-pelean-por-mal-estado-del-pan\/","title":{"rendered":"Javier Lozano, Felipe Calder\u00f3n y Marko Cort\u00e9s pelean por el \u201cmal estado del PAN\u201d, Garc\u00eda Luna y las \u201cpluris\u201d | Reporte \u00cdndigo"},"content":{"rendered":"\n<p>Una conversaci\u00f3n para un programa de YouTube desat\u00f3 la batalla campal entre Cort\u00e9s y Lozano a la que despu\u00e9s se sum\u00f3 el expresidente v\u00eda redes sociales<\/p>\n\n\n\n<figure class=\"wp-block-image size-large\"><img fetchpriority=\"high\" decoding=\"async\" width=\"1024\" height=\"624\" src=\"https:\/\/losperiodistas.com.mx\/portal\/wp-content\/uploads\/2024\/07\/Captura-de-pantalla-2024-07-02-220211-1024x624.png\" alt=\"Cort\u00e9s y Lozano\" class=\"wp-image-78553\" srcset=\"https:\/\/losperiodistas.com.mx\/portal\/wp-content\/uploads\/2024\/07\/Captura-de-pantalla-2024-07-02-220211-1024x624.png 1024w, https:\/\/losperiodistas.com.mx\/portal\/wp-content\/uploads\/2024\/07\/Captura-de-pantalla-2024-07-02-220211-300x183.png 300w, https:\/\/losperiodistas.com.mx\/portal\/wp-content\/uploads\/2024\/07\/Captura-de-pantalla-2024-07-02-220211-768x468.png 768w, https:\/\/losperiodistas.com.mx\/portal\/wp-content\/uploads\/2024\/07\/Captura-de-pantalla-2024-07-02-220211.png 1207w\" sizes=\"(max-width: 1024px) 100vw, 1024px\" \/><figcaption>Batalla campal entre Cort\u00e9s y Lozano en Atypical TeVe<\/figcaption><\/figure>\n\n\n\n<p class=\"has-vivid-red-color has-text-color\">Janet G\u00f3mez \/ Reporte \u00cdndigo<\/p>\n\n\n\n<p><strong>Javier Lozano<\/strong>, exsecretario del Trabajo en el gobierno de Felipe Calder\u00f3n, <strong>culp\u00f3 a Marko Cort\u00e9s<\/strong>, dirigente del Partido Acci\u00f3n Nacional (PAN) p<strong>or el \u201cmal estado\u201d del partido pol\u00edtico<\/strong>, <strong>a lo que el presidente nacional dijo que fue<\/strong> al caso contra <strong>Garc\u00eda Luna<\/strong>, el que a su parecer los afect\u00f3 en las elecciones pasadas.<\/p>\n\n\n\n<p>Tras esas acusaciones, el expresidente <strong>Felipe Calder\u00f3n se sum\u00f3 a las cr\u00edtica<\/strong>s ya que afirm\u00f3 que el problema del PAN en los comicios pasados fue la mala direcci\u00f3n de Cort\u00e9s.<\/p>\n\n\n\n<p>En el programa de <em>Atypical Te Ve<\/em>, <strong>Lozano<\/strong> Alarc\u00f3n <strong>asegur\u00f3 que no reconocer a Genaro Garc\u00eda Luna<\/strong>, exsecretario de Seguridad, como uno de los \u201csuyos<strong>\u201d fue un hecho crucial en la derrota de X\u00f3chitl G\u00e1lvez<\/strong> en las pasadas elecciones presidenciales.<\/p>\n\n\n\n<p>Seg\u00fan Lozano, el PAN debe responder por las acciones que realiz\u00f3 Garc\u00eda Luna debido a que trabaj\u00f3 para un gobierno panista. Ante lo cual, Cort\u00e9s indic\u00f3 que el exsecretario de Seguridad nunca estuvo afiliado.<\/p>\n\n\n\n<figure class=\"wp-block-image size-full\"><img decoding=\"async\" width=\"1018\" height=\"674\" src=\"https:\/\/losperiodistas.com.mx\/portal\/wp-content\/uploads\/2024\/07\/Captura-de-pantalla-2024-07-02-215345.png\" alt=\"\" class=\"wp-image-78551\" srcset=\"https:\/\/losperiodistas.com.mx\/portal\/wp-content\/uploads\/2024\/07\/Captura-de-pantalla-2024-07-02-215345.png 1018w, https:\/\/losperiodistas.com.mx\/portal\/wp-content\/uploads\/2024\/07\/Captura-de-pantalla-2024-07-02-215345-300x199.png 300w, https:\/\/losperiodistas.com.mx\/portal\/wp-content\/uploads\/2024\/07\/Captura-de-pantalla-2024-07-02-215345-768x508.png 768w\" sizes=\"(max-width: 1018px) 100vw, 1018px\" \/><figcaption>Lozano lanz\u00f3 severas advertencias. Foto: Cuartoscuro<\/figcaption><\/figure>\n\n\n\n<h2 class=\"wp-block-heading\"><strong>Garc\u00eda Luna: la manzana de la discordia del PAN<\/strong><\/h2>\n\n\n\n<p>Mediante una conversaci\u00f3n para un canal de YouTube, ambos miembros de Acci\u00f3n Nacional se vieron envueltos en la batalla campal de <strong>reclamaciones sobre Garc\u00eda Luna<\/strong> y los resultados electorales.<\/p>\n\n\n\n<p>Otro de los temas que provocaron una r\u00edspida interacci\u00f3n entre Cort\u00e9s y Lozano fueron las afirmaciones del dirigente nacional de que el expresidente Felipe Calder\u00f3n fue quien dej\u00f3 peor al PAN. Ante lo cual, Lozano afirm\u00f3 que esa actitud de Cort\u00e9s es el problema. \u201cPor eso estamos tan jodidos\u201d.<\/p>\n\n\n\n<p>Durante el programa, Lozano <strong>calific\u00f3 de \u201ccobard\u00eda\u201d que el dirigente no reconozca al exfuncionario<\/strong> como parte del partido blanquiazul y que no quiera asumir, como partido, la responsabilidad de todas esas acciones.<\/p>\n\n\n\n<p>\u201cEso es una cobard\u00eda, el se\u00f1or era secretario de Estado en un gobierno panista. Ahora resulta que porque no es panista no lo reconocemos c\u00f3mo uno de los nuestros\u201d, sostuvo Lozano.<\/p>\n\n\n\n<p>Ante lo cual, Cort\u00e9s respondi\u00f3 que \u201cel <a href=\"https:\/\/www.reporteindigo.com\/reporte\/reforma-al-poder-judicial-es-perfectible-pan\/\" target=\"_blank\" rel=\"noreferrer noopener\">PAN<\/a> nunca lo ha reconocido como uno de los nuestros [\u2026] \u00c9l no es panista y nunca fue panista\u2026 nos peg\u00f3 much\u00edsimo en la campa\u00f1a como lo del se\u00f1alamiento del Prian\u201d.<\/p>\n\n\n\n<p>Lozano critic\u00f3 al dirigente panista por no defender los logros del partido y le asegur\u00f3 que fue su mala gesti\u00f3n el problema, pero <strong>Cort\u00e9s revir\u00f3<\/strong> y lo cuestion\u00f3 sobre la raz\u00f3n de la p\u00e9rdida de los comicios de 2012, \u201c\u00bfPor qu\u00e9 perdimos en el 2012, me dir\u00edas t\u00fa? T\u00fa estuviste en ese gobierno\u201d.<\/p>\n\n\n\n<p>\u201cS\u00ed, porque pusieron a Josefina (V\u00e1zquez Mota) como candidata [\u2026] Fue p\u00e9sima\u201d, a lo que Marko Cort\u00e9s argument\u00f3: \u201cYo te dir\u00eda que ella es una candidata que logr\u00f3 ganar dentro del PAN\u201d.<\/p>\n\n\n\n<figure class=\"wp-block-image size-full\"><img decoding=\"async\" width=\"607\" height=\"873\" src=\"https:\/\/losperiodistas.com.mx\/portal\/wp-content\/uploads\/2024\/07\/Captura-de-pantalla-2024-07-02-215537.png\" alt=\"\" class=\"wp-image-78552\" srcset=\"https:\/\/losperiodistas.com.mx\/portal\/wp-content\/uploads\/2024\/07\/Captura-de-pantalla-2024-07-02-215537.png 607w, https:\/\/losperiodistas.com.mx\/portal\/wp-content\/uploads\/2024\/07\/Captura-de-pantalla-2024-07-02-215537-209x300.png 209w\" sizes=\"(max-width: 607px) 100vw, 607px\" \/><figcaption>Cort\u00e9s enfrent\u00f3 a Calder\u00f3n. Foto: Cuartoscuro<\/figcaption><\/figure>\n\n\n\n<h2 class=\"wp-block-heading\"><strong>Acus\u00f3 a Lozano de estar molesto por no tener una diputaci\u00f3n plurinominal<\/strong><\/h2>\n\n\n\n<p>Ante los ataques, Cort\u00e9s afirm\u00f3 que estaba molesto porque no le dieron una diputaci\u00f3n plurinominal, ante lo cual, Lozano neg\u00f3 la declaraci\u00f3n, pero Cort\u00e9s revir\u00f3 con: \u201cno mientas, Javier. Claro que quer\u00edas algo\u201d.<\/p>\n\n\n\n<blockquote class=\"twitter-tweet\"><p lang=\"es\" dir=\"ltr\">.<a href=\"https:\/\/twitter.com\/FelipeCalderon?ref_src=twsrc%5Etfw\">@FelipeCalderon<\/a>, expl\u00edcanos por qu\u00e9 la peor ca\u00edda de votaci\u00f3n para <a href=\"https:\/\/twitter.com\/AccionNacional?ref_src=twsrc%5Etfw\">@AccionNacional<\/a> en la historia fue cuando fuiste presidente, dejando a nuestra candidata en tercer lugar. Aprovecho tambi\u00e9n para pedirte que nos expliques qu\u00e9 pas\u00f3 con Garc\u00eda Luna, porque sin tener ninguna\u2026 <a href=\"https:\/\/t.co\/pUSDDi3Ynt\">https:\/\/t.co\/pUSDDi3Ynt<\/a> <a href=\"https:\/\/t.co\/nc1n65eI0e\">pic.twitter.com\/nc1n65eI0e<\/a><\/p>&mdash; Marko Cort\u00e9s (@MarkoCortes) <a href=\"https:\/\/twitter.com\/MarkoCortes\/status\/1808232332509565204?ref_src=twsrc%5Etfw\">July 2, 2024<\/a><\/blockquote> <script async src=\"https:\/\/platform.twitter.com\/widgets.js\" charset=\"utf-8\"><\/script> \n\n\n\n<h2 class=\"wp-block-heading\"><strong>Pelea llega a las redes<\/strong><\/h2>\n\n\n\n<p>Luego de reclamar a Lozano la gesti\u00f3n de Calder\u00f3n y acusar que el caso contra Garc\u00eda Luna le cost\u00f3 pol\u00edticamente a X\u00f3chitl G\u00e1lvez, el expresidente respondi\u00f3.<\/p>\n\n\n\n<p>\u201cLa<strong> ca\u00edda del PAN<\/strong> tiene una explicaci\u00f3n muy clara: sus dirigentes, especialmente el actual, Marko Cort\u00e9s, se han servido con la cuchara grande. \u00bfSeis a\u00f1os en la dirigencia y solo cubri\u00f3 el 39% de representantes de casilla? \u00bfQu\u00e9 hizo en seis a\u00f1os, aparte de agandallarse las pluris y las notar\u00edas?\u201d, escribi\u00f3 Calder\u00f3n.<\/p>\n\n\n\n<p>Se\u00f1al\u00f3 que <strong>es justo la actitud de Cort\u00e9s<\/strong> la que hizo que la gente se alejara del panismo. \u201cLa otra es que la mezquindad de estos sujetos y algunos candidatos hizo que el PAN asumiera una narrativa lejana a los logros de sus gobiernos, dedicada a deslindarse de ellos, a pesar de que la opini\u00f3n p\u00fablica los evaluaba con los mejores\u201d, indic\u00f3.<\/p>\n\n\n\n<blockquote class=\"twitter-tweet\"><p lang=\"es\" dir=\"ltr\">Hay que reconocer y felicitar a <a href=\"https:\/\/twitter.com\/carlosalazraki?ref_src=twsrc%5Etfw\">@CarlosAlazraki<\/a> por su gran trabajo de exhibir lo m\u00e1s podrido de la extrema derecha mexicana, incluy\u00e9ndose a \u00e9l.<br><br>Miren este c\u00f3mico pleito entre el saco de pus Javier Lozano y el empeoraenfermos del PAN Marko Cort\u00e9s. <a href=\"https:\/\/t.co\/JcKCEEwL5y\">pic.twitter.com\/JcKCEEwL5y<\/a><\/p>&mdash; T\u00e9moris Grecko (@temoris) <a href=\"https:\/\/twitter.com\/temoris\/status\/1808196250736460246?ref_src=twsrc%5Etfw\">July 2, 2024<\/a><\/blockquote> <script async src=\"https:\/\/platform.twitter.com\/widgets.js\" charset=\"utf-8\"><\/script> \n\n\n\n<p>Ante estas cr\u00edticas, Cort\u00e9s le reclam\u00f3 al expresidente que explique \u201cpor qu\u00e9 la peor ca\u00edda de votaci\u00f3n para Acci\u00f3n Nacional en la historia fue cuando fuiste presidente, dejando a nuestra candidata en tercer lugar\u201d.<\/p>\n\n\n\n<p>\u201cAprovecho tambi\u00e9n para pedirte que nos expliques <strong>qu\u00e9 pas\u00f3 con Garc\u00eda Luna<\/strong>, porque sin tener ninguna responsabilidad, al PAN eso le provoc\u00f3 un enorme da\u00f1o en la campa\u00f1a, \u00bft\u00fa no te enterabas de lo que pasaba en tu gobierno o lo consent\u00edas?\u201d, insisti\u00f3 Cort\u00e9s Mendoza.<\/p>\n\n\n\n<p>Fuente: <a href=\"https:\/\/www.reporteindigo.com\/reporte\/javier-lozano-felipe-calderon-y-marko-cortes-pelean-el-mal-estado-del-pan-garcia-luna-y-las-pluris\/\" target=\"_blank\" rel=\"noreferrer noopener\">Reporte \u00cdndigo<\/a><\/p>\n","protected":false},"excerpt":{"rendered":"<p>Una conversaci\u00f3n para un programa de YouTube desat\u00f3 la batalla campal entre Cort\u00e9s y Lozano a la que despu\u00e9s se sum\u00f3 el expresidente v\u00eda redes sociales<\/p>\n","protected":false},"author":1,"featured_media":78553,"comment_status":"open","ping_status":"open","sticky":false,"template":"","format":"standard","meta":{"site-sidebar-layout":"default","site-content-layout":"","ast-site-content-layout":"default","site-content-style":"default","site-sidebar-style":"default","ast-global-header-display":"","ast-banner-title-visibility":"","ast-main-header-display":"","ast-hfb-above-header-display":"","ast-hfb-below-header-display":"","ast-hfb-mobile-header-display":"","site-post-title":"","ast-breadcrumbs-content":"","ast-featured-img":"","footer-sml-layout":"","theme-transparent-header-meta":"","adv-header-id-meta":"","stick-header-meta":"","header-above-stick-meta":"","header-main-stick-meta":"","header-below-stick-meta":"","astra-migrate-meta-layouts":"default","ast-page-background-enabled":"default","ast-page-background-meta":{"desktop":{"background-color":"var(--ast-global-color-4)","background-image":"","background-repeat":"repeat","background-position":"center center","background-size":"auto","background-attachment":"scroll","background-type":"","background-media":"","overlay-type":"","overlay-color":"","overlay-opacity":"","overlay-gradient":""},"tablet":{"background-color":"","background-image":"","background-repeat":"repeat","background-position":"center center","background-size":"auto","background-attachment":"scroll","background-type":"","background-media":"","overlay-type":"","overlay-color":"","overlay-opacity":"","overlay-gradient":""},"mobile":{"background-color":"","background-image":"","background-repeat":"repeat","background-position":"center center","background-size":"auto","background-attachment":"scroll","background-type":"","background-media":"","overlay-type":"","overlay-color":"","overlay-opacity":"","overlay-gradient":""}},"ast-content-background-meta":{"desktop":{"background-color":"var(--ast-global-color-5)","background-image":"","background-repeat":"repeat","background-position":"center center","background-size":"auto","background-attachment":"scroll","background-type":"","background-media":"","overlay-type":"","overlay-color":"","overlay-opacity":"","overlay-gradient":""},"tablet":{"background-color":"var(--ast-global-color-5)","background-image":"","background-repeat":"repeat","background-position":"center center","background-size":"auto","background-attachment":"scroll","background-type":"","background-media":"","overlay-type":"","overlay-color":"","overlay-opacity":"","overlay-gradient":""},"mobile":{"background-color":"var(--ast-global-color-5)","background-image":"","background-repeat":"repeat","background-position":"center center","background-size":"auto","background-attachment":"scroll","background-type":"","background-media":"","overlay-type":"","overlay-color":"","overlay-opacity":"","overlay-gradient":""}},"footnotes":""},"categories":[8],"tags":[26965,1735,14912,26963,2089,26964],"class_list":["post-78550","post","type-post","status-publish","format-standard","has-post-thumbnail","hentry","category-noticias","tag-atypical-te-ve","tag-felipe-calderon","tag-garcia-luna","tag-javier-lozano","tag-marko-cortes","tag-pluris"],"_links":{"self":[{"href":"https:\/\/losperiodistas.com.mx\/portal\/wp-json\/wp\/v2\/posts\/78550","targetHints":{"allow":["GET"]}}],"collection":[{"href":"https:\/\/losperiodistas.com.mx\/portal\/wp-json\/wp\/v2\/posts"}],"about":[{"href":"https:\/\/losperiodistas.com.mx\/portal\/wp-json\/wp\/v2\/types\/post"}],"author":[{"embeddable":true,"href":"https:\/\/losperiodistas.com.mx\/portal\/wp-json\/wp\/v2\/users\/1"}],"replies":[{"embeddable":true,"href":"https:\/\/losperiodistas.com.mx\/portal\/wp-json\/wp\/v2\/comments?post=78550"}],"version-history":[{"count":1,"href":"https:\/\/losperiodistas.com.mx\/portal\/wp-json\/wp\/v2\/posts\/78550\/revisions"}],"predecessor-version":[{"id":78554,"href":"https:\/\/losperiodistas.com.mx\/portal\/wp-json\/wp\/v2\/posts\/78550\/revisions\/78554"}],"wp:featuredmedia":[{"embeddable":true,"href":"https:\/\/losperiodistas.com.mx\/portal\/wp-json\/wp\/v2\/media\/78553"}],"wp:attachment":[{"href":"https:\/\/losperiodistas.com.mx\/portal\/wp-json\/wp\/v2\/media?parent=78550"}],"wp:term":[{"taxonomy":"category","embeddable":true,"href":"https:\/\/losperiodistas.com.mx\/portal\/wp-json\/wp\/v2\/categories?post=78550"},{"taxonomy":"post_tag","embeddable":true,"href":"https:\/\/losperiodistas.com.mx\/portal\/wp-json\/wp\/v2\/tags?post=78550"}],"curies":[{"name":"wp","href":"https:\/\/api.w.org\/{rel}","templated":true}]}}