{"id":78389,"date":"2024-05-09T17:44:00","date_gmt":"2024-05-09T22:44:00","guid":{"rendered":"http:\/\/losperiodistas.com.mx\/portal\/?p=78389"},"modified":"2024-07-01T13:00:22","modified_gmt":"2024-07-01T18:00:22","slug":"aprobacion-de-sustituciones-de-candidaturas-y-debates-municipales","status":"publish","type":"post","link":"https:\/\/losperiodistas.com.mx\/portal\/aprobacion-de-sustituciones-de-candidaturas-y-debates-municipales\/","title":{"rendered":"Aprobaci\u00f3n de Sustituciones de Candidaturas y Debates Municipales"},"content":{"rendered":"\n<p>El Consejo General del Instituto Electoral del Estado de Puebla (IEE) celebr\u00f3 este d\u00eda dos Sesiones Especiales, ambas con \u00fanico punto en el orden del d\u00eda.<\/p>\n\n\n\n<figure class=\"wp-block-image size-large\"><img fetchpriority=\"high\" decoding=\"async\" width=\"1024\" height=\"791\" src=\"https:\/\/losperiodistas.com.mx\/portal\/wp-content\/uploads\/2024\/07\/imagen-Boletin-090524-1024x791.jpeg\" alt=\"Debates municipales\" class=\"wp-image-78390\" srcset=\"https:\/\/losperiodistas.com.mx\/portal\/wp-content\/uploads\/2024\/07\/imagen-Boletin-090524-1024x791.jpeg 1024w, https:\/\/losperiodistas.com.mx\/portal\/wp-content\/uploads\/2024\/07\/imagen-Boletin-090524-300x232.jpeg 300w, https:\/\/losperiodistas.com.mx\/portal\/wp-content\/uploads\/2024\/07\/imagen-Boletin-090524-768x593.jpeg 768w, https:\/\/losperiodistas.com.mx\/portal\/wp-content\/uploads\/2024\/07\/imagen-Boletin-090524-1536x1187.jpeg 1536w, https:\/\/losperiodistas.com.mx\/portal\/wp-content\/uploads\/2024\/07\/imagen-Boletin-090524.jpeg 1600w\" sizes=\"(max-width: 1024px) 100vw, 1024px\" \/><figcaption>Aprobaci\u00f3n de debates municipales<\/figcaption><\/figure>\n\n\n\n<p class=\"has-vivid-red-color has-text-color\">Redacci\u00f3n<\/p>\n\n\n\n<p>En el desarrollo de la primera Sesi\u00f3n, se aprobaron 584 solicitudes de sustituciones de candidaturas y 2 desistimientos para el Proceso Electoral Estatal Ordinario Concurrente 2023-2024.<\/p>\n\n\n\n<p>Durante la segunda Sesi\u00f3n y derivado de solicitudes que presentaron las representaciones pol\u00edticas y candidaturas para la realizaci\u00f3n de Debates, entre personas candidatas a ocupar la Presidencia Municipal en el actual Proceso Electoral, se aprob\u00f3 la celebraci\u00f3n de los\u00a0<strong>debates<\/strong>\u00a0solicitados en los\u00a0<strong>Consejos Municipales Electorales de Teziutl\u00e1n, Libres, Xiutetelco, Tepanco de L\u00f3pez, Tecamachalco\u00a0<\/strong>y<strong>\u00a0Huejotzingo<\/strong>, esto debido a que se cubrieron los requisitos solicitados en los Lineamientos para la realizaci\u00f3n de debates p\u00fablicos entre candidaturas a los diversos cargos de elecci\u00f3n popular.<\/p>\n\n\n\n<p>Con estas acciones el IEE cumple con los principios rectores de legalidad, imparcialidad, objetividad, certeza, independencia, paridad de g\u00e9nero y m\u00e1xima publicidad.<\/p>\n","protected":false},"excerpt":{"rendered":"<p>El Consejo General del Instituto Electoral del Estado de Puebla (IEE) celebr\u00f3 este d\u00eda dos Sesiones Especiales, ambas con \u00fanico punto en el orden del d\u00eda.<\/p>\n","protected":false},"author":1,"featured_media":78390,"comment_status":"open","ping_status":"open","sticky":false,"template":"","format":"standard","meta":{"site-sidebar-layout":"default","site-content-layout":"","ast-site-content-layout":"default","site-content-style":"default","site-sidebar-style":"default","ast-global-header-display":"","ast-banner-title-visibility":"","ast-main-header-display":"","ast-hfb-above-header-display":"","ast-hfb-below-header-display":"","ast-hfb-mobile-header-display":"","site-post-title":"","ast-breadcrumbs-content":"","ast-featured-img":"","footer-sml-layout":"","theme-transparent-header-meta":"","adv-header-id-meta":"","stick-header-meta":"","header-above-stick-meta":"","header-main-stick-meta":"","header-below-stick-meta":"","astra-migrate-meta-layouts":"default","ast-page-background-enabled":"default","ast-page-background-meta":{"desktop":{"background-color":"var(--ast-global-color-4)","background-image":"","background-repeat":"repeat","background-position":"center center","background-size":"auto","background-attachment":"scroll","background-type":"","background-media":"","overlay-type":"","overlay-color":"","overlay-opacity":"","overlay-gradient":""},"tablet":{"background-color":"","background-image":"","background-repeat":"repeat","background-position":"center center","background-size":"auto","background-attachment":"scroll","background-type":"","background-media":"","overlay-type":"","overlay-color":"","overlay-opacity":"","overlay-gradient":""},"mobile":{"background-color":"","background-image":"","background-repeat":"repeat","background-position":"center center","background-size":"auto","background-attachment":"scroll","background-type":"","background-media":"","overlay-type":"","overlay-color":"","overlay-opacity":"","overlay-gradient":""}},"ast-content-background-meta":{"desktop":{"background-color":"var(--ast-global-color-5)","background-image":"","background-repeat":"repeat","background-position":"center center","background-size":"auto","background-attachment":"scroll","background-type":"","background-media":"","overlay-type":"","overlay-color":"","overlay-opacity":"","overlay-gradient":""},"tablet":{"background-color":"var(--ast-global-color-5)","background-image":"","background-repeat":"repeat","background-position":"center center","background-size":"auto","background-attachment":"scroll","background-type":"","background-media":"","overlay-type":"","overlay-color":"","overlay-opacity":"","overlay-gradient":""},"mobile":{"background-color":"var(--ast-global-color-5)","background-image":"","background-repeat":"repeat","background-position":"center center","background-size":"auto","background-attachment":"scroll","background-type":"","background-media":"","overlay-type":"","overlay-color":"","overlay-opacity":"","overlay-gradient":""}},"footnotes":""},"categories":[8],"tags":[26889,13297,26888],"class_list":["post-78389","post","type-post","status-publish","format-standard","has-post-thumbnail","hentry","category-noticias","tag-debates-municipales","tag-iee","tag-sustitucion-de-candidaturas"],"_links":{"self":[{"href":"https:\/\/losperiodistas.com.mx\/portal\/wp-json\/wp\/v2\/posts\/78389","targetHints":{"allow":["GET"]}}],"collection":[{"href":"https:\/\/losperiodistas.com.mx\/portal\/wp-json\/wp\/v2\/posts"}],"about":[{"href":"https:\/\/losperiodistas.com.mx\/portal\/wp-json\/wp\/v2\/types\/post"}],"author":[{"embeddable":true,"href":"https:\/\/losperiodistas.com.mx\/portal\/wp-json\/wp\/v2\/users\/1"}],"replies":[{"embeddable":true,"href":"https:\/\/losperiodistas.com.mx\/portal\/wp-json\/wp\/v2\/comments?post=78389"}],"version-history":[{"count":3,"href":"https:\/\/losperiodistas.com.mx\/portal\/wp-json\/wp\/v2\/posts\/78389\/revisions"}],"predecessor-version":[{"id":78394,"href":"https:\/\/losperiodistas.com.mx\/portal\/wp-json\/wp\/v2\/posts\/78389\/revisions\/78394"}],"wp:featuredmedia":[{"embeddable":true,"href":"https:\/\/losperiodistas.com.mx\/portal\/wp-json\/wp\/v2\/media\/78390"}],"wp:attachment":[{"href":"https:\/\/losperiodistas.com.mx\/portal\/wp-json\/wp\/v2\/media?parent=78389"}],"wp:term":[{"taxonomy":"category","embeddable":true,"href":"https:\/\/losperiodistas.com.mx\/portal\/wp-json\/wp\/v2\/categories?post=78389"},{"taxonomy":"post_tag","embeddable":true,"href":"https:\/\/losperiodistas.com.mx\/portal\/wp-json\/wp\/v2\/tags?post=78389"}],"curies":[{"name":"wp","href":"https:\/\/api.w.org\/{rel}","templated":true}]}}