{"id":78291,"date":"2024-06-30T09:44:57","date_gmt":"2024-06-30T14:44:57","guid":{"rendered":"https:\/\/losperiodistas.com.mx\/portal\/?p=78291"},"modified":"2024-06-30T09:44:59","modified_gmt":"2024-06-30T14:44:59","slug":"inversionistas-y-oposicion-temen-que-amlo-dirija-el-pais-tras-bastidores-the-wall-street-journal-la-lista","status":"publish","type":"post","link":"https:\/\/losperiodistas.com.mx\/portal\/inversionistas-y-oposicion-temen-que-amlo-dirija-el-pais-tras-bastidores-the-wall-street-journal-la-lista\/","title":{"rendered":"Inversionistas y oposici\u00f3n temen que AMLO \u2018dirija el pa\u00eds tras bastidores\u2019: The Wall Street Journal | La-Lista"},"content":{"rendered":"\n<p class=\"has-medium-font-size\">El pr\u00f3ximo 1 de octubre, Sheinbaum se convertir\u00e1 en la primera presidenta de M\u00e9xico.<\/p>\n\n\n\n<figure class=\"wp-block-image size-large\"><img fetchpriority=\"high\" decoding=\"async\" width=\"1024\" height=\"576\" src=\"https:\/\/losperiodistas.com.mx\/portal\/wp-content\/uploads\/2024\/06\/amlo-sheinbaum-gira-1024x576.jpg\" alt=\"\" class=\"wp-image-78292\" srcset=\"https:\/\/losperiodistas.com.mx\/portal\/wp-content\/uploads\/2024\/06\/amlo-sheinbaum-gira-1024x576.jpg 1024w, https:\/\/losperiodistas.com.mx\/portal\/wp-content\/uploads\/2024\/06\/amlo-sheinbaum-gira-300x169.jpg 300w, https:\/\/losperiodistas.com.mx\/portal\/wp-content\/uploads\/2024\/06\/amlo-sheinbaum-gira-768x432.jpg 768w, https:\/\/losperiodistas.com.mx\/portal\/wp-content\/uploads\/2024\/06\/amlo-sheinbaum-gira.jpg 1280w\" sizes=\"(max-width: 1024px) 100vw, 1024px\" \/><figcaption>Sheinbaum y AMLO durante una gira de trabajo. Foto: Gobierno de M\u00e9xico.<\/figcaption><\/figure>\n\n\n\n<p><\/p>\n\n\n\n<p class=\"has-vivid-red-color has-text-color has-medium-font-size\"><strong>Redacci\u00f3n La-Lista<\/strong><\/p>\n\n\n\n<p>Algunos inversionistas e integrantes de los partidos de oposici\u00f3n expresaron su temor de que el presidente Andr\u00e9s Manuel L\u00f3pez Obrador (AMLO) gobierno \u2019tras bastidores\u2019 durante el sexenio de la presidenta electa&nbsp;<a href=\"https:\/\/la-lista.com\/poder\/politica\/2024\/06\/28\/mujeres-en-el-gabinete-de-sheinbaum-con-mas-margen-de-maniobra\">Claudia Sheinbaum<\/a>, asegura el diario estadounidense&nbsp;<em>The Wall Street Journal<\/em>.<\/p>\n\n\n\n<p>El pr\u00f3ximo primero de octubre se llevar\u00e1 a cabo el cambio de titular en la presidencia del pa\u00eds, luego de que Sheinbaum venciera con casi el 60% de los votos a X\u00f3chitl G\u00e1lvez, candidata del PAN, PRI y PRD, en las elecciones del pasado 2 de junio.<\/p>\n\n\n\n<p>El periodista Jos\u00e9 de C\u00f3rdoba entrevist\u00f3 a integrantes de fondos de inversi\u00f3n y de think tank, quienes mostraron su recelo a que el mandatario mexicano de verdad se retire de la vida p\u00fablicas tras concluir su sexenio.<\/p>\n\n\n\n<p>\u201cLa habilidad de L\u00f3pez Obrador para conseguir apoyo, y su gusto por disfrutarlo, preocupa a los inversionistas y opositores, de que no solo est\u00e9 pasando el poder a su sucesora y protegida, la presidenta electa Claudia Sheinbaum, sino que dirija el pa\u00eds tras bastidores\u201d, dice el art\u00edculo titulado \u201c<a href=\"https:\/\/www.wsj.com\/world\/americas\/mexicos-president-calls-it-a-farewell-tour-his-critics-see-a-power-move-0307ca1e?st=qefw1r9nilocr5l\" target=\"_blank\" rel=\"noreferrer noopener\">El presidente de M\u00e9xico lo llama gira de despedida. Sus cr\u00edticos lo ven como un movimiento de pod<em>er<\/em><\/a>\u201c.<\/p>\n\n\n\n<div class=\"wp-block-image\"><figure class=\"alignleft is-resized\"><a href=\"https:\/\/la-lista.com\/poder\/politica\/2024\/06\/10\/sheinbaum-pacta-con-amlo-consulta-amplia-sobre-reforma-judicial\" target=\"_blank\" rel=\"noreferrer noopener\"><img decoding=\"async\" src=\"https:\/\/i0.wp.com\/la-lista.com\/wp-content\/uploads\/2024\/06\/sheinbaum-reforma-judicial.jpeg?resize=600%2C400&amp;ssl=1\" alt=\"Inversionistas y oposici\u00f3n temen que AMLO \u2018dirija el pa\u00eds tras bastidores\u2019: The Wall Street Journal - sheinbaum-reforma-judicial-600x400\" width=\"-302\" height=\"-201\" title=\"Sheinbaum pacta con AMLO \u201cconsulta amplia\u201d sobre reforma judicial\"\/><\/a><\/figure><\/div>\n\n\n\n<p><a target=\"_blank\" href=\"https:\/\/la-lista.com\/seccion\/poder\" rel=\"noreferrer noopener\">PODER<\/a><strong><a target=\"_blank\" href=\"https:\/\/la-lista.com\/poder\/politica\/2024\/06\/10\/sheinbaum-pacta-con-amlo-consulta-amplia-sobre-reforma-judicial\" rel=\"noreferrer noopener\">Sheinbaum pacta con AMLO \u201cconsulta amplia\u201d sobre reforma judicial<\/a><\/strong><a target=\"_blank\" href=\"https:\/\/la-lista.com\/poder\/politica\/2024\/06\/10\/sheinbaum-pacta-con-amlo-consulta-amplia-sobre-reforma-judicial\" rel=\"noreferrer noopener\">LEER MAS<\/a><\/p>\n\n\n\n<p><\/p>\n\n\n\n<p><\/p>\n\n\n\n<p>En este sentido se expresa Alejo Czerwonko, ejecutivo de UBS Global Wealth Management, quien dice que \u201cel camino por delante para M\u00e9xico est\u00e1 nublado\u201d, luego de que se anunciara que en septiembre pr\u00f3ximo se discutir\u00e1 la reforma al Poder Judicial, que busca que algunos de sus integrantes sean designados por el voto popular.<\/p>\n\n\n\n<p>En diversas ocasiones, AMLO ha asegurado que una vez termine su mandato se retirar\u00e1 de la vida p\u00fablica y radicar\u00e1 en su quinta en Palenque, Tabasco; incluso, ha asegurado que no le dar\u00e1 instrucciones a Claudia Sheinbaum.<\/p>\n\n\n\n<p>\u201c\u00bfC\u00f3mo se va a parecer a m\u00ed, c\u00f3mo voy a estar yo detr\u00e1s, si yo tengo principios e ideales, igual que ella, igual que Claudia?\u201d, dijo apenas el pasado 10 de junio.&nbsp;<\/p>\n\n\n\n<figure class=\"wp-block-image\"><img decoding=\"async\" src=\"https:\/\/i0.wp.com\/la-lista.com\/wp-content\/uploads\/2024\/06\/sismo-oaxaca.jpg?resize=800%2C450&amp;ssl=1\" alt=\"Inversionistas y oposici\u00f3n temen que AMLO \u2018dirija el pa\u00eds tras bastidores\u2019: The Wall Street Journal - sismo-oaxaca\" class=\"wp-image-649995\"\/><figcaption>Claudia Sheinbaum y L\u00f3pez Obrador en Oaxaca. Foto: Claudia Sheinbaum.<\/figcaption><\/figure>\n\n\n\n<p>Incluso, ha calificado como \u201cuna falta de respeto\u201d, los dichos sobre que \u00e9l le dar\u00e1 instrucciones a la pr\u00f3xima presidenta.<\/p>\n\n\n\n<p>Pese a ello, detalla&nbsp;<em>The Wall Street Journal<\/em>, persiste el miedo en inversionistas de que AMLO siga tras el poder.<\/p>\n\n\n\n<p>\u201cEst\u00e1 pasando el poder sin dejar de aferrarse a \u00e9l\u201d, asegura Eric Farnsworth, director de la oficina en Washington del think tank Consejo de las Am\u00e9ricas.<\/p>\n\n\n\n<p><\/p>\n\n\n\n<figure class=\"wp-block-image\"><img decoding=\"async\" src=\"https:\/\/i0.wp.com\/la-lista.com\/wp-content\/uploads\/2024\/04\/claudia-sheinbaum-joven-fb-13.jpg?resize=800%2C811&amp;ssl=1\" alt=\"Inversionistas y oposici\u00f3n temen que AMLO \u2018dirija el pa\u00eds tras bastidores\u2019: The Wall Street Journal - claudia-sheinbaum-joven-fb-13\" class=\"wp-image-617676\"\/><figcaption>AMLO y Claudia Sheinbaum. Foto: Facebook\/Claudia Sheinbaum<\/figcaption><\/figure>\n\n\n\n<p>Para Carlos Heredia, exdiputado por el PRD, L\u00f3pez Obrador \u201cest\u00e1 lejos de ser un presidente saliente\u201d y alert\u00f3 que \u201cSheinbaum est\u00e1 bajo la sombra del caudillo\u201d.<\/p>\n\n\n\n<p>Por ello, para Ryan Berg, director del Programa de las Am\u00e9ricas del Centro de Estudios Estrat\u00e9gicos e Internacionales de Washington, \u201cla cuesti\u00f3n de quien gobernara M\u00e9xico, en los primeros meses, es dif\u00edcil\u201d.<\/p>\n\n\n\n<p>Sobre el tema, Sheinbaum ha negado que vayan a existir las instrucciones de AMLO, una vez que ella asuma el poder.&nbsp;<\/p>\n\n\n\n<p>\u201cSon pl\u00e1ticas que tenemos en esta transici\u00f3n hist\u00f3rica que estamos teniendo porque, con el presidente L\u00f3pez Obrador, tengo el privilegio de que nos conocemos desde hace tiempo. Hemos trabajado casi 24 a\u00f1os\u201d, dijo el pasado 26 de junio.<\/p>\n\n\n\n<div class=\"wp-block-image\"><figure class=\"alignleft is-resized\"><a href=\"https:\/\/la-lista.com\/poder\/politica\/2024\/06\/28\/mujeres-en-el-gabinete-de-sheinbaum-con-mas-margen-de-maniobra\" target=\"_blank\" rel=\"noreferrer noopener\"><img decoding=\"async\" src=\"https:\/\/i0.wp.com\/la-lista.com\/wp-content\/uploads\/2024\/06\/mujeres_sheinbaum_gabinete.jpeg?resize=600%2C370&amp;ssl=1\" alt=\"Inversionistas y oposici\u00f3n temen que AMLO \u2018dirija el pa\u00eds tras bastidores\u2019: The Wall Street Journal - mujeres_sheinbaum_gabinete-600x370\" width=\"-278\" height=\"-171\" title=\"Mujeres en el gabinete de Sheinbaum, con m\u00e1s margen de maniobra que en sexenio de AMLO\"\/><\/a><\/figure><\/div>\n\n\n\n<p><a target=\"_blank\" href=\"https:\/\/la-lista.com\/seccion\/poder\" rel=\"noreferrer noopener\">PODER<\/a><strong><a target=\"_blank\" href=\"https:\/\/la-lista.com\/poder\/politica\/2024\/06\/28\/mujeres-en-el-gabinete-de-sheinbaum-con-mas-margen-de-maniobra\" rel=\"noreferrer noopener\">Mujeres en el gabinete de Sheinbaum, con m\u00e1s margen de maniobra que en sexenio de AMLO<\/a><\/strong><a target=\"_blank\" href=\"https:\/\/la-lista.com\/poder\/politica\/2024\/06\/28\/mujeres-en-el-gabinete-de-sheinbaum-con-mas-margen-de-maniobra\" rel=\"noreferrer noopener\">LEER MAS<\/a><\/p>\n\n\n\n<p><\/p>\n\n\n\n<p><\/p>\n\n\n\n<p><\/p>\n\n\n\n<p>Sheinbaum ha asistido a las giras de AMLO en diversos estados, en los que han recorrido obras como el Tren Maya o el Tren Trans\u00edstmico.<\/p>\n\n\n\n<p>El pr\u00f3ximo 1 de octubre, Sheinbaum se convertir\u00e1 en la primera presidenta de M\u00e9xico.<\/p>\n\n\n\n<p>Fuente: <a href=\"https:\/\/la-lista.com\/poder\/politica\/2024\/06\/29\/inversionistas-y-oposicion-temen-que-amlo-dirija-el-pais-tras-bastidores-the-wall-street-journal\">https:\/\/la-lista.com\/poder\/politica\/2024\/06\/29\/inversionistas-y-oposicion-temen-que-amlo-dirija-el-pais-tras-bastidores-the-wall-street-journal<\/a><\/p>\n","protected":false},"excerpt":{"rendered":"<p>El pr\u00f3ximo 1 de octubre, Sheinbaum se convertir\u00e1 en la primera presidenta de M\u00e9xico. Redacci\u00f3n La-Lista Algunos inversionistas e integrantes [&hellip;]<\/p>\n","protected":false},"author":1,"featured_media":78292,"comment_status":"open","ping_status":"open","sticky":false,"template":"","format":"standard","meta":{"site-sidebar-layout":"default","site-content-layout":"","ast-site-content-layout":"default","site-content-style":"default","site-sidebar-style":"default","ast-global-header-display":"","ast-banner-title-visibility":"","ast-main-header-display":"","ast-hfb-above-header-display":"","ast-hfb-below-header-display":"","ast-hfb-mobile-header-display":"","site-post-title":"","ast-breadcrumbs-content":"","ast-featured-img":"","footer-sml-layout":"","theme-transparent-header-meta":"","adv-header-id-meta":"","stick-header-meta":"","header-above-stick-meta":"","header-main-stick-meta":"","header-below-stick-meta":"","astra-migrate-meta-layouts":"default","ast-page-background-enabled":"default","ast-page-background-meta":{"desktop":{"background-color":"var(--ast-global-color-4)","background-image":"","background-repeat":"repeat","background-position":"center center","background-size":"auto","background-attachment":"scroll","background-type":"","background-media":"","overlay-type":"","overlay-color":"","overlay-opacity":"","overlay-gradient":""},"tablet":{"background-color":"","background-image":"","background-repeat":"repeat","background-position":"center center","background-size":"auto","background-attachment":"scroll","background-type":"","background-media":"","overlay-type":"","overlay-color":"","overlay-opacity":"","overlay-gradient":""},"mobile":{"background-color":"","background-image":"","background-repeat":"repeat","background-position":"center center","background-size":"auto","background-attachment":"scroll","background-type":"","background-media":"","overlay-type":"","overlay-color":"","overlay-opacity":"","overlay-gradient":""}},"ast-content-background-meta":{"desktop":{"background-color":"var(--ast-global-color-5)","background-image":"","background-repeat":"repeat","background-position":"center center","background-size":"auto","background-attachment":"scroll","background-type":"","background-media":"","overlay-type":"","overlay-color":"","overlay-opacity":"","overlay-gradient":""},"tablet":{"background-color":"var(--ast-global-color-5)","background-image":"","background-repeat":"repeat","background-position":"center center","background-size":"auto","background-attachment":"scroll","background-type":"","background-media":"","overlay-type":"","overlay-color":"","overlay-opacity":"","overlay-gradient":""},"mobile":{"background-color":"var(--ast-global-color-5)","background-image":"","background-repeat":"repeat","background-position":"center center","background-size":"auto","background-attachment":"scroll","background-type":"","background-media":"","overlay-type":"","overlay-color":"","overlay-opacity":"","overlay-gradient":""}},"footnotes":""},"categories":[8],"tags":[199,26837,25240],"class_list":["post-78291","post","type-post","status-publish","format-standard","has-post-thumbnail","hentry","category-noticias","tag-amlo","tag-temor-de-inversionistas","tag-the-wall-street-journal"],"_links":{"self":[{"href":"https:\/\/losperiodistas.com.mx\/portal\/wp-json\/wp\/v2\/posts\/78291","targetHints":{"allow":["GET"]}}],"collection":[{"href":"https:\/\/losperiodistas.com.mx\/portal\/wp-json\/wp\/v2\/posts"}],"about":[{"href":"https:\/\/losperiodistas.com.mx\/portal\/wp-json\/wp\/v2\/types\/post"}],"author":[{"embeddable":true,"href":"https:\/\/losperiodistas.com.mx\/portal\/wp-json\/wp\/v2\/users\/1"}],"replies":[{"embeddable":true,"href":"https:\/\/losperiodistas.com.mx\/portal\/wp-json\/wp\/v2\/comments?post=78291"}],"version-history":[{"count":1,"href":"https:\/\/losperiodistas.com.mx\/portal\/wp-json\/wp\/v2\/posts\/78291\/revisions"}],"predecessor-version":[{"id":78293,"href":"https:\/\/losperiodistas.com.mx\/portal\/wp-json\/wp\/v2\/posts\/78291\/revisions\/78293"}],"wp:featuredmedia":[{"embeddable":true,"href":"https:\/\/losperiodistas.com.mx\/portal\/wp-json\/wp\/v2\/media\/78292"}],"wp:attachment":[{"href":"https:\/\/losperiodistas.com.mx\/portal\/wp-json\/wp\/v2\/media?parent=78291"}],"wp:term":[{"taxonomy":"category","embeddable":true,"href":"https:\/\/losperiodistas.com.mx\/portal\/wp-json\/wp\/v2\/categories?post=78291"},{"taxonomy":"post_tag","embeddable":true,"href":"https:\/\/losperiodistas.com.mx\/portal\/wp-json\/wp\/v2\/tags?post=78291"}],"curies":[{"name":"wp","href":"https:\/\/api.w.org\/{rel}","templated":true}]}}