{"id":78288,"date":"2024-06-30T08:50:41","date_gmt":"2024-06-30T13:50:41","guid":{"rendered":"https:\/\/losperiodistas.com.mx\/portal\/?p=78288"},"modified":"2024-06-30T08:50:43","modified_gmt":"2024-06-30T13:50:43","slug":"la-46-marcha-del-orgullo-lgbtttiq-dio-cabida-a-la-visibilidad-la-celebracion-las-disidencias-y-una-contrapropuesta-animal-politico","status":"publish","type":"post","link":"https:\/\/losperiodistas.com.mx\/portal\/la-46-marcha-del-orgullo-lgbtttiq-dio-cabida-a-la-visibilidad-la-celebracion-las-disidencias-y-una-contrapropuesta-animal-politico\/","title":{"rendered":"La 46 Marcha del Orgullo LGBTTTIQ+ dio cabida a la visibilidad, la celebraci\u00f3n, las disidencias y una contrapropuesta | Animal Pol\u00edtico"},"content":{"rendered":"\n<p class=\"has-background has-medium-font-size\" style=\"background-color:#f3f755\">La edici\u00f3n 46 de la Marcha del Orgullo LGBTTTIQ+ se vivi\u00f3 entre expresiones de orgullo, protesta, visibilidad, exigencia e incluso activismo en contra del genocidio en Palestina.<\/p>\n\n\n\n<figure class=\"wp-block-image size-large\"><img fetchpriority=\"high\" decoding=\"async\" width=\"1024\" height=\"683\" src=\"https:\/\/losperiodistas.com.mx\/portal\/wp-content\/uploads\/2024\/06\/Marcha-Orgullo-CDMX-2024-4-1024x683.jpg\" alt=\"\" class=\"wp-image-78289\" srcset=\"https:\/\/losperiodistas.com.mx\/portal\/wp-content\/uploads\/2024\/06\/Marcha-Orgullo-CDMX-2024-4-1024x683.jpg 1024w, https:\/\/losperiodistas.com.mx\/portal\/wp-content\/uploads\/2024\/06\/Marcha-Orgullo-CDMX-2024-4-300x200.jpg 300w, https:\/\/losperiodistas.com.mx\/portal\/wp-content\/uploads\/2024\/06\/Marcha-Orgullo-CDMX-2024-4-768x512.jpg 768w, https:\/\/losperiodistas.com.mx\/portal\/wp-content\/uploads\/2024\/06\/Marcha-Orgullo-CDMX-2024-4.jpg 1200w\" sizes=\"(max-width: 1024px) 100vw, 1024px\" \/><figcaption>46 Marcha del Orgullo LGBTTTIQ+ en CDMX. Foto: Silvana Flores<\/figcaption><\/figure>\n\n\n\n<p><\/p>\n\n\n\n<p class=\"has-vivid-red-color has-text-color has-medium-font-size\"><strong>Marcela Nochebuena \/ Er\u00e9ndira Aquino \/ Animal Pol\u00edtico<\/strong><\/p>\n\n\n\n<p>30 de junio, 2024<\/p>\n\n\n\n<p><\/p>\n\n\n\n<p>La&nbsp;<strong>edici\u00f3n 46 de la&nbsp;<a href=\"https:\/\/animalpolitico.com\/genero-y-diversidad\/pendientes-comunidades-lgbtttiq-marcha-orgullo\" target=\"_blank\" rel=\"noreferrer noopener\">Marcha del Orgullo LGBTTTIQ+<\/a><\/strong>&nbsp;este s\u00e1bado 29 de junio estuvo marcada por todas las expresiones que cupieron en ella: aquellas que celebran los tramos recorridos en el reconocimiento de derechos y las que remarcan, con m\u00e1s fuerza, las agendas que han quedado olvidadas o a medio camino.&nbsp;La jornada fue de&nbsp;<strong>orgullo y protesta, de visibilidad y exigencia.<\/strong><\/p>\n\n\n\n<p>Incluso&nbsp;<strong>se gener\u00f3 una contrapropuesta<\/strong>&nbsp;que, tomando el mismo punto de partida, el \u00c1ngel de la Independencia, decidi\u00f3 marcar una ruta distinta en sentido contrario, geogr\u00e1fica e ideol\u00f3gicamente.<\/p>\n\n\n\n<p>Te puede interesar |&nbsp;&nbsp;<a href=\"https:\/\/animalpolitico.com\/tendencias\/estilo-de-vida\/marcha-lgbt-2024-cdmx-fotos\">Entre glitter, consignas y arco\u00edris, as\u00ed se vivi\u00f3 la Marcha LGBT 2024 en CDMX<\/a><\/p>\n\n\n\n<p>Con rumbo a Auditorio Nacional en lugar del Z\u00f3calo capitalino, la contramarcha hizo suyo el&nbsp;<strong>activismo en contra del genocidio en Palestina<\/strong>&nbsp;tanto como el rechazo al&nbsp;<em>pinkwashing<\/em>&nbsp;y al esp\u00edritu festivo, pero tambi\u00e9n al oportunismo de marcas comerciales, que ha permeado la marcha en los \u00faltimos a\u00f1os.<\/p>\n\n\n\n<p>Este 29 de junio,&nbsp;<strong>260 mil personas<\/strong>&nbsp;-entre integrantes de comit\u00e9s, colectivos, activistas y poblaci\u00f3n en general- ejercieron&nbsp;<strong>su derecho a la libre manifestaci\u00f3n,<\/strong>&nbsp;seg\u00fan estimaciones de autoridades capitalinas, quienes a\u00f1adieron que el saldo de todas las movilizaciones fue<strong>&nbsp;3 lesionados.<\/strong><\/p>\n\n\n\n<figure class=\"wp-block-image\" id=\"attachment_1418892\"><img decoding=\"async\" src=\"https:\/\/ap-cdn.sfo3.cdn.digitaloceanspaces.com\/uploads\/2024\/06\/Marcha-Orgullo-CDMX-comunidad-LGBTIQ-2024-600x400.jpg\" alt=\"Marcha-Orgullo-CDMX-comunidad-LGBTIQ-2024\" class=\"wp-image-1418892\"\/><figcaption>Marcha del Orgullo LGBTTTIQ+ 2024 en CDMX. Foto: Silvana Flores<\/figcaption><\/figure>\n\n\n\n<h2 class=\"wp-block-heading\">Una marcha con un aire m\u00e1s personal y menos comercial<\/h2>\n\n\n\n<p>Desde antes de las 10 de la ma\u00f1ana, algunas agendas pendientes en materia de salud \u2013como la atenci\u00f3n a infecciones frente a las que las poblaciones LGBT se encuentran en mayor vulnerabilidad\u2013 comenzaron a expresarse en la&nbsp;<strong>aplicaci\u00f3n gratuita de pruebas de detecci\u00f3n de VIH, s\u00edfilis y hepatitis C<\/strong>, iniciativa que sostuvieron organizaciones e instancias p\u00fablicas.<\/p>\n\n\n\n<p>Daniel Vallejo, del Centro Escolar Newton explic\u00f3 que, por ejemplo, su brigada asisti\u00f3 para hacer&nbsp;<strong>pruebas diagn\u00f3sticas de manera oportuna y gratuita<\/strong>, pues una de sus l\u00edneas de trabajo es la promoci\u00f3n a la salud. Desde antes de que se alinearan los primeros contingentes, citados a las 10 de la ma\u00f1ana, la instituci\u00f3n ya realizaba tres o cuatro pruebas simult\u00e1neas.<\/p>\n\n\n\n<p>A esa hora, a\u00fan parec\u00eda poca la afluencia en torno al \u00c1ngel de la Independencia, mientras lo evidente era la dispersi\u00f3n de los asistentes que iban llegando con sombrillas, diademas y vestimentas de colores a un monumento en el que, esta vez, a diferencia de otros a\u00f1os, no se hab\u00eda colocado podio ni templete. La presencia de instancias p\u00fablicas \u2013adem\u00e1s de aquellas que aplicaron pruebas o resguardaron a algunos asistentes\u2013 fue mucho menor.<\/p>\n\n\n\n<figure class=\"wp-block-image\" id=\"attachment_1418891\"><img decoding=\"async\" src=\"https:\/\/ap-cdn.sfo3.cdn.digitaloceanspaces.com\/uploads\/2024\/06\/Marcha-orgullo-CDMX--600x400.jpg\" alt=\"Marcha-orgullo-CDMX-\" class=\"wp-image-1418891\"\/><figcaption>Marcha del Orgullo LGBTTTIQ+ en CDMX. Foto: Silvana Flores<\/figcaption><\/figure>\n\n\n\n<p>Los carros aleg\u00f3ricos, igualmente, tomaron mucha m\u00e1s distancia, f\u00edsica y de presencia. La fila empezaba solo despu\u00e9s de la Glorieta de la Diana y aunque extensa, qued\u00f3 muy por detr\u00e1s de la vanguardia, de las organizaciones de la sociedad civil y de los bloques disidentes. Durante varias horas y kil\u00f3metros,<strong>&nbsp;la marcha tuvo un aire m\u00e1s personal y menos comercial que en otros a\u00f1os.<\/strong><\/p>\n\n\n\n<p>\u201cEste a\u00f1o todos nuestros esfuerzos est\u00e1n enfocados en la marcha a pie con los distintos contingentes registrados, poniendo las causas y las exigencias al frente\u2026 Les invitamos a que este a\u00f1o marchemos a pie juntes para&nbsp;<strong>exigir el \u2018Alto\u2019 a los discursos y cr\u00edmenes de odio&nbsp;<\/strong>por orientaci\u00f3n sexual, expresi\u00f3n o identidad de g\u00e9nero\u201d, hab\u00eda dicho hace unos d\u00edas el Comit\u00e9 IncluyeT, organizador tradicional de la marcha.<\/p>\n\n\n\n<p>Mientras las escalinatas e inmediaciones del \u00c1ngel iban llen\u00e1ndose, los integrantes de ese comit\u00e9 pasaban lista a un grupo de voluntarios que, m\u00e1s tarde y a lo largo de toda la ruta, sostendr\u00edan diversas atenciones: orientaci\u00f3n, necesidades espec\u00edficas en caso de alg\u00fan incidentes o contenci\u00f3n y gu\u00eda de los contingentes.<\/p>\n\n\n\n<p>Tambi\u00e9n lee |&nbsp;<a href=\"https:\/\/animalpolitico.com\/salud\/unidad-salud-integral-personas-trans-servicios-cdmx\" target=\"_blank\" rel=\"noreferrer noopener\">Conoce la Unidad de Salud Integral para Personas Trans; te decimos d\u00f3nde est\u00e1 y los servicios que ofrece<\/a><\/p>\n\n\n\n<p>Uno de ellos, Kevin Zepeda, cuenta que su presencia tuvo por objetivo dar un poco m\u00e1s de organizaci\u00f3n a la marcha, tomar en cuenta a todos los grupos LGBT y ayudar, en lo posible, a que todas las voces fueran escuchadas. \u201cPrincipalmente, darle ese sentido a todo el sonido que tiene esta comunidad, tanto personas como organizaciones y grupos vulnerables; vamos a estar al pendiente para generar un ambiente de armon\u00eda y respeto\u201d, asegura.<\/p>\n\n\n\n<p>\u00c9l cree que&nbsp;<strong>las dos vertientes, de orgullo y de protesta, caben en la marcha<\/strong>, pues si bien hay mucha visibilidad que expresar, a\u00fan hay demasiado que avanzar en leyes, programas, situaciones injustas o por mejorar. Entre ellas, a\u00fan hace falta trabajar, opina, con las personas que tienen otras ideolog\u00edas, no respetan o incluso les agreden: \u201cTiene que ser un punto clave en estos tiempos que estamos disfrutando de nuestro orgullo, y todos los d\u00edas, cada a\u00f1o\u201d.<\/p>\n\n\n\n<p>Entre esos pendientes figuran tambi\u00e9n la eliminaci\u00f3n de todo tipo de violencias hacia las poblaciones de la diversidad sexual, la falta de legislaciones integrales para las personas trans y la atenci\u00f3n a temas prioritarios de salud como el acceso a tratamientos para prevenir el VIH y los consumos problem\u00e1ticos de cristal entre hombres que tienen sexo con hombres, seg\u00fan&nbsp;<a href=\"https:\/\/animalpolitico.com\/genero-y-diversidad\/pendientes-comunidades-lgbtttiq-marcha-orgullo\" target=\"_blank\" rel=\"noreferrer noopener\">document\u00f3&nbsp;<em>Animal Pol\u00edtico.<\/em><\/a><\/p>\n\n\n\n<p>Alrededor del mediod\u00eda, finalmente, con varios contingentes ya formados para la salida, comenz\u00f3 el avance sobre Paseo de la Reforma, con una&nbsp;<strong>diversidad de causas y exigencias,<\/strong>&nbsp;como record\u00f3 en su momento el comit\u00e9: las personas refugiadas en M\u00e9xico que buscan protecci\u00f3n internacional por la persecuci\u00f3n en sus pa\u00edses, el reconocimiento del trabajo sexual como trabajo, el acompa\u00f1amiento a los padres y familias de personas que pertenecen a poblaciones LGBTTTIQ+, y el alto a los discursos y cr\u00edmenes de odio.<\/p>\n\n\n\n<figure class=\"wp-block-image\" id=\"attachment_1418899\"><img decoding=\"async\" src=\"https:\/\/ap-cdn.sfo3.cdn.digitaloceanspaces.com\/uploads\/2024\/06\/Marcha-Orgullo-CDMX-2024-3-600x400.jpg\" alt=\"\" class=\"wp-image-1418899\"\/><figcaption>46 Marcha del Orgullo LGBTTTIQ+ en CDMX. Foto: Silvana Flores<\/figcaption><\/figure>\n\n\n\n<p>Los organizadores y contingentes incluso&nbsp;<strong>promovieron un tramo de silencio<\/strong>&nbsp;de la Glorieta de las Mujeres que Luchan al Antimonumento a los 43. Ah\u00ed destacaban los pu\u00f1os en alto en se\u00f1al de memoria a las v\u00edctimas de violencia, aunque cada tanto eran interrumpidos por la ic\u00f3nica canci\u00f3n \u2018Todos me miran\u2019 de Gloria Trevi o consignas m\u00e1s festivas como \u201cEsos mirones, tambi\u00e9n son maricones\u201d o \u201cEducaci\u00f3n sexual, a todo heterosexual\u201d.<\/p>\n\n\n\n<h2 class=\"wp-block-heading\">\u201cSomos disidencia sexual, pero tambi\u00e9n pol\u00edtica\u201d<\/h2>\n\n\n\n<p>Tambi\u00e9n desde las 10 de la ma\u00f1ana, los colores de la bandera de Palestina comenzaron a hacerse notar en las inmediaciones del \u00c1ngel de la Independencia. Incluso, en su cara poniente, el texto que conserva en una de sus placas fue sustituido por una bandera pintada, obra de un contingente que abrazaba al mismo tiempo la causa trans.<\/p>\n\n\n\n<p>\u201cNo le interesamos (al gobierno); no les interesan las personas con VIH, no les interesan las personas con discapacidad, solo van a utilizarlas para instrumentalizarlas, y todo lo que puedan sacar de dinero lo van a hacer\u201d, repet\u00edan en el micr\u00f3fono frente a la pinta, mientras sosten\u00edan<strong>&nbsp;mantas que exig\u00edan la tipificaci\u00f3n del transfeminicidio<\/strong>&nbsp;y la Ley Integral para las personas trans.<\/p>\n\n\n\n<p>Unas cuantas escaleras abajo se congregaba el bloque disidente, un conjunto de organizaciones \u2013entre ellas Divu, VIHve Libre, Lleca y Racismo MX\u2013 que se dio a conocer como tal el a\u00f1o pasado y que march\u00f3 bajo el principio \u201cno es un d\u00eda de fiesta, es un d\u00eda de protesta\u201d. A diferencia de 2023, cuando su \u00e9nfasis estuvo en el<a href=\"https:\/\/animalpolitico.com\/salud\/desabasto-falta-acceso-tratamientos-prep-estados\" target=\"_blank\" rel=\"noreferrer noopener\"><strong>&nbsp;desabasto de medicamentos para prevenir y atender el VIH<\/strong><\/a>, esta vez lo fue, con mayor fuerza, la agenda trans.<\/p>\n\n\n\n<p>\u201cExigimos justicia para las mujeres trans, para todas las personas trans, ante un a\u00f1o sumamente violento, donde hasta ahora se han registrado 31 feminicidios en lo que va del a\u00f1o; exigimos justicia ahora que estamos vivas, que no nos quieran dar justicia una vez muertas, atrapando a nuestros agresores. Exigimos la<a href=\"https:\/\/animalpolitico.com\/genero-y-diversidad\/comunidades-trans-exigen-aprobar-ley-paola-buenrostro-transfeminicidios\" target=\"_blank\" rel=\"noreferrer noopener\"><strong>&nbsp;tipificaci\u00f3n del transfeminicidio<\/strong><\/a>&nbsp;en la Ciudad de M\u00e9xico\u201d, se\u00f1al\u00f3 al meg\u00e1fono Victoria S\u00e1mano, de Lleca.<\/p>\n\n\n\n<p>A\u00f1adi\u00f3 que las mujeres trans que principalmente son asesinadas son las trabajadoras sexuales, las pobres y las m\u00e1s precarizadas. Este a\u00f1o, en la Ciudad de M\u00e9xico \u2013remarc\u00f3\u2013 se han registrado ocho transfeminicidios, de los cuales solo hay tres agresores en el reclusorio. \u201c\u00bfD\u00f3nde est\u00e1 la justicia para ellas, d\u00f3nde est\u00e1 la justicia para quienes siguen ejerciendo el trabajo sexual, el cual no es reconocido como un trabajo?\u201d, cuestion\u00f3.<\/p>\n\n\n\n<p>\u201cAqu\u00ed est\u00e1, la resistencia trans\u201d y \u201cAqu\u00ed se ve, la furia NB (no binaria)\u201d, grit\u00f3 el bloque disidente minutos antes de su salida junto con el resto de los contingentes de la marcha. Era poco su avance cuando<strong>&nbsp;incorporaron a la protesta un ata\u00fad simb\u00f3lico<\/strong>, que cargaron durante toda la ruta de la marcha que m\u00e1s tarde, en su caso, se desvi\u00f3 por Eje Central hacia el Congreso capitalino en lugar del Z\u00f3calo.<\/p>\n\n\n\n<figure class=\"wp-block-image\" id=\"attachment_1418893\"><img decoding=\"async\" src=\"https:\/\/ap-cdn.sfo3.cdn.digitaloceanspaces.com\/uploads\/2024\/06\/Comunidad-Trans-CDMX--600x400.jpg\" alt=\"Comunidad-Trans-CDMX-Marcha-Orgullo-2024\" class=\"wp-image-1418893\"\/><figcaption>Nombramiento de las personas trans asesinadas en 2024 en la CDMX. Foto: Cuartoscuro<\/figcaption><\/figure>\n\n\n\n<p>Ah\u00ed recordaron la deuda que los legisladores locales tienen con las poblaciones trans, colgaron de las estatuas que resguardan sus puertas mantas con<strong>&nbsp;exigencias en torno a la Ley Integral Trans<\/strong>&nbsp;y a la tipificaci\u00f3n del transfeminicidio, colocaron el ata\u00fad sobre las escalinatas \u2013mientras un polic\u00eda capitalino, corporaci\u00f3n que comenz\u00f3 a marcarles el paso desde que cambiaron de ruta, suger\u00eda que deb\u00edan aprovechar para tirarlo de una vez cuando pas\u00f3 por ah\u00ed un carro de limpia\u2013, y aventaron a las paredes y puertas pintura blanca, rosa y azul.<\/p>\n\n\n\n<p>\u201cEstas disidencias s\u00ed me representan\u201d, se escuch\u00f3 entre el grupo seguido de un grito colectivo. S\u00e1mano destac\u00f3 que las reformas para que las mujeres trans sean consideradas dentro del delito de feminicidio&nbsp;<strong>no son suficientes porque viven violencias distintas<\/strong>: \u201cAqu\u00ed les dejamos los colores de la bandera trans para que se acuerden de la deuda hist\u00f3rica que tienen con las poblaciones trans \u2013continu\u00f3\u2013; este es un llamado tambi\u00e9n a la pr\u00f3xima jefa de gobierno, Clara Brugada\u201d.<\/p>\n\n\n\n<p>Puedes leer |&nbsp;<a href=\"https:\/\/animalpolitico.com\/genero-y-diversidad\/cdmx-asesinatos-mujeres-trans-feminicidios\" target=\"_blank\" rel=\"noreferrer noopener\">CDMX investigar\u00e1 asesinatos de mujeres trans como feminicidios<\/a><\/p>\n\n\n\n<p>Para ese momento, pasadas las 4 de la tarde, al Z\u00f3calo capitalino le quedaba cada vez menos espacio transitable ante un c\u00famulo de sombrillas, banderas y vestimentas con banderas arco\u00edris. La fiesta y los conciertos \u2013facilitados por un patrocinador diferente al comit\u00e9 organizador, que tambi\u00e9n<strong>&nbsp;renunci\u00f3 a ofrecer un evento art\u00edstico final para privilegiar las causas y las exigencias<\/strong>\u2013 hab\u00edan comenzado. El baile, la celebraci\u00f3n, la visibilidad y el orgullo, pero tambi\u00e9n la protesta y las disidencias, poco a poco dejaban kil\u00f3metros atr\u00e1s, sobre Paseo de la Reforma, al af\u00e1n comercial.<\/p>\n\n\n\n<h2 class=\"wp-block-heading\">La marcha sin orgullo<\/h2>\n\n\n\n<p>Mientras el tr\u00e1nsito se encontraba detenido rumbo al Z\u00f3calo, por carros aleg\u00f3ricos de empresas que participaron en la Marcha del Orgullo LGBT, del otro lado de la avenida Paseo de la Reforma<strong>&nbsp;avanz\u00f3 la autonombrada \u201ccontramarcha\u201d<\/strong>, cuyo destino fue la Embajada de Israel en M\u00e9xico, para protestar contra la guerra que ha dejado a 37 mil v\u00edctimas asesinadas en Palestina.<\/p>\n\n\n\n<p>Desde la estaci\u00f3n del Metrob\u00fas El \u00c1ngel, donde se reuni\u00f3 la contramarcha, les organizadores \u2013que llevaban banderas arco\u00edris, LGBT y de Palestina\u2013 dieron lectura a pronunciamientos en los que&nbsp;<a href=\"https:\/\/www.animalpolitico.com\/sociedad\/estudiantes-acampada-unam-palestina?rtbref=rtb_g22zzd7kjxvpvcvsb6fj_1713926461956\" target=\"_blank\" rel=\"noreferrer noopener\"><strong>condenaron el genocidio palestino<\/strong><\/a>&nbsp;y contra el uso que hacen distintas empresas de los colores de la bandera LGBT+ el mes de junio, con campa\u00f1as dirigidas a la comunidad.<\/p>\n\n\n\n<p>\u201cConvocamos a esta contramarcha porque los m\u00e1s de 30 transfeminicidios que van en 2024 rebasan nuestro luto y tenemos digna rabia, porque vivimos en un pa\u00eds colmado de LGBTfobia; seguimos sin tener algo qu\u00e9 celebrar. Este orgullo blanco, lleno de propaganda capitalista, no nos representa\u201d.<\/p>\n\n\n\n<figure class=\"wp-block-image\" id=\"attachment_1418894\"><img decoding=\"async\" src=\"https:\/\/ap-cdn.sfo3.cdn.digitaloceanspaces.com\/uploads\/2024\/06\/Contra-marcha-comunidad-LGBTIQ-Palestina-600x400.jpg\" alt=\"Contra-marcha-comunidad-LGBTIQ-Palestina\" class=\"wp-image-1418894\"\/><figcaption>Activismo en contra del genocidio en Palestina durante la Marcha del Orgullo. Foto: Silvana Flores<\/figcaption><\/figure>\n\n\n\n<p>\u201c<strong>Mientras se asesine a compa\u00f1eres, no hay orgullo<\/strong>; mientras se usen nuestros s\u00edmbolos y colores para esconder la barbarie, no hay orgullo; mientras los mismos que nos discriminan, invisibilizan y explotan, sigan pint\u00e1ndose de nuestros colores, no hay orgullo\u201d, expresaron antes de comenzar a marchar.<\/p>\n\n\n\n<p>El contingente avanz\u00f3 sobre Paseo de la Reforma, con direcci\u00f3n a Lomas de Chapultepec, mientras del otro lado de la avenida permanec\u00edan estacionados los carros aleg\u00f3ricos de la marcha que llegar\u00eda al Z\u00f3calo, con m\u00fasica a todo volumen y un ambiente de fiesta. A quienes se encontraban en estos veh\u00edculos, los manifestantes de la contramarcha los increparon con consignas como&nbsp;<strong>\u201cempresa, entiende, mi orgullo no se vende\u201d<\/strong>&nbsp;y \u201cmarica, consciente, se une al contingente\u201d.<\/p>\n\n\n\n<p>Al llegar a la entrada del Bosque de Chapultepec, la contramarcha se detuvo y algunes de les asistentes tuvieron la oportunidad de tomar el meg\u00e1fono para hablar, entre elles la activista trans&nbsp;Mikaelah Drullard, quien record\u00f3 \u201ca las&nbsp;<strong>37 mil v\u00edctimas asesinadas y 21 mil desaparecidas que ha dejado el genocidio<\/strong>: es much\u00edsima gente a la que se ha asesinado y es por eso que hoy parece que somos poquites frente a la multitud de la otra marcha, pero la rabia, la emoci\u00f3n, el sentimiento que nos trae hoy ac\u00e1 justamente no es el orgullo, la fiesta ni la celebraci\u00f3n, sino m\u00e1s bien un profundo deseo de transformaci\u00f3n del mundo\u201d.<\/p>\n\n\n\n<p>\u201cY el sue\u00f1o de que hasta que Palestina no sea liberada, hasta que Hait\u00ed, Sud\u00e1n, El Congo sean libres, hasta que en M\u00e9xico le den respuesta a las madres buscadoras y a los padres que les han desaparecido a m\u00e1s de 100 mil personas en este pa\u00eds, hasta que la tortura no sea sistem\u00e1tica y estructural, hasta que los feminicidios -que se asesinan 10 y 11 mujeres en promedio todos los d\u00edas-, hasta que los asesinatos de nuestras compa\u00f1eras trans y travestis no sean una realidad, hasta ese momento sentiremos orgullo\u201d, subray\u00f3 Drullard.<\/p>\n\n\n\n<p>Luego de estas palabras, el contingente continu\u00f3 su avance hasta el Campo Marte, donde algunos de los asistentes lanzaron latas de aerosol, entre&nbsp;<strong>consignas como \u201cmilitar, idiota, el gobierno tambi\u00e9n te explota\u201d,<\/strong>&nbsp;y realizaron un pase de lista de los 43 estudiantes normalistas de Ayotzinapa desaparecidos en septiembre de 2014, a lo que los soldados respondieron tomando video de quienes se acercaban a sus instalaciones.<\/p>\n\n\n\n<h2 class=\"wp-block-heading\">\u201cNunca m\u00e1s significa nunca m\u00e1s, para nadie\u201d<\/h2>\n\n\n\n<p>Unos metros antes de la puerta de acceso a la Embajada de Israel en M\u00e9xico, los manifestantes se encontraron con una valla met\u00e1lica, detr\u00e1s de la cual hab\u00eda decenas de polic\u00edas con equipo antimotines, a quienes<strong>&nbsp;lanzaron consignas previo al mitin<\/strong>&nbsp;en el que distintos colectivos realizaron pronunciamientos y performances.<\/p>\n\n\n\n<p>El primer acto fue el de une persone que se cort\u00f3 el cabello y fue ba\u00f1ada en pintura roja, mientras un violinista interpret\u00f3 una canci\u00f3n con una tonada triste, seguidos de dos representantes del grupo \u201cJud\u00edes por una Palestina libre\u201d, quienes cantaron dos canciones y emitieron un pronunciamiento.<\/p>\n\n\n\n<p>Tambi\u00e9n lee |&nbsp;<a href=\"https:\/\/animalpolitico.com\/sociedad\/que-significan-las-siglas-del-orgullo-lgbtttqia\" target=\"_blank\" rel=\"noreferrer noopener\">Qu\u00e9 significan las siglas del orgullo LGBTTTQIA<\/a><\/p>\n\n\n\n<p>\u201cComo persona jud\u00eda, como jud\u00edes nos solidarizamos con el pueblo palestino; los perpetradores en Israel, Estados Unidos y Europa afirman luchar en nuestro nombre, rechazamos esta pretensi\u00f3n; sabemos que nuestra libertad est\u00e1 entrelazada con la libertad de nuestros compa\u00f1eres de Palestina,&nbsp;<strong>nadie ser\u00e1 libre hasta que todes seamos libres<\/strong>\u201d, se\u00f1al\u00f3 una de ellas.<\/p>\n\n\n\n<p>Su compa\u00f1era, entre l\u00e1grimas, comparti\u00f3: \u201cnuestres ancestres&nbsp;<strong>se han enfrentado al genocidio, la limpieza \u00e9tnica y la violencia durante siglos<\/strong>, en honor a nuestres abueles, bisabueles y antepasades, no dejemos que la historia se repita, nunca m\u00e1s significa nunca m\u00e1s para nadie\u201d.<\/p>\n\n\n\n<p>Despu\u00e9s de estos actos, siguieron algunos pronunciamientos en los que se abordaron temas como los derechos laborales de las personas LGBT+ \u2013quienes a\u00fan no cuentan con las mismas condiciones que sus compa\u00f1eros de trabajo, o&nbsp;<strong>son discriminados por su identidad u orientaci\u00f3n sexual<\/strong>\u2013, y reiteraron su reclamo contra el&nbsp;<em>pinkwashing<\/em>&nbsp;de las empresas que convierten las luchas de las disidencias en productos de consumo.<\/p>\n\n\n\n<p>\u201cNo podemos permitir que las marcas que nos discriminan todo el a\u00f1o, nos pagan salarios de miseria, nos exigen cambiar nuestra apariencia o cometen violencia sist\u00e9mica contra la comunidad, de repente en junio se pinten de colores,&nbsp;<strong>cambien sus logos y act\u00faen como si fueran inclusivos todo el a\u00f1o<\/strong>. Recordemos que las primeras movilizaciones del orgullo tuvieron un signo sumamente combativo: contra las razzias, contra el autoritarismo, por la liberaci\u00f3n de ser lo que somos sin sufrir\u201d.<\/p>\n\n\n\n<p>\u201cNo dejemos que ese esp\u00edritu de lucha sea diluido por un desfile que no nos representa. Adem\u00e1s, este a\u00f1o tenemos una raz\u00f3n m\u00e1s por la cual alzar muy alto la voz:&nbsp;<strong>no puede haber orgullo con genocidio<\/strong>, no puede haber una fiesta del orgullo cuando decenas de miles de personas est\u00e1n siendo asesinadas por la ultraderecha sionista, supremacista y reaccionaria\u201d, se\u00f1alaron integrantes de Libres y Combativas MX.<\/p>\n\n\n\n<p>Al finalizar los pronunciamientos, un grupo de manifestantes lanz\u00f3 objetos y cohetones a los polic\u00edas, quienes en respuesta accionaron extintores y lanzaron un gas que provoc\u00f3 que quienes estaban presentes tuvieran ardor en los ojos, tos y dificultad para respirar.<\/p>\n\n\n\n<figure class=\"wp-block-image\" id=\"attachment_1418895\"><img decoding=\"async\" src=\"https:\/\/ap-cdn.sfo3.cdn.digitaloceanspaces.com\/uploads\/2024\/06\/Contramarcha-palestina-marcha-orgullo-cdmx-2024-600x400.jpg\" alt=\"Contramarcha-palestina-marcha-orgullo-cdmx-2024\" class=\"wp-image-1418895\"\/><figcaption>Contramarcha para protestar por el genocidio en Palestina. Foto: Silvana Flores<\/figcaption><\/figure>\n\n\n\n<p>Con ese acto concluy\u00f3 la movilizaci\u00f3n, y la contramarcha se retir\u00f3 en colectivo rumbo a la estaci\u00f3n m\u00e1s cercana del metro, donde los asistentes<strong>\u00a0se despidieron entre abrazos, l\u00e1grimas y risas,<\/strong>\u00a0con el compromiso de continuar con la exigencia de un alto al fuego en Gaza.<\/p>\n\n\n\n<p>Fuente: <a href=\"https:\/\/www.animalpolitico.com\/genero-y-diversidad\/marcha-orgullo-lgbtttiq-causas-exigencias\">https:\/\/www.animalpolitico.com\/genero-y-diversidad\/marcha-orgullo-lgbtttiq-causas-exigencias<\/a><\/p>\n","protected":false},"excerpt":{"rendered":"<p>La edici\u00f3n 46 de la Marcha del Orgullo LGBTTTIQ+ se vivi\u00f3 entre expresiones de orgullo, protesta, visibilidad, exigencia e incluso [&hellip;]<\/p>\n","protected":false},"author":1,"featured_media":78289,"comment_status":"open","ping_status":"open","sticky":false,"template":"","format":"standard","meta":{"site-sidebar-layout":"default","site-content-layout":"","ast-site-content-layout":"default","site-content-style":"default","site-sidebar-style":"default","ast-global-header-display":"","ast-banner-title-visibility":"","ast-main-header-display":"","ast-hfb-above-header-display":"","ast-hfb-below-header-display":"","ast-hfb-mobile-header-display":"","site-post-title":"","ast-breadcrumbs-content":"","ast-featured-img":"","footer-sml-layout":"","theme-transparent-header-meta":"","adv-header-id-meta":"","stick-header-meta":"","header-above-stick-meta":"","header-main-stick-meta":"","header-below-stick-meta":"","astra-migrate-meta-layouts":"default","ast-page-background-enabled":"default","ast-page-background-meta":{"desktop":{"background-color":"var(--ast-global-color-4)","background-image":"","background-repeat":"repeat","background-position":"center center","background-size":"auto","background-attachment":"scroll","background-type":"","background-media":"","overlay-type":"","overlay-color":"","overlay-opacity":"","overlay-gradient":""},"tablet":{"background-color":"","background-image":"","background-repeat":"repeat","background-position":"center center","background-size":"auto","background-attachment":"scroll","background-type":"","background-media":"","overlay-type":"","overlay-color":"","overlay-opacity":"","overlay-gradient":""},"mobile":{"background-color":"","background-image":"","background-repeat":"repeat","background-position":"center center","background-size":"auto","background-attachment":"scroll","background-type":"","background-media":"","overlay-type":"","overlay-color":"","overlay-opacity":"","overlay-gradient":""}},"ast-content-background-meta":{"desktop":{"background-color":"var(--ast-global-color-5)","background-image":"","background-repeat":"repeat","background-position":"center center","background-size":"auto","background-attachment":"scroll","background-type":"","background-media":"","overlay-type":"","overlay-color":"","overlay-opacity":"","overlay-gradient":""},"tablet":{"background-color":"var(--ast-global-color-5)","background-image":"","background-repeat":"repeat","background-position":"center center","background-size":"auto","background-attachment":"scroll","background-type":"","background-media":"","overlay-type":"","overlay-color":"","overlay-opacity":"","overlay-gradient":""},"mobile":{"background-color":"var(--ast-global-color-5)","background-image":"","background-repeat":"repeat","background-position":"center center","background-size":"auto","background-attachment":"scroll","background-type":"","background-media":"","overlay-type":"","overlay-color":"","overlay-opacity":"","overlay-gradient":""}},"footnotes":""},"categories":[8],"tags":[10863],"class_list":["post-78288","post","type-post","status-publish","format-standard","has-post-thumbnail","hentry","category-noticias","tag-marcha-orgullo-gay"],"_links":{"self":[{"href":"https:\/\/losperiodistas.com.mx\/portal\/wp-json\/wp\/v2\/posts\/78288","targetHints":{"allow":["GET"]}}],"collection":[{"href":"https:\/\/losperiodistas.com.mx\/portal\/wp-json\/wp\/v2\/posts"}],"about":[{"href":"https:\/\/losperiodistas.com.mx\/portal\/wp-json\/wp\/v2\/types\/post"}],"author":[{"embeddable":true,"href":"https:\/\/losperiodistas.com.mx\/portal\/wp-json\/wp\/v2\/users\/1"}],"replies":[{"embeddable":true,"href":"https:\/\/losperiodistas.com.mx\/portal\/wp-json\/wp\/v2\/comments?post=78288"}],"version-history":[{"count":1,"href":"https:\/\/losperiodistas.com.mx\/portal\/wp-json\/wp\/v2\/posts\/78288\/revisions"}],"predecessor-version":[{"id":78290,"href":"https:\/\/losperiodistas.com.mx\/portal\/wp-json\/wp\/v2\/posts\/78288\/revisions\/78290"}],"wp:featuredmedia":[{"embeddable":true,"href":"https:\/\/losperiodistas.com.mx\/portal\/wp-json\/wp\/v2\/media\/78289"}],"wp:attachment":[{"href":"https:\/\/losperiodistas.com.mx\/portal\/wp-json\/wp\/v2\/media?parent=78288"}],"wp:term":[{"taxonomy":"category","embeddable":true,"href":"https:\/\/losperiodistas.com.mx\/portal\/wp-json\/wp\/v2\/categories?post=78288"},{"taxonomy":"post_tag","embeddable":true,"href":"https:\/\/losperiodistas.com.mx\/portal\/wp-json\/wp\/v2\/tags?post=78288"}],"curies":[{"name":"wp","href":"https:\/\/api.w.org\/{rel}","templated":true}]}}