{"id":78275,"date":"2024-06-30T07:24:30","date_gmt":"2024-06-30T12:24:30","guid":{"rendered":"https:\/\/losperiodistas.com.mx\/portal\/?p=78275"},"modified":"2024-06-30T07:28:11","modified_gmt":"2024-06-30T12:28:11","slug":"el-papa-necesitamos-que-en-la-iglesia-y-la-sociedad-no-se-trate-a-nadie-como-impuro-vatican-news","status":"publish","type":"post","link":"https:\/\/losperiodistas.com.mx\/portal\/el-papa-necesitamos-que-en-la-iglesia-y-la-sociedad-no-se-trate-a-nadie-como-impuro-vatican-news\/","title":{"rendered":"El Papa: Necesitamos que en la Iglesia y la sociedad no se trate a nadie como \u201cimpuro\u201d | Vatican News"},"content":{"rendered":"\n<p class=\"has-luminous-vivid-amber-background-color has-background has-medium-font-size\">Este domingo 30 de junio, en su alocuci\u00f3n previa a la oraci\u00f3n del \u00e1ngelus, el Santo Padre centr\u00f3 su reflexi\u00f3n en el amor misericordioso de Dios que, \u201cfrente al sufrimiento del cuerpo y del esp\u00edritu, frente a las situaciones que nos abaten e incluso frente al pecado, Dios no nos mantiene a distancia, Dios no se averg\u00fcenza de nosotros, Dios no nos juzga; al contrario, se acerca para dejarse tocar y para tocarnos y siempre nos levanta de la muerte\u201d.<\/p>\n\n\n\n<figure class=\"wp-block-embed is-type-video is-provider-youtube wp-block-embed-youtube wp-embed-aspect-16-9 wp-has-aspect-ratio\"><div class=\"wp-block-embed__wrapper\">\n<iframe title=\"\u00c1ngelus 30 de junio de  2024 Papa Francisco\" width=\"500\" height=\"281\" src=\"https:\/\/www.youtube.com\/embed\/jOPYWvkDjSw?feature=oembed\" frameborder=\"0\" allow=\"accelerometer; autoplay; clipboard-write; encrypted-media; gyroscope; picture-in-picture; web-share\" referrerpolicy=\"strict-origin-when-cross-origin\" allowfullscreen><\/iframe>\n<\/div><\/figure>\n\n\n\n<p class=\"has-vivid-red-color has-text-color has-medium-font-size\"><strong>Renato Martinez  \/ Vatican News<\/strong><\/p>\n\n\n\n<p>\u201cNecesitamos que en Iglesia y en la sociedad no se excluya a nadie, que no trate a nadie como \u2018impuro\u2019, para que cada uno, con su propia historia, sea acogido y amado sin etiquetas ni prejuicios, sea amado sin adjetivos\u201d, esta fue la exhortaci\u00f3n que dirigi\u00f3 el Papa Francisco este domingo 30 de junio, en su reflexi\u00f3n previa a la oraci\u00f3n mariana del \u00e1ngelus, ante los miles de fieles y peregrinos que se dieron cita en la Plaza de San Pedro del Vaticano.<\/p>\n\n\n\n<h2 class=\"wp-block-heading\"><strong>Dos milagros que parece que est\u00e1n entrecruzados entre s\u00ed<\/strong><\/h2>\n\n\n\n<p>Al comentar el Evangelio de este XIII Domingo del Tiempo Ordinario, el Santo Padre dijo que san Marcos, \u201cnos relata dos milagros que parece que est\u00e1n entrecruzados entre s\u00ed\u201d, se trata de la resurrecci\u00f3n de la hija de Jairo y la curaci\u00f3n de la hemorro\u00edsa.<\/p>\n\n\n\n<p><em>\u201cMientras que Jes\u00fas va a casa de Jairo, uno de los responsables de la sinagoga, porque su hija peque\u00f1a est\u00e1 gravemente enferma, por el camino una mujer con hemorro\u00edsa le toca la t\u00fanica y \u00c9l se detiene para sanarla. Mientras tanto, anuncian que la hija de Jairo ha muerto, pero Jes\u00fas no se detiene, llega a la casa, va a la habitaci\u00f3n de la peque\u00f1a, la toma de la mano y la levanta, devolvi\u00e9ndola a la vida. Dos milagros, uno de curaci\u00f3n y otro de resurrecci\u00f3n\u201d.<\/em><\/p>\n\n\n\n<p>\u200e<\/p>\n\n\n\n<div class=\"wp-block-image\"><figure class=\"alignleft size-large is-resized\"><img decoding=\"async\" src=\"https:\/\/losperiodistas.com.mx\/portal\/wp-content\/uploads\/2024\/06\/IMG_5927-1-1024x435.jpeg\" alt=\"\" class=\"wp-image-78279\" width=\"192\" height=\"81\" srcset=\"https:\/\/losperiodistas.com.mx\/portal\/wp-content\/uploads\/2024\/06\/IMG_5927-1-1024x435.jpeg 1024w, https:\/\/losperiodistas.com.mx\/portal\/wp-content\/uploads\/2024\/06\/IMG_5927-1-300x127.jpeg 300w, https:\/\/losperiodistas.com.mx\/portal\/wp-content\/uploads\/2024\/06\/IMG_5927-1-768x326.jpeg 768w, https:\/\/losperiodistas.com.mx\/portal\/wp-content\/uploads\/2024\/06\/IMG_5927-1.jpeg 1152w\" sizes=\"(max-width: 192px) 100vw, 192px\" \/><\/figure><\/div>\n\n\n\n<p>\u200e<a href=\"https:\/\/whatsapp.com\/channel\/0029VaeRnMa77qVakJPLMI09\">Sigue el canal de Los Periodistas en WhatsApp<\/a><\/p>\n\n\n\n<p><\/p>\n\n\n\n<p><\/p>\n\n\n\n<h2 class=\"wp-block-heading\"><strong>Una concepci\u00f3n religiosa equivocada<\/strong><\/h2>\n\n\n\n<p>Estas dos curaciones, afirma el Papa Francisco se relatan en un \u00fanico episodio, y tienen como caracter\u00edstica que, ambas suceden a trav\u00e9s del contacto f\u00edsico. De ah\u00ed que el Pont\u00edfice se pregunta: \u00bfPor qu\u00e9 motivo es importante \u201ctocar\u201d? De acuerdo a la concepci\u00f3n religiosa de ese tiempo estas dos mujeres se consideran impuras y por lo tanto con ellas no pod\u00eda haber contacto f\u00edsico.<\/p>\n\n\n\n<p><em>\u201cEn cambio, Jes\u00fas se deja tocar y no teme tocar. Antes incluso de la curaci\u00f3n f\u00edsica, \u00c9l desaf\u00eda una concepci\u00f3n religiosa equivocada, seg\u00fan la cual Dios separa a los puros por un lado y a los impuros por otro. En cambio, Dios no hace esta separaci\u00f3n, porque todos somos sus hijos, y la impureza no deriva de alimentos, enfermedades y ni siquiera de la muerte, sino que la impuridad viene de un coraz\u00f3n impuro\u201d.<\/em><\/p>\n\n\n\n<h2 class=\"wp-block-heading\"><strong>Dios se deja tocar y nos levanta de la muerte<\/strong><\/h2>\n\n\n\n<p>De estas dos curaciones, el Obispo de Roma invita a que aprendamos que, frente al sufrimiento, a la debilidad y el pecado Dios no nos aleja de \u00c9l, no nos juzga, al contrario, se deja tocar y nos levanta.<\/p>\n\n\n\n<p><em>\u201cFrente a los sufrimientos del cuerpo y del esp\u00edritu, frente a las heridas del alma, frente a las situaciones que nos abaten e incluso frente al pecado, Dios no nos mantiene a distancia, Dios no se averg\u00fcenza de nosotros, Dios no nos juzga; al contrario, \u00c9l se acerca para dejarse tocar y para tocarnos y siempre nos levanta de la muerte. Siempre nos toma de la mano para decirnos: \u00a1Hija, hijo, lev\u00e1ntate, camina, ve adelante!\u201d.<\/em><\/p>\n\n\n\n<h2 class=\"wp-block-heading\"><strong>Jes\u00fas no discrimina a nadie porque ama a todos<\/strong><\/h2>\n\n\n\n<p>Por ello, el Pont\u00edfice alienta a que fijemos en el coraz\u00f3n esta imagen de Jes\u00fas que nos toma de la mano y nos cura, toc\u00e1ndonos nos da vida nueva.<\/p>\n\n\n\n<p><em>\u201cDios es el que te toma de la mano y te levanta, el que se deja tocar por tu dolor y te toca para curarte y darte de nuevo la vida. \u00c9l no discrimina a nadie porque ama a todos\u201d.<\/em><\/p>\n\n\n\n<h2 class=\"wp-block-heading\"><strong>Todos sean acogidos y amados sin etiquetas ni prejuicios<\/strong><\/h2>\n\n\n\n<p>Antes de invocar la intercesi\u00f3n de la Virgen Mar\u00eda, Madre de la ternura, por nosotros y por el mundo entero, el Papa Francisco pregunt\u00f3 a los presentes si etiquetamos a las personas e invit\u00f3 a hacernos estas preguntas que nos har\u00e1n mucho bien.<\/p>\n\n\n\n<p><em>\u201c\u00bfNosotros creemos que Dios es as\u00ed? \u00bfNos dejamos tocar por el Se\u00f1or, por su Palabra, por su amor? \u00bfEntramos en relaci\u00f3n con los hermanos ofreci\u00e9ndoles una mano para levantarse o nos mantenemos a distancia y etiquetamos a las personas en base a nuestros gustos y a nuestras preferencias?\u201d.<\/em><\/p>\n","protected":false},"excerpt":{"rendered":"<p>Este domingo 30 de junio, en su alocuci\u00f3n previa a la oraci\u00f3n del \u00e1ngelus, el Santo Padre centr\u00f3 su reflexi\u00f3n [&hellip;]<\/p>\n","protected":false},"author":1,"featured_media":78276,"comment_status":"open","ping_status":"open","sticky":false,"template":"","format":"standard","meta":{"site-sidebar-layout":"default","site-content-layout":"","ast-site-content-layout":"default","site-content-style":"default","site-sidebar-style":"default","ast-global-header-display":"","ast-banner-title-visibility":"","ast-main-header-display":"","ast-hfb-above-header-display":"","ast-hfb-below-header-display":"","ast-hfb-mobile-header-display":"","site-post-title":"","ast-breadcrumbs-content":"","ast-featured-img":"","footer-sml-layout":"","theme-transparent-header-meta":"","adv-header-id-meta":"","stick-header-meta":"","header-above-stick-meta":"","header-main-stick-meta":"","header-below-stick-meta":"","astra-migrate-meta-layouts":"default","ast-page-background-enabled":"default","ast-page-background-meta":{"desktop":{"background-color":"var(--ast-global-color-4)","background-image":"","background-repeat":"repeat","background-position":"center center","background-size":"auto","background-attachment":"scroll","background-type":"","background-media":"","overlay-type":"","overlay-color":"","overlay-opacity":"","overlay-gradient":""},"tablet":{"background-color":"","background-image":"","background-repeat":"repeat","background-position":"center center","background-size":"auto","background-attachment":"scroll","background-type":"","background-media":"","overlay-type":"","overlay-color":"","overlay-opacity":"","overlay-gradient":""},"mobile":{"background-color":"","background-image":"","background-repeat":"repeat","background-position":"center center","background-size":"auto","background-attachment":"scroll","background-type":"","background-media":"","overlay-type":"","overlay-color":"","overlay-opacity":"","overlay-gradient":""}},"ast-content-background-meta":{"desktop":{"background-color":"var(--ast-global-color-5)","background-image":"","background-repeat":"repeat","background-position":"center center","background-size":"auto","background-attachment":"scroll","background-type":"","background-media":"","overlay-type":"","overlay-color":"","overlay-opacity":"","overlay-gradient":""},"tablet":{"background-color":"var(--ast-global-color-5)","background-image":"","background-repeat":"repeat","background-position":"center center","background-size":"auto","background-attachment":"scroll","background-type":"","background-media":"","overlay-type":"","overlay-color":"","overlay-opacity":"","overlay-gradient":""},"mobile":{"background-color":"var(--ast-global-color-5)","background-image":"","background-repeat":"repeat","background-position":"center center","background-size":"auto","background-attachment":"scroll","background-type":"","background-media":"","overlay-type":"","overlay-color":"","overlay-opacity":"","overlay-gradient":""}},"footnotes":""},"categories":[8],"tags":[26833,196,26832,22393],"class_list":["post-78275","post","type-post","status-publish","format-standard","has-post-thumbnail","hentry","category-noticias","tag-impuros","tag-papa-francisco","tag-pecado","tag-sufrimiento"],"_links":{"self":[{"href":"https:\/\/losperiodistas.com.mx\/portal\/wp-json\/wp\/v2\/posts\/78275","targetHints":{"allow":["GET"]}}],"collection":[{"href":"https:\/\/losperiodistas.com.mx\/portal\/wp-json\/wp\/v2\/posts"}],"about":[{"href":"https:\/\/losperiodistas.com.mx\/portal\/wp-json\/wp\/v2\/types\/post"}],"author":[{"embeddable":true,"href":"https:\/\/losperiodistas.com.mx\/portal\/wp-json\/wp\/v2\/users\/1"}],"replies":[{"embeddable":true,"href":"https:\/\/losperiodistas.com.mx\/portal\/wp-json\/wp\/v2\/comments?post=78275"}],"version-history":[{"count":3,"href":"https:\/\/losperiodistas.com.mx\/portal\/wp-json\/wp\/v2\/posts\/78275\/revisions"}],"predecessor-version":[{"id":78280,"href":"https:\/\/losperiodistas.com.mx\/portal\/wp-json\/wp\/v2\/posts\/78275\/revisions\/78280"}],"wp:featuredmedia":[{"embeddable":true,"href":"https:\/\/losperiodistas.com.mx\/portal\/wp-json\/wp\/v2\/media\/78276"}],"wp:attachment":[{"href":"https:\/\/losperiodistas.com.mx\/portal\/wp-json\/wp\/v2\/media?parent=78275"}],"wp:term":[{"taxonomy":"category","embeddable":true,"href":"https:\/\/losperiodistas.com.mx\/portal\/wp-json\/wp\/v2\/categories?post=78275"},{"taxonomy":"post_tag","embeddable":true,"href":"https:\/\/losperiodistas.com.mx\/portal\/wp-json\/wp\/v2\/tags?post=78275"}],"curies":[{"name":"wp","href":"https:\/\/api.w.org\/{rel}","templated":true}]}}