{"id":78269,"date":"2024-06-30T07:13:24","date_gmt":"2024-06-30T12:13:24","guid":{"rendered":"https:\/\/losperiodistas.com.mx\/portal\/?p=78269"},"modified":"2024-06-30T07:13:27","modified_gmt":"2024-06-30T12:13:27","slug":"ninas-indigenas-abusadas-por-sus-maestros-500-casos-destapan-el-terror-en-la-amazonia-peruana-france-24","status":"publish","type":"post","link":"https:\/\/losperiodistas.com.mx\/portal\/ninas-indigenas-abusadas-por-sus-maestros-500-casos-destapan-el-terror-en-la-amazonia-peruana-france-24\/","title":{"rendered":"Ni\u00f1as ind\u00edgenas abusadas por sus maestros: 500 casos destapan el terror en la Amazon\u00eda peruana | France 24"},"content":{"rendered":"\n<p class=\"has-medium-font-size\">Los reportes por violencia sexual a escolares se acumulan desde el 2010 sin que las autoridades ejerzan justicia. De los profesores denunciados, solo a la quinta parte se les hab\u00eda sancionado a nivel administrativo.<\/p>\n\n\n\n<figure class=\"wp-block-image size-large\"><img fetchpriority=\"high\" decoding=\"async\" width=\"1024\" height=\"576\" src=\"https:\/\/losperiodistas.com.mx\/portal\/wp-content\/uploads\/2024\/06\/Captura-de-Pantalla-2024-06-30-a-las-6.09.21-1024x576.jpg\" alt=\"\" class=\"wp-image-78270\" srcset=\"https:\/\/losperiodistas.com.mx\/portal\/wp-content\/uploads\/2024\/06\/Captura-de-Pantalla-2024-06-30-a-las-6.09.21-1024x576.jpg 1024w, https:\/\/losperiodistas.com.mx\/portal\/wp-content\/uploads\/2024\/06\/Captura-de-Pantalla-2024-06-30-a-las-6.09.21-300x169.jpg 300w, https:\/\/losperiodistas.com.mx\/portal\/wp-content\/uploads\/2024\/06\/Captura-de-Pantalla-2024-06-30-a-las-6.09.21-768x432.jpg 768w, https:\/\/losperiodistas.com.mx\/portal\/wp-content\/uploads\/2024\/06\/Captura-de-Pantalla-2024-06-30-a-las-6.09.21-1536x864.jpg 1536w, https:\/\/losperiodistas.com.mx\/portal\/wp-content\/uploads\/2024\/06\/Captura-de-Pantalla-2024-06-30-a-las-6.09.21.jpg 1960w\" sizes=\"(max-width: 1024px) 100vw, 1024px\" \/><figcaption>Las denuncias se concentran en la provincia amaz\u00f3nica de Condorcanqui y las v\u00edctimas pertenecen a comunidades nativas awaj\u00fan y wampis.\u00a0\u00a9 Gobierno Territorial Aut\u00f3nomo Awaj\u00fan<\/figcaption><\/figure>\n\n\n\n<p class=\"has-vivid-red-color has-text-color has-medium-font-size\"><strong>Ana Bazo Reisman \/ France 24<\/strong><\/p>\n\n\n\n<p>Indignaci\u00f3n en Per\u00fa. El Ministerio de Educaci\u00f3n del pa\u00eds sudamericano ha confirmado que existen al menos 524 denuncias contra profesores por violencia sexual a escolares en la provincia de Condorcanqui, situada en la regi\u00f3n de Amazonas. Los casos datan de los \u00faltimos 14 a\u00f1os, y se han acumulado sin que se aplique mayor justicia, pues \u00fanicamente 112 de estos maestros fueron destituidos en ese tiempo.&nbsp;<\/p>\n\n\n\n<p>Los hechos, conocidos por el Estado durante m\u00e1s de una d\u00e9cada, han cobrado notoriedad nacional reci\u00e9n en las \u00faltimas semanas, con el pronunciamiento a voz alzada de las comunidades ind\u00edgenas awaj\u00fan y wampis, a las que pertenecen las v\u00edctimas.<\/p>\n\n\n\n<p>\u00abPido al Ministerio de&nbsp;<a href=\"https:\/\/www.france24.com\/es\/tag\/educaci%C3%B3n\/\">Educaci\u00f3n<\/a>&nbsp;que reglamenten, que haya normas, que sean m\u00e1s fuertes, que sancionen a esos maestros. Ya no pueden ponerle un maestro violador a disposici\u00f3n de la Unidad de Gesti\u00f3n Educativa de Condorcanqui\u201d, protestaba Rosemary Pioc, presidenta del Consejo de&nbsp;<a href=\"https:\/\/www.france24.com\/es\/tag\/mujer\/\">Mujeres<\/a>&nbsp;Awaj\u00fan,&nbsp;<a href=\"https:\/\/rpp.pe\/peru\/actualidad\/amazonas-denuncian-entre-100-y-300-casos-de-violencia-sexual-contra-escolares-awajun-en-condorcanqui-noticia-1558469?ref=rpp\" target=\"_blank\" rel=\"noreferrer noopener\"><u>en una emisora radial<\/u><\/a>&nbsp;a fines de mayo.<\/p>\n\n\n\n<blockquote class=\"wp-block-quote is-layout-flow wp-block-quote-is-layout-flow\"><p>Lo que ha pasado es un da\u00f1o irreversible a la ni\u00f1ez.<\/p><\/blockquote>\n\n\n\n<p>En entrevista con France 24, la vicegobernadora de Amazonas, Leyda Rimarach\u00edn, precis\u00f3 que los menores violentados sexualmente son ni\u00f1as, ni\u00f1os y adolescentes de entre siete a 16 a\u00f1os de edad.PUBLICIDAD<\/p>\n\n\n\n<p>\u201cLas sanciones que se han tenido, que son pocas (&#8230;) En las comunidades nativas y, en este caso, en una comunidad alejada como lo es Condorcanqui, hay limitaciones mucho m\u00e1s profundas que en el resto del pa\u00eds. Tambi\u00e9n hemos detectado que, entre familias de algunas de las v\u00edctimas, los perpetradores de estos abusos sexuales han hecho acuerdos extrajudiciales para no insistir con las denuncias o no ser denunciados. Lo que ha pasado es un da\u00f1o irreversible a la ni\u00f1ez. En eso hay que estar claros todos los actores \u2013autoridades y pol\u00edticos\u2013 para tomar medidas multisectoriales\u201d, dijo Rimarach\u00edn a este medio.&nbsp;<\/p>\n\n\n\n<p>A mediados de junio, el presidente del Consejo de Ministros de&nbsp;<a href=\"https:\/\/www.france24.com\/es\/tag\/per%C3%BA\/\">Per\u00fa<\/a>, Gustavo Adrianz\u00e9n, anunci\u00f3 el inicio de investigaciones sobre los abusos denunciados y la gesti\u00f3n de estos reportes en la regi\u00f3n selv\u00e1tica. El compromiso del gobierno, sin embargo, ya se hab\u00eda empa\u00f1ado poco antes, cuando el propio ministro de&nbsp;<a href=\"https:\/\/www.france24.com\/es\/tag\/educaci%C3%B3n\/\">Educaci\u00f3n<\/a>, Morgan Quero, calific\u00f3 las violaciones como una \u201cpr\u00e1ctica cultural que lamentablemente sucede en los pueblos amaz\u00f3nicos\u201d.&nbsp;<\/p>\n\n\n\n<figure class=\"wp-block-image\"><img decoding=\"async\" src=\"https:\/\/s.france24.com\/media\/display\/ccb825da-3662-11ef-b182-005056a90284\/Foto%202-3.jpeg\" alt=\"Morgan Quero, ministro de Educaci\u00f3n de Per\u00fa, en una rueda de prensa.\"\/><figcaption>Morgan Quero, ministro de Educaci\u00f3n de Per\u00fa, en una rueda de prensa.&nbsp;\u00a9 Andina<\/figcaption><\/figure>\n\n\n\n<h2 class=\"wp-block-heading\">&nbsp;<\/h2>\n\n\n\n<p>La ministra de la Mujer, \u00c1ngela Teresa Hern\u00e1ndez, lejos de corregir los dichos de Quero, hab\u00eda&nbsp;<a href=\"https:\/\/elcomercio.pe\/lima\/ministra-de-la-mujer-angela-hernandez-tambien-llamo-practicas-culturales-a-las-agresiones-sexuales-contra-ninas-awajun-abuso-sexual-en-amazonas-morgan-quero-ultimas-noticia\/?ref=ecr\" target=\"_blank\" rel=\"noreferrer noopener\"><u>reafirmado la expresi\u00f3n<\/u><\/a>&nbsp;ante la prensa y hasta a\u00f1adido que \u201cdebemos informar a las ni\u00f1as y a las adolescentes, sobre todo, que es importante postergar sus relaciones sexuales y, si lo van a hacer, que sea protegido\u201d. Si bien Adrianz\u00e9n descart\u00f3 que el gobierno guarde posturas estigmatizantes y discriminatorias contra la poblaci\u00f3n ind\u00edgena, el da\u00f1o causado produjo el rechazo de parte de organizaciones sociales y motiv\u00f3 una denuncia desde el Parlamento contra ambos miembros del gabinete.<\/p>\n\n\n\n<p>Leer tambi\u00e9n<a href=\"https:\/\/www.france24.com\/es\/programas\/revista-de-prensa\/20240620-diez-militares-son-condenados-por-violar-a-campesinas-en-per%C3%BA-hace-cuarenta-a%C3%B1os-el-pa%C3%ADs\">\u00abDiez militares son condenados por violar a campesinas en Per\u00fa hace cuarenta a\u00f1os\u00bb: &#8216;El Pa\u00eds&#8217;<\/a><\/p>\n\n\n\n<h2 class=\"wp-block-heading\"><strong>El mundo al rev\u00e9s: algunos profesores siguen ejerciendo la docencia<\/strong><\/h2>\n\n\n\n<p>France 24 contact\u00f3 a&nbsp;Ana L\u00f3pez, directora de servicios educativos en el \u00e1mbito rural del Ministerio de Educaci\u00f3n de Per\u00fa. Seg\u00fan se\u00f1al\u00f3 la autoridad, los implicados son 519 profesores contratados (contrataci\u00f3n temporal) y cinco nombrados (contrataci\u00f3n estable). De ellos, 194 hab\u00edan salido librados de sanci\u00f3n porque las denuncias prescribieron.&nbsp;<\/p>\n\n\n\n<p>Asimismo, 82 hab\u00edan sido absueltos de toda responsabilidad y en 71 de los casos las indagaciones segu\u00edan pendientes. Solo 112 hab\u00edan sido destituidos o cesados de ejercer la docencia, mientras que a 61 se les impuso procesos disciplinarios menores. Adicionalmente, indic\u00f3 que algunos de los reportes tomados por la Unidad de Gesti\u00f3n Educativa (UGEL) de Amazonas \u2013que es administrada por el gobierno regional\u2013 ni siquiera hab\u00edan sido derivados a la fiscal\u00eda para las sanciones a nivel penal.<\/p>\n\n\n\n<blockquote class=\"wp-block-quote is-layout-flow wp-block-quote-is-layout-flow\"><p>En la Comisi\u00f3n de Procesos Administrativos Disciplinarios solamente hab\u00eda una persona.&nbsp;Otro factor limitante es el presupuesto.<\/p><\/blockquote>\n\n\n\n<p>L\u00f3pez confirm\u00f3 que a\u00fan hay maestros denunciados que no tienen impedimento legal para seguir laborando como tales. Por ello, recalc\u00f3 que su ministerio ha impulsado la reactivaci\u00f3n de las denuncias prescritas, la separaci\u00f3n preventiva de los profesores y la alerta nacional para evitar su recontrataci\u00f3n en otras regiones.<\/p>\n\n\n\n<p>\u201cEl 19 de junio se dej\u00f3 sin efecto seis contratos. Estos profesores, a pesar de haber sido destituidos e inhabilitados por cometer delitos sexuales en agravio de alumnas, estaban dictando clases en Amazonas, Loreto y San Mart\u00edn\u201d, refiri\u00f3.&nbsp;<\/p>\n\n\n\n<p>Consultada sobre por qu\u00e9 en m\u00e1s del 37% de las denuncias la entidad regional en educaci\u00f3n hab\u00eda dejado vencer el plazo para las sanciones administrativas contra los agresores sexuales, L\u00f3pez respondi\u00f3 que existen limitaciones log\u00edsticas y de personal.&nbsp;<\/p>\n\n\n\n<p>\u201cLas zonas son muy lejanas y tienen poco personal. Si sale personal de la UGEL, te quedas sin nadie. En la Comisi\u00f3n de Procesos Administrativos Disciplinarios solamente hab\u00eda una persona. Otro factor limitante es el presupuesto. Para desplazarse a las zonas, se debe navegar en chalupas por el r\u00edo por varias horas. Esto implica un costo con el que no se cuenta. Ahora, tambi\u00e9n hemos podido detectar temas de corrupci\u00f3n\u201d, explic\u00f3 la funcionaria.<\/p>\n\n\n\n<figure class=\"wp-block-embed is-type-rich is-provider-twitter wp-block-embed-twitter\"><div class=\"wp-block-embed__wrapper\">\nhttps:\/\/twitter.com\/i\/status\/1805005943681228833\n<\/div><\/figure>\n\n\n\n<h2 class=\"wp-block-heading\"><strong>La erupci\u00f3n medi\u00e1tica expone problemas estructurales<\/strong><\/h2>\n\n\n\n<p>En declaraciones a la prensa peruana, la presidenta del Consejo de Mujeres Awaj\u00fan, Rosemary Pioc, hab\u00eda enunciado la posibilidad de contagios del virus de inmunodeficiencia adquirida (<a href=\"https:\/\/www.france24.com\/es\/tag\/vih\/\">VIH<\/a>) en algunas de las v\u00edctimas. No obstante, esto a\u00fan no ha sido confirmado p\u00fablicamente por el gobierno regional o las autoridades del gobierno. Tambi\u00e9n sigue pendiente un comunicado oficial que revele si hay menores en estado de gestaci\u00f3n como producto de las agresiones sexuales.&nbsp;&nbsp;<\/p>\n\n\n\n<p>\u201cNo tenemos a\u00fan la informaci\u00f3n concreta ni podemos decir a sinceridad si existen contagios de VIH como producto de estos delitos sexuales ni tampoco si hay embarazos en estas ni\u00f1as. Lo que s\u00ed tenemos registrado en Condorcanqui (la provincia amaz\u00f3nica donde se reportaron los casos de los maestros) es que, en cifras generales, hay cerca de 60 ni\u00f1as menores de edad que est\u00e1n gestando y que adem\u00e1s tienen diagnosticado VIH. Esto, independientemente de las denuncias contra maestros. No hemos determinado a\u00fan si hay casos conectados entre ellos\u201d, dijo Leyda Rimarach\u00edn, vicegobernadora de Amazonas, a France 24.<\/p>\n\n\n\n<p>La transmisi\u00f3n del VIH es una preocupaci\u00f3n general y recurrente en la regi\u00f3n. El a\u00f1o pasado, el Ministerio de Salud peruano hab\u00eda advertido un incremento de estas detecciones en Amazonas. La Red de Salud de la provincia de Condorcanqui hab\u00eda contabilizado hasta 222 fallecimientos de personas locales por complicaciones derivadas del sida en solo una d\u00e9cada. Una de las poblaciones m\u00e1s afectadas es la awaj\u00fan y, en gran parte, las infecciones se dan en menores de edad.&nbsp;&nbsp;<\/p>\n\n\n\n<p>Como medidas inmediatas para la protecci\u00f3n hacia las v\u00edctimas de&nbsp;<a href=\"https:\/\/www.france24.com\/es\/tag\/abuso\/\">abuso<\/a>&nbsp;escolar, el gobierno central de la presidenta&nbsp;<a href=\"https:\/\/www.france24.com\/es\/tag\/dina-boluarte\/\">Dina Boluarte<\/a>, a trav\u00e9s de sus ministerios, viabiliz\u00f3 la instalaci\u00f3n de una c\u00e1mara Gesell \u2013esencial para las investigaciones sobre estos cr\u00edmenes\u2013 en el distrito de Nieva, en Condorcanqui. Tambi\u00e9n se inform\u00f3 sobre la contrataci\u00f3n de dos abogados para la gesti\u00f3n exclusiva de los procesos administrativos contra los maestros y el desplazamiento de un equipo de soporte socioemocional con los menores agredidos.<\/p>\n\n\n\n<p>Asegurar el despido y la inhabilitaci\u00f3n permanente de los profesores denunciados \u2013como as\u00ed lo promete el Ministerio de Educaci\u00f3n\u2013 abrir\u00e1 una situaci\u00f3n compleja, pues no existen suficientes maestros que dominen lenguas nativas para la ense\u00f1anza en zonas con alta poblaci\u00f3n ind\u00edgena, como Condorcanqui.&nbsp;<\/p>\n\n\n\n<p>\u201cEn el pa\u00eds tenemos excedente de maestros. Hay m\u00e1s maestros que plazas. Pero el asunto est\u00e1 en que esta zona \u2013Condorcanqui\u2013 demanda educaci\u00f3n intercultural biling\u00fce y en ese personal s\u00ed tenemos un d\u00e9ficit. Por el momento, lo que se tiene que hacer es cubrir con otros docentes que no tengan esa preparaci\u00f3n hasta que se pueda tener la cantidad adecuada de los que s\u00ed la tienen\u201d, puntualiz\u00f3 Ana L\u00f3pez, directora de servicios educativos en el \u00e1mbito rural del Ministerio de Educaci\u00f3n de Per\u00fa.<\/p>\n\n\n\n<p>Hace unos d\u00edas, madres y ni\u00f1as amaz\u00f3nicas\u00a0<a href=\"https:\/\/peru21.pe\/politica\/madres-awajun-protestan-gobierno-defiende-y-normaliza-las-violaciones-fotos-dina-boluarte-ministro-de-educacion-morgan-quero-amazonas-condorcanqui-noticia\/\" target=\"_blank\" rel=\"noreferrer noopener\"><u>se movilizaron<\/u><\/a>\u00a0en vecindarios de la regi\u00f3n para demandar acciones inmediatas y severas contra los abusadores de las estudiantes. Algunas elevaron tambi\u00e9n pancartas y reclamos en rechazo al gobierno de Boluarte, al que acusaron de normalizar la violencia sexual.<\/p>\n\n\n\n<p>Fuente: <a href=\"https:\/\/www.france24.com\/es\/am%C3%A9rica-latina\/20240629-ni%C3%B1as-ind%C3%ADgenas-abusadas-por-sus-maestros-500-casos-destapan-el-terror-en-la-amazon%C3%ADa-peruana\">https:\/\/www.france24.com\/es\/am%C3%A9rica-latina\/20240629-ni%C3%B1as-ind%C3%ADgenas-abusadas-por-sus-maestros-500-casos-destapan-el-terror-en-la-amazon%C3%ADa-peruana<\/a><\/p>\n","protected":false},"excerpt":{"rendered":"<p>Los reportes por violencia sexual a escolares se acumulan desde el 2010 sin que las autoridades ejerzan justicia. De los [&hellip;]<\/p>\n","protected":false},"author":1,"featured_media":78270,"comment_status":"open","ping_status":"open","sticky":false,"template":"","format":"standard","meta":{"site-sidebar-layout":"default","site-content-layout":"","ast-site-content-layout":"default","site-content-style":"default","site-sidebar-style":"default","ast-global-header-display":"","ast-banner-title-visibility":"","ast-main-header-display":"","ast-hfb-above-header-display":"","ast-hfb-below-header-display":"","ast-hfb-mobile-header-display":"","site-post-title":"","ast-breadcrumbs-content":"","ast-featured-img":"","footer-sml-layout":"","theme-transparent-header-meta":"","adv-header-id-meta":"","stick-header-meta":"","header-above-stick-meta":"","header-main-stick-meta":"","header-below-stick-meta":"","astra-migrate-meta-layouts":"default","ast-page-background-enabled":"default","ast-page-background-meta":{"desktop":{"background-color":"var(--ast-global-color-4)","background-image":"","background-repeat":"repeat","background-position":"center center","background-size":"auto","background-attachment":"scroll","background-type":"","background-media":"","overlay-type":"","overlay-color":"","overlay-opacity":"","overlay-gradient":""},"tablet":{"background-color":"","background-image":"","background-repeat":"repeat","background-position":"center center","background-size":"auto","background-attachment":"scroll","background-type":"","background-media":"","overlay-type":"","overlay-color":"","overlay-opacity":"","overlay-gradient":""},"mobile":{"background-color":"","background-image":"","background-repeat":"repeat","background-position":"center center","background-size":"auto","background-attachment":"scroll","background-type":"","background-media":"","overlay-type":"","overlay-color":"","overlay-opacity":"","overlay-gradient":""}},"ast-content-background-meta":{"desktop":{"background-color":"var(--ast-global-color-5)","background-image":"","background-repeat":"repeat","background-position":"center center","background-size":"auto","background-attachment":"scroll","background-type":"","background-media":"","overlay-type":"","overlay-color":"","overlay-opacity":"","overlay-gradient":""},"tablet":{"background-color":"var(--ast-global-color-5)","background-image":"","background-repeat":"repeat","background-position":"center center","background-size":"auto","background-attachment":"scroll","background-type":"","background-media":"","overlay-type":"","overlay-color":"","overlay-opacity":"","overlay-gradient":""},"mobile":{"background-color":"var(--ast-global-color-5)","background-image":"","background-repeat":"repeat","background-position":"center center","background-size":"auto","background-attachment":"scroll","background-type":"","background-media":"","overlay-type":"","overlay-color":"","overlay-opacity":"","overlay-gradient":""}},"footnotes":""},"categories":[8],"tags":[2743,26827,26826],"class_list":["post-78269","post","type-post","status-publish","format-standard","has-post-thumbnail","hentry","category-noticias","tag-abusos-sexuales","tag-amazonia-peruana","tag-escolares-abusadas"],"_links":{"self":[{"href":"https:\/\/losperiodistas.com.mx\/portal\/wp-json\/wp\/v2\/posts\/78269","targetHints":{"allow":["GET"]}}],"collection":[{"href":"https:\/\/losperiodistas.com.mx\/portal\/wp-json\/wp\/v2\/posts"}],"about":[{"href":"https:\/\/losperiodistas.com.mx\/portal\/wp-json\/wp\/v2\/types\/post"}],"author":[{"embeddable":true,"href":"https:\/\/losperiodistas.com.mx\/portal\/wp-json\/wp\/v2\/users\/1"}],"replies":[{"embeddable":true,"href":"https:\/\/losperiodistas.com.mx\/portal\/wp-json\/wp\/v2\/comments?post=78269"}],"version-history":[{"count":1,"href":"https:\/\/losperiodistas.com.mx\/portal\/wp-json\/wp\/v2\/posts\/78269\/revisions"}],"predecessor-version":[{"id":78271,"href":"https:\/\/losperiodistas.com.mx\/portal\/wp-json\/wp\/v2\/posts\/78269\/revisions\/78271"}],"wp:featuredmedia":[{"embeddable":true,"href":"https:\/\/losperiodistas.com.mx\/portal\/wp-json\/wp\/v2\/media\/78270"}],"wp:attachment":[{"href":"https:\/\/losperiodistas.com.mx\/portal\/wp-json\/wp\/v2\/media?parent=78269"}],"wp:term":[{"taxonomy":"category","embeddable":true,"href":"https:\/\/losperiodistas.com.mx\/portal\/wp-json\/wp\/v2\/categories?post=78269"},{"taxonomy":"post_tag","embeddable":true,"href":"https:\/\/losperiodistas.com.mx\/portal\/wp-json\/wp\/v2\/tags?post=78269"}],"curies":[{"name":"wp","href":"https:\/\/api.w.org\/{rel}","templated":true}]}}