{"id":78252,"date":"2024-06-29T21:47:55","date_gmt":"2024-06-30T02:47:55","guid":{"rendered":"http:\/\/losperiodistas.com.mx\/portal\/?p=78252"},"modified":"2024-06-29T21:47:58","modified_gmt":"2024-06-30T02:47:58","slug":"marko-cortes-asume-responsabilidad-en-resultados-desfavorables-de-elecciones","status":"publish","type":"post","link":"https:\/\/losperiodistas.com.mx\/portal\/marko-cortes-asume-responsabilidad-en-resultados-desfavorables-de-elecciones\/","title":{"rendered":"Marko Cort\u00e9s asume su responsabilidad en los resultados desfavorables de las recientes elecciones | Proceso"},"content":{"rendered":"\n<p><strong>El presidente nacional del PAN pidi\u00f3 a los legisladores de su partido evitar el intento de Morena y de sus partidos aliados para restarle representaci\u00f3n a los partidos de oposici\u00f3n en el Congreso de la Uni\u00f3n.<\/strong><\/p>\n\n\n\n<figure class=\"wp-block-image size-large\"><img fetchpriority=\"high\" decoding=\"async\" width=\"1024\" height=\"684\" src=\"https:\/\/losperiodistas.com.mx\/portal\/wp-content\/uploads\/2024\/06\/Captura-de-pantalla-2024-06-29-204134-1024x684.png\" alt=\"Marko Cort\u00e9s\" class=\"wp-image-78253\" srcset=\"https:\/\/losperiodistas.com.mx\/portal\/wp-content\/uploads\/2024\/06\/Captura-de-pantalla-2024-06-29-204134-1024x684.png 1024w, https:\/\/losperiodistas.com.mx\/portal\/wp-content\/uploads\/2024\/06\/Captura-de-pantalla-2024-06-29-204134-300x200.png 300w, https:\/\/losperiodistas.com.mx\/portal\/wp-content\/uploads\/2024\/06\/Captura-de-pantalla-2024-06-29-204134-768x513.png 768w, https:\/\/losperiodistas.com.mx\/portal\/wp-content\/uploads\/2024\/06\/Captura-de-pantalla-2024-06-29-204134.png 1061w\" sizes=\"(max-width: 1024px) 100vw, 1024px\" \/><figcaption>Marko Cort\u00e9s asume su responsabilidad en los resultados desfavorables de las elecciones electorales. Foto: PAN<\/figcaption><\/figure>\n\n\n\n<p class=\"has-vivid-red-color has-text-color\">Gloria Leticia D\u00edaz \/ Proceso<\/p>\n\n\n\n<p>El presidente nacional del PAN, Marko Cort\u00e9s Mendoza, instruy\u00f3 a los legisladores de su partido evitar el intento de Morena y de sus partidos aliados para restarle representaci\u00f3n a los partidos de oposici\u00f3n en el Congreso de la Uni\u00f3n.<\/p>\n\n\n\n<p>Durante la sesi\u00f3n extraordinaria del Consejo Nacional del PAN, Cort\u00e9s Mendoza llam\u00f3 a sus legisladores a <em>\u201cexigir una correcta interpretaci\u00f3n constitucional de la m\u00e1xima sobre representaci\u00f3n del 8% en el Congreso, toda vez que la oposici\u00f3n en su conjunto alcanza el 41.3% y la quieren subrepresentar en 26%\u201d<\/em>.<\/p>\n\n\n\n<p>De acuerdo a un comunicado de prensa partidista, el dirigente del PAN convoc\u00f3 a <em>\u201cresistir frente a la Reforma Electoral, y defender la pluralidad democr\u00e1tica porque deben cumplir con los electores que s\u00ed votaron por equilibrios y contrapesos\u201d<\/em>. Asimismo, pidi\u00f3 a los legisladores de su partido \u201cque se luche por mejorar al Poder Judicial y evitar que se debilite\u201d, como parte de \u201cuna gran cruzada en defensa de la Rep\u00fablica\u201d.<\/p>\n\n\n\n<p>Ante consejeros nacionales, entre ellas las gobernadoras de Aguascalientes y Chihuahua, Teresa Jim\u00e9nez y Mar\u00eda Eugenia Campos, as\u00ed como la gobernadora electa de Guanajuato, Libia Garc\u00eda, Marko Cort\u00e9s reconoci\u00f3 su responsabilidad en los resultados desfavorables para la oposici\u00f3n del pasado 2 de junio.<\/p>\n\n\n\n<p>Sin embargo, justific\u00f3 que \u201cno se hizo trabajo territorial porque se compiti\u00f3 contra los siervos de la naci\u00f3n pagados por el gobierno y el mensaje que se envi\u00f3 a los ciudadanos se alej\u00f3 un poco del PAN\u201d. Al sostener que se siente \u201ctranquilo por el deber cumplido\u201d, por estar \u201cabierto a la sociedad y a las mayor\u00edas, hasta para hacer coalici\u00f3n con partidos que antes fueron adversarios\u201d.<\/p>\n\n\n\n<p>Ante legisladores panistas y los coordinadores en la C\u00e1mara de Diputados y el Senado, Jorge romero y Julen Rementer\u00eda, Cort\u00e9s Mendoza incluy\u00f3 en su discurso el rechazo \u201cal hostigamiento y persecuci\u00f3n pol\u00edtica en contra de comunicadores como (Carlos) Loret de Mola y (V\u00edctor Trujillo) Brozo, pol\u00edticos como Ricardo Anaya, Francisco Javier Garc\u00eda Cabeza de Vaca y Miguel Yunes\u201d.<\/p>\n\n\n\n<p>Fuente: <a href=\"https:\/\/www.proceso.com.mx\/nacional\/2024\/6\/29\/marko-cortes-asume-su-responsabilidad-en-los-resultados-desfavorables-de-las-elecciones-electorales-331957.html\" target=\"_blank\" rel=\"noreferrer noopener\">Proceso<\/a><\/p>\n","protected":false},"excerpt":{"rendered":"<p>El presidente nacional del PAN pidi\u00f3 a los legisladores de su partido evitar el intento de Morena y de sus partidos aliados para restarle representaci\u00f3n a los partidos de oposici\u00f3n en el Congreso de la Uni\u00f3n.<\/p>\n","protected":false},"author":1,"featured_media":78253,"comment_status":"open","ping_status":"open","sticky":false,"template":"","format":"standard","meta":{"site-sidebar-layout":"default","site-content-layout":"","ast-site-content-layout":"default","site-content-style":"default","site-sidebar-style":"default","ast-global-header-display":"","ast-banner-title-visibility":"","ast-main-header-display":"","ast-hfb-above-header-display":"","ast-hfb-below-header-display":"","ast-hfb-mobile-header-display":"","site-post-title":"","ast-breadcrumbs-content":"","ast-featured-img":"","footer-sml-layout":"","theme-transparent-header-meta":"","adv-header-id-meta":"","stick-header-meta":"","header-above-stick-meta":"","header-main-stick-meta":"","header-below-stick-meta":"","astra-migrate-meta-layouts":"default","ast-page-background-enabled":"default","ast-page-background-meta":{"desktop":{"background-color":"var(--ast-global-color-4)","background-image":"","background-repeat":"repeat","background-position":"center center","background-size":"auto","background-attachment":"scroll","background-type":"","background-media":"","overlay-type":"","overlay-color":"","overlay-opacity":"","overlay-gradient":""},"tablet":{"background-color":"","background-image":"","background-repeat":"repeat","background-position":"center center","background-size":"auto","background-attachment":"scroll","background-type":"","background-media":"","overlay-type":"","overlay-color":"","overlay-opacity":"","overlay-gradient":""},"mobile":{"background-color":"","background-image":"","background-repeat":"repeat","background-position":"center center","background-size":"auto","background-attachment":"scroll","background-type":"","background-media":"","overlay-type":"","overlay-color":"","overlay-opacity":"","overlay-gradient":""}},"ast-content-background-meta":{"desktop":{"background-color":"var(--ast-global-color-5)","background-image":"","background-repeat":"repeat","background-position":"center center","background-size":"auto","background-attachment":"scroll","background-type":"","background-media":"","overlay-type":"","overlay-color":"","overlay-opacity":"","overlay-gradient":""},"tablet":{"background-color":"var(--ast-global-color-5)","background-image":"","background-repeat":"repeat","background-position":"center center","background-size":"auto","background-attachment":"scroll","background-type":"","background-media":"","overlay-type":"","overlay-color":"","overlay-opacity":"","overlay-gradient":""},"mobile":{"background-color":"var(--ast-global-color-5)","background-image":"","background-repeat":"repeat","background-position":"center center","background-size":"auto","background-attachment":"scroll","background-type":"","background-media":"","overlay-type":"","overlay-color":"","overlay-opacity":"","overlay-gradient":""}},"footnotes":""},"categories":[8],"tags":[26821,5486,2089,26822,248,26030],"class_list":["post-78252","post","type-post","status-publish","format-standard","has-post-thumbnail","hentry","category-noticias","tag-congreso","tag-elecciones-2024","tag-marko-cortes","tag-oposicion","tag-pan","tag-proceso-electoral"],"_links":{"self":[{"href":"https:\/\/losperiodistas.com.mx\/portal\/wp-json\/wp\/v2\/posts\/78252","targetHints":{"allow":["GET"]}}],"collection":[{"href":"https:\/\/losperiodistas.com.mx\/portal\/wp-json\/wp\/v2\/posts"}],"about":[{"href":"https:\/\/losperiodistas.com.mx\/portal\/wp-json\/wp\/v2\/types\/post"}],"author":[{"embeddable":true,"href":"https:\/\/losperiodistas.com.mx\/portal\/wp-json\/wp\/v2\/users\/1"}],"replies":[{"embeddable":true,"href":"https:\/\/losperiodistas.com.mx\/portal\/wp-json\/wp\/v2\/comments?post=78252"}],"version-history":[{"count":1,"href":"https:\/\/losperiodistas.com.mx\/portal\/wp-json\/wp\/v2\/posts\/78252\/revisions"}],"predecessor-version":[{"id":78255,"href":"https:\/\/losperiodistas.com.mx\/portal\/wp-json\/wp\/v2\/posts\/78252\/revisions\/78255"}],"wp:featuredmedia":[{"embeddable":true,"href":"https:\/\/losperiodistas.com.mx\/portal\/wp-json\/wp\/v2\/media\/78253"}],"wp:attachment":[{"href":"https:\/\/losperiodistas.com.mx\/portal\/wp-json\/wp\/v2\/media?parent=78252"}],"wp:term":[{"taxonomy":"category","embeddable":true,"href":"https:\/\/losperiodistas.com.mx\/portal\/wp-json\/wp\/v2\/categories?post=78252"},{"taxonomy":"post_tag","embeddable":true,"href":"https:\/\/losperiodistas.com.mx\/portal\/wp-json\/wp\/v2\/tags?post=78252"}],"curies":[{"name":"wp","href":"https:\/\/api.w.org\/{rel}","templated":true}]}}