{"id":78244,"date":"2024-06-29T21:28:32","date_gmt":"2024-06-30T02:28:32","guid":{"rendered":"http:\/\/losperiodistas.com.mx\/portal\/?p=78244"},"modified":"2024-06-29T21:33:50","modified_gmt":"2024-06-30T02:33:50","slug":"primera-mujer-trans-clasificada-en-miss-universo-chile","status":"publish","type":"post","link":"https:\/\/losperiodistas.com.mx\/portal\/primera-mujer-trans-clasificada-en-miss-universo-chile\/","title":{"rendered":"Primera mujer trans clasificada en Miss Universo Chile: \u201cMi transici\u00f3n comenz\u00f3 cuando nac\u00ed\u201d | EFE"},"content":{"rendered":"\n<figure class=\"wp-block-image size-large\"><img fetchpriority=\"high\" decoding=\"async\" width=\"1024\" height=\"675\" src=\"https:\/\/losperiodistas.com.mx\/portal\/wp-content\/uploads\/2024\/06\/Captura-de-pantalla-2024-06-29-200602-1024x675.png\" alt=\"Ariel Cordero, mujer trans clasificada en Miss Universo\" class=\"wp-image-78245\" srcset=\"https:\/\/losperiodistas.com.mx\/portal\/wp-content\/uploads\/2024\/06\/Captura-de-pantalla-2024-06-29-200602-1024x675.png 1024w, https:\/\/losperiodistas.com.mx\/portal\/wp-content\/uploads\/2024\/06\/Captura-de-pantalla-2024-06-29-200602-300x198.png 300w, https:\/\/losperiodistas.com.mx\/portal\/wp-content\/uploads\/2024\/06\/Captura-de-pantalla-2024-06-29-200602-768x506.png 768w, https:\/\/losperiodistas.com.mx\/portal\/wp-content\/uploads\/2024\/06\/Captura-de-pantalla-2024-06-29-200602.png 1121w\" sizes=\"(max-width: 1024px) 100vw, 1024px\" \/><figcaption>Ariel Cordero, primera mujer transgenero en clasificar al certamen de belleza Miss Universo, posa durante una entrevista con EFE el 16 de junio de 2024 en Santiago (Chile). EFE\/ Ailen D\u00edaz<\/figcaption><\/figure>\n\n\n\n<p class=\"has-vivid-red-color has-text-color\">Andrea Sanz Yus \/ EFE<\/p>\n\n\n\n<p>Ariel Cordero, psic\u00f3loga, influencer y primera mujer transg\u00e9nero clasificada como posible representante de Chile en el certamen de belleza femenina Miss Universo, asegur\u00f3 a EFE que \u201csu transici\u00f3n comenz\u00f3 cuando naci\u00f3\u201d.<\/p>\n\n\n\n<p><em>\u201cEl proceso de transici\u00f3n se entiende muy mal, porque no es cuando comienzas a tomar hormonas o te haces una cirug\u00eda\u201d<\/em>, explic\u00f3 Cordero antes de a\u00f1adir que \u201ctodas las personas est\u00e1n en transici\u00f3n toda la vida\u201d.<\/p>\n\n\n\n<p><em>\u201cPasamos de los cuatro a\u00f1os a los cinco, de la infancia a la adolescencia, de la escuela, al trabajo, a la Universidad. De una relaci\u00f3n a otra. Siempre estamos en transiciones. Mi transici\u00f3n comenz\u00f3 desde que yo nac\u00ed\u201d<\/em>, afirm\u00f3.<\/p>\n\n\n\n<figure class=\"wp-block-image size-large\"><img decoding=\"async\" width=\"1024\" height=\"660\" src=\"https:\/\/losperiodistas.com.mx\/portal\/wp-content\/uploads\/2024\/06\/Captura-de-pantalla-2024-06-29-200927-1024x660.png\" alt=\"\" class=\"wp-image-78246\" srcset=\"https:\/\/losperiodistas.com.mx\/portal\/wp-content\/uploads\/2024\/06\/Captura-de-pantalla-2024-06-29-200927-1024x660.png 1024w, https:\/\/losperiodistas.com.mx\/portal\/wp-content\/uploads\/2024\/06\/Captura-de-pantalla-2024-06-29-200927-300x193.png 300w, https:\/\/losperiodistas.com.mx\/portal\/wp-content\/uploads\/2024\/06\/Captura-de-pantalla-2024-06-29-200927-768x495.png 768w, https:\/\/losperiodistas.com.mx\/portal\/wp-content\/uploads\/2024\/06\/Captura-de-pantalla-2024-06-29-200927.png 1120w\" sizes=\"(max-width: 1024px) 100vw, 1024px\" \/><figcaption>Ariel Cordero posa durante una entrevista con EFE el 16 de junio de 2024 en Santiago (Chile). EFE\/ Ailen D\u00edaz<\/figcaption><\/figure>\n\n\n\n<p>La adolescencia de Cordero no fue la m\u00e1s sencilla, pues no solo no ten\u00eda referentes a los que seguir, sino que una profunda depresi\u00f3n la llev\u00f3 a intentar suicidarse, lo que la motiv\u00f3 a estudiar psicolog\u00eda y transformarse en lo que siempre hab\u00eda querido: \u201cpsic\u00f3loga de la diversidad\u201d.<\/p>\n\n\n\n<p>\u201cLas personas trans no siempre tenemos que contar historias tristes, tambi\u00e9n podemos contar historias que transforman las realidades trans\u201d, sostuvo la influencer, tras a\u00f1adir que la \u201cvalent\u00eda, garbo, inhibici\u00f3n y osad\u00eda\u201d de Cristina Ortiz, m\u00e1s conocida como \u2018La Veneno\u2019 (referente transg\u00e9nero espa\u00f1ola), fue parte de su empoderamiento.<\/p>\n\n\n\n<p>\u201cCuando conoc\u00ed por primera vez a una mujer trans fue a Cristina \u2018La Veneno\u2019, que me permiti\u00f3 entender que mi realidad era digna de poder ser vivida\u201d, dijo con orgullo.<\/p>\n\n\n\n<h2 class=\"wp-block-heading\" id=\"h-por-mi-y-por-mi-comunidad-trans\">\u201cPor m\u00ed y por mi comunidad trans\u201d<\/h2>\n\n\n\n<p>Ariel Cordero dijo a EFE en este mes del Orgullo LGBTIQ+ que \u201cel orgullo lo vive todo el a\u00f1o\u201d y que cuando se present\u00f3 al casting del concurso \u201clo primero que dijo fue que era una mujer trans\u201d.<\/p>\n\n\n\n<blockquote class=\"wp-block-quote is-style-large is-layout-flow wp-block-quote-is-layout-flow\"><p>\u201cCon mi banderita a todas partes sinti\u00e9ndome orgullosa. Es por m\u00ed y tambi\u00e9n por mi comunidad trans\u201d, dijo la joven de 29 a\u00f1os que asegur\u00f3 que se apunt\u00f3 al certamen para \u201cpoder responder a la ni\u00f1a que fue y poder visualizarse como una princesa y vivir ese sue\u00f1o\u201d.<\/p><\/blockquote>\n\n\n\n<p>Cordero es tambi\u00e9n influencer y activista especializada en ayudar a las personas en sus procesos de la vida desde su experiencia: \u201cMe dije quiero ser esta psic\u00f3loga de la diversidad, quiero ser esta psic\u00f3loga que entiende tambi\u00e9n desde la experiencia situada un proceso humano\u201d.<\/p>\n\n\n\n<figure class=\"wp-block-image size-full\"><img decoding=\"async\" width=\"1018\" height=\"691\" src=\"https:\/\/losperiodistas.com.mx\/portal\/wp-content\/uploads\/2024\/06\/Captura-de-pantalla-2024-06-29-201150.png\" alt=\"\" class=\"wp-image-78247\" srcset=\"https:\/\/losperiodistas.com.mx\/portal\/wp-content\/uploads\/2024\/06\/Captura-de-pantalla-2024-06-29-201150.png 1018w, https:\/\/losperiodistas.com.mx\/portal\/wp-content\/uploads\/2024\/06\/Captura-de-pantalla-2024-06-29-201150-300x204.png 300w, https:\/\/losperiodistas.com.mx\/portal\/wp-content\/uploads\/2024\/06\/Captura-de-pantalla-2024-06-29-201150-768x521.png 768w\" sizes=\"(max-width: 1018px) 100vw, 1018px\" \/><figcaption>Ariel Cordero posa durante una entrevista con EFE el 16 de junio de 2024 en Santiago (Chile). EFE\/ Ailen D\u00edaz<\/figcaption><\/figure>\n\n\n\n<p>Hace un a\u00f1o Ariel Cordero viv\u00eda en su ciudad natal, San Felipe (Regi\u00f3n de Valpara\u00edso), y nunca crey\u00f3 que llegar\u00eda a ser quien es: \u201cJam\u00e1s pens\u00e9 que iba a hacer un p\u00f3dcast, que iba a ser influencer, que iba a presentarme a un concurso de estas caracter\u00edsticas\u201d.<\/p>\n\n\n\n<p>Miss Universo, fundado en 1952, es uno de los concursos de belleza m\u00e1s importantes a nivel internacional. Los propietarios de esta entidad son los empresarios Anne Jakkaphong Jakrajutatip (Tailandia) y Ra\u00fal Rocha Cant\u00fa (M\u00e9xico).<\/p>\n\n\n\n<p>Miss Universo se escoge por un jurado y un p\u00fablico despu\u00e9s de dar un discurso de quince segundos, realizar una ronda en traje de ba\u00f1o y traje de noche, y por \u00faltimo, responder a una serie de preguntas que definir\u00e1n a la ganadora.<\/p>\n\n\n\n<p>La 73\u00b0 edici\u00f3n de este certamen tendr\u00e1 lugar en <a href=\"https:\/\/efe.com\/mundo\/2024-06-23\/mujeres-lesbianas-protagonizan-marcha-en-ciudad-de-mexico-para-visibilizar-su-existencia\/\">M\u00e9xico<\/a> el 28 de septiembre de 2024, donde 30 candidatas ya se confirmaron.<\/p>\n\n\n\n<h2 class=\"wp-block-heading\" id=\"h-belleza-y-diplomacia\">Belleza y diplomacia<\/h2>\n\n\n\n<p>Con su traje rosa, tacones brillantes y su banda de Miss Universo San Felipe, Ariel Cordero marc\u00f3 un cambio en el panorama de los concursos de belleza en Chile, aunque no todos los pa\u00edses permiten participar a las mujeres transg\u00e9nero.<\/p>\n\n\n\n<p>La actriz mexicana y directora de Miss Universo M\u00e9xico, Martha Cristiana, renunci\u00f3 ayer a su posici\u00f3n en el certamen mexicano por no permitir integrar a mujeres trans: \u201cHay una transfobia absolutamente normalizada en este pa\u00eds\u201d.<\/p>\n\n\n\n<figure class=\"wp-block-image size-full\"><img loading=\"lazy\" decoding=\"async\" width=\"1017\" height=\"676\" src=\"https:\/\/losperiodistas.com.mx\/portal\/wp-content\/uploads\/2024\/06\/Captura-de-pantalla-2024-06-29-201244.png\" alt=\"\" class=\"wp-image-78248\" srcset=\"https:\/\/losperiodistas.com.mx\/portal\/wp-content\/uploads\/2024\/06\/Captura-de-pantalla-2024-06-29-201244.png 1017w, https:\/\/losperiodistas.com.mx\/portal\/wp-content\/uploads\/2024\/06\/Captura-de-pantalla-2024-06-29-201244-300x199.png 300w, https:\/\/losperiodistas.com.mx\/portal\/wp-content\/uploads\/2024\/06\/Captura-de-pantalla-2024-06-29-201244-768x510.png 768w\" sizes=\"(max-width: 1017px) 100vw, 1017px\" \/><figcaption>Ariel Cordero habla durante una entrevista con EFE el 16 de junio de 2024 en Santiago (Chile). EFE\/ Ailen D\u00edaz<\/figcaption><\/figure>\n\n\n\n<p>Por el contrario y seg\u00fan cont\u00f3 Cordero, en el certamen chileno \u201cno importa el peso, ni la identidad de g\u00e9nero, ni la raza ni la edad\u201d, adem\u00e1s de destacar que no solo es belleza sino \u201cdiplomacia\u201d y un \u201cpensamiento cr\u00edtico\u201d.<\/p>\n\n\n\n<p>La joven chilena decidi\u00f3 que su objetivo en el certamen ser\u00eda visibilizar la realidad de las personas transg\u00e9nero: \u201cMi prop\u00f3sito es naturalizar y mostrar que una persona trans puede vivir su vida con dignidad\u201d.<\/p>\n\n\n\n<p>El 28 de junio es el D\u00eda Internacional del Orgullo LGBTQ+, donde miles de personas saldr\u00e1n a la calle en todo el mundo para celebrar, reivindicar, protestar y defender los derechos del colectivo.<\/p>\n\n\n\n<p>Fuente: <a href=\"https:\/\/efe.com\/cultura\/2024-06-29\/primera-mujer-trans-clasificada-en-miss-universo-chilemi-transicion-comenzo-cuando-naci\/\" target=\"_blank\" rel=\"noreferrer noopener\">EFE<\/a><\/p>\n","protected":false},"excerpt":{"rendered":"<p>Andrea Sanz Yus \/ EFE Ariel Cordero, psic\u00f3loga, influencer y primera mujer transg\u00e9nero clasificada como posible representante de Chile en [&hellip;]<\/p>\n","protected":false},"author":1,"featured_media":78245,"comment_status":"open","ping_status":"open","sticky":false,"template":"","format":"standard","meta":{"site-sidebar-layout":"default","site-content-layout":"","ast-site-content-layout":"default","site-content-style":"default","site-sidebar-style":"default","ast-global-header-display":"","ast-banner-title-visibility":"","ast-main-header-display":"","ast-hfb-above-header-display":"","ast-hfb-below-header-display":"","ast-hfb-mobile-header-display":"","site-post-title":"","ast-breadcrumbs-content":"","ast-featured-img":"","footer-sml-layout":"","theme-transparent-header-meta":"","adv-header-id-meta":"","stick-header-meta":"","header-above-stick-meta":"","header-main-stick-meta":"","header-below-stick-meta":"","astra-migrate-meta-layouts":"default","ast-page-background-enabled":"default","ast-page-background-meta":{"desktop":{"background-color":"var(--ast-global-color-4)","background-image":"","background-repeat":"repeat","background-position":"center center","background-size":"auto","background-attachment":"scroll","background-type":"","background-media":"","overlay-type":"","overlay-color":"","overlay-opacity":"","overlay-gradient":""},"tablet":{"background-color":"","background-image":"","background-repeat":"repeat","background-position":"center center","background-size":"auto","background-attachment":"scroll","background-type":"","background-media":"","overlay-type":"","overlay-color":"","overlay-opacity":"","overlay-gradient":""},"mobile":{"background-color":"","background-image":"","background-repeat":"repeat","background-position":"center center","background-size":"auto","background-attachment":"scroll","background-type":"","background-media":"","overlay-type":"","overlay-color":"","overlay-opacity":"","overlay-gradient":""}},"ast-content-background-meta":{"desktop":{"background-color":"var(--ast-global-color-5)","background-image":"","background-repeat":"repeat","background-position":"center center","background-size":"auto","background-attachment":"scroll","background-type":"","background-media":"","overlay-type":"","overlay-color":"","overlay-opacity":"","overlay-gradient":""},"tablet":{"background-color":"var(--ast-global-color-5)","background-image":"","background-repeat":"repeat","background-position":"center center","background-size":"auto","background-attachment":"scroll","background-type":"","background-media":"","overlay-type":"","overlay-color":"","overlay-opacity":"","overlay-gradient":""},"mobile":{"background-color":"var(--ast-global-color-5)","background-image":"","background-repeat":"repeat","background-position":"center center","background-size":"auto","background-attachment":"scroll","background-type":"","background-media":"","overlay-type":"","overlay-color":"","overlay-opacity":"","overlay-gradient":""}},"footnotes":""},"categories":[8],"tags":[26819,11001,26820,26372,10884,25437],"class_list":["post-78244","post","type-post","status-publish","format-standard","has-post-thumbnail","hentry","category-noticias","tag-ariel-cordero","tag-chile","tag-dia-del-orgullo","tag-lgbtttiq-2","tag-miss-universo","tag-mujer-trans"],"_links":{"self":[{"href":"https:\/\/losperiodistas.com.mx\/portal\/wp-json\/wp\/v2\/posts\/78244","targetHints":{"allow":["GET"]}}],"collection":[{"href":"https:\/\/losperiodistas.com.mx\/portal\/wp-json\/wp\/v2\/posts"}],"about":[{"href":"https:\/\/losperiodistas.com.mx\/portal\/wp-json\/wp\/v2\/types\/post"}],"author":[{"embeddable":true,"href":"https:\/\/losperiodistas.com.mx\/portal\/wp-json\/wp\/v2\/users\/1"}],"replies":[{"embeddable":true,"href":"https:\/\/losperiodistas.com.mx\/portal\/wp-json\/wp\/v2\/comments?post=78244"}],"version-history":[{"count":2,"href":"https:\/\/losperiodistas.com.mx\/portal\/wp-json\/wp\/v2\/posts\/78244\/revisions"}],"predecessor-version":[{"id":78251,"href":"https:\/\/losperiodistas.com.mx\/portal\/wp-json\/wp\/v2\/posts\/78244\/revisions\/78251"}],"wp:featuredmedia":[{"embeddable":true,"href":"https:\/\/losperiodistas.com.mx\/portal\/wp-json\/wp\/v2\/media\/78245"}],"wp:attachment":[{"href":"https:\/\/losperiodistas.com.mx\/portal\/wp-json\/wp\/v2\/media?parent=78244"}],"wp:term":[{"taxonomy":"category","embeddable":true,"href":"https:\/\/losperiodistas.com.mx\/portal\/wp-json\/wp\/v2\/categories?post=78244"},{"taxonomy":"post_tag","embeddable":true,"href":"https:\/\/losperiodistas.com.mx\/portal\/wp-json\/wp\/v2\/tags?post=78244"}],"curies":[{"name":"wp","href":"https:\/\/api.w.org\/{rel}","templated":true}]}}