{"id":78241,"date":"2024-06-29T19:53:28","date_gmt":"2024-06-30T00:53:28","guid":{"rendered":"http:\/\/losperiodistas.com.mx\/portal\/?p=78241"},"modified":"2024-06-29T19:53:30","modified_gmt":"2024-06-30T00:53:30","slug":"general-zuniga-es-enviado-a-carcel-de-maxima-seguridad","status":"publish","type":"post","link":"https:\/\/losperiodistas.com.mx\/portal\/general-zuniga-es-enviado-a-carcel-de-maxima-seguridad\/","title":{"rendered":"General Z\u00fa\u00f1iga, que lider\u00f3 el intento de Golpe de Estado en Bolivia, es enviado a c\u00e1rcel de m\u00e1xima seguridad | El Imparcial"},"content":{"rendered":"\n<p>Excomandante del ej\u00e9rcito boliviano y dos militares fueron trasladados a prisi\u00f3n preventiva por el intento de Golpe de Estado contra el gobierno de Luis Arce.<\/p>\n\n\n\n<figure class=\"wp-block-image size-large\"><img fetchpriority=\"high\" decoding=\"async\" width=\"1024\" height=\"634\" src=\"https:\/\/losperiodistas.com.mx\/portal\/wp-content\/uploads\/2024\/06\/Captura-de-pantalla-2024-06-29-181450-1024x634.png\" alt=\"Juan Jos\u00e9 Zu\u00f1iga, enviado a c\u00e1rcel de m\u00e1xima seguridad\" class=\"wp-image-78242\" srcset=\"https:\/\/losperiodistas.com.mx\/portal\/wp-content\/uploads\/2024\/06\/Captura-de-pantalla-2024-06-29-181450-1024x634.png 1024w, https:\/\/losperiodistas.com.mx\/portal\/wp-content\/uploads\/2024\/06\/Captura-de-pantalla-2024-06-29-181450-300x186.png 300w, https:\/\/losperiodistas.com.mx\/portal\/wp-content\/uploads\/2024\/06\/Captura-de-pantalla-2024-06-29-181450-768x475.png 768w, https:\/\/losperiodistas.com.mx\/portal\/wp-content\/uploads\/2024\/06\/Captura-de-pantalla-2024-06-29-181450.png 1181w\" sizes=\"(max-width: 1024px) 100vw, 1024px\" \/><figcaption>Integrantes de la Fuerza Especial de Lucha Contra el Crimen (Felcc) escoltan al destituido jefe militar Juan Jos\u00e9 Zu\u00f1iga este s\u00e1bado, en La Paz (Bolivia). EFE\/ STR <\/figcaption><\/figure>\n\n\n\n<p class=\"has-vivid-red-color has-text-color\">Angelica Alvarado \/ El Imparcial<\/p>\n\n\n\n<p>El destituido excomandante del Ej\u00e9rcito, <a href=\"https:\/\/www.elimparcial.com\/mundo\/2024\/06\/27\/quien-es-el-comandante-zuniga-detenido-por-intento-de-golpe-de-estado-en-bolivia-y-por-que-lo-hizo\/\" target=\"_blank\" rel=\"noreferrer noopener\"><strong>Juan Jos\u00e9 Z\u00fa\u00f1iga<\/strong><\/a>, y otros dos militares fueron trasladados este s\u00e1bado a la <strong>c\u00e1rcel de m\u00e1xima seguridad de Chonchocoro<\/strong> para cumplir prisi\u00f3n preventiva por el presunto <a href=\"https:\/\/www.elimparcial.com\/mundo\/2024\/06\/26\/que-pasa-en-bolivia-acusan-golpe-de-estado-y-evo-morales-se-expresa\/\" target=\"_blank\" rel=\"noreferrer noopener\"><strong>\u201cintento de golpe\u201d de Estado en Bolivia <\/strong><\/a>contra el Gobierno del presidente Luis Arce.<\/p>\n\n\n\n<p>La operaci\u00f3n comenz\u00f3 al mediod\u00eda en la Fuerza Especial de Lucha Contra el Crimen (Felcc), en el centro de La Paz. Veintid\u00f3s minutos despu\u00e9s, Z\u00fa\u00f1iga fue sacado esposado y con dos custodios. <strong>Juan Arnez <\/strong>y<strong> Edison Irahola<\/strong>, los otros dos militares detenidos, fueron llevados a la c\u00e1rcel previamente.<\/p>\n\n\n\n<p>La Justicia determin\u00f3 el viernes que Z\u00fa\u00f1iga, junto con Arnez e Irahola, fueran enviados a<strong> prisi\u00f3n preventiva por seis meses<\/strong>. Est\u00e1n acusados de <strong>alzamiento armado <\/strong>y <strong>terrorismo<\/strong>, se\u00f1alados de ejecutar un \u201cintento de golpe de Estado\u201d.<\/p>\n\n\n\n<p>El convoy, compuesto por veh\u00edculos de la Polic\u00eda Boliviana y al menos siete m\u00e1s, se dirigi\u00f3 al altiplano de La Paz, donde se encuentra el<strong> centro penitenciario de Chonchocoro<\/strong>, a unas dos horas del centro pace\u00f1o.<\/p>\n\n\n\n<h2 class=\"wp-block-heading\">\u00bfC\u00f3mo fue el intento de Golpe de Estado en Bolivia?<\/h2>\n\n\n\n<p>Este asalto, que ocurri\u00f3 durante la <strong>tarde del domingo<\/strong>, el entonces comandante Juan Jos\u00e9 Z\u00fa\u00f1iga <strong>liderara un grupo de militares armados <\/strong>que, con tanques, <strong>irrumpieron en la Plaza Murillo<\/strong>, frente a la Casa Grande del Pueblo, sede del Ejecutivo boliviano.<\/p>\n\n\n\n<p>Los tanques derribaron las puertas de la<strong> Casa Grande del Pueblo<\/strong>, seg\u00fan la televisi\u00f3n boliviana, el oficial<strong>&nbsp;ingres\u00f3 por unos momentos al edificio<\/strong>&nbsp;antes de salir caminando.<\/p>\n\n\n\n<p>Un video de la <em>televisi\u00f3n boliviana<\/em> mostr\u00f3 al\u00a0<strong>presidente Luis Arce<\/strong> enfrent\u00e1ndose al comandante general\u00a0del Ej\u00e9rcito, en el vest\u00edbulo de palacio.<\/p>\n\n\n\n<blockquote class=\"wp-block-quote is-style-large is-layout-flow wp-block-quote-is-layout-flow\"><p>\u201cSoy su capit\u00e1n y le ordeno que retire a sus soldados y no permitir\u00e9 esta insubordinaci\u00f3n\u201d\u00a0<\/p><cite>\u2014Luis Arce<\/cite><\/blockquote>\n\n\n\n<h2 class=\"wp-block-heading\">\u00bfPor qu\u00e9 el comandante Z\u00fa\u00f1iga hizo el Golpe de Estado?<\/h2>\n\n\n\n<p>Antes de ingresar al edificio de gobierno, Z\u00fa\u00f1iga dijo a los periodistas en la plaza:<\/p>\n\n\n\n<blockquote class=\"wp-block-quote is-style-large is-layout-flow wp-block-quote-is-layout-flow\"><p>\u201cSeguramente pronto habr\u00e1 un nuevo Gabinete de ministros; nuestro pa\u00eds, nuestro Estado no puede seguir as\u00ed\u201d.<\/p><cite>\u2014 Juan Jos\u00e9 Z\u00fa\u00f1iga<\/cite><\/blockquote>\n\n\n\n<p>Z\u00fa\u00f1iga dijo que<strong> \u201cpor ahora\u201d reconoce a Arce<\/strong> como comandante en jefe.<\/p>\n\n\n\n<p>El comandante hab\u00eda tenido varios<strong> roces con el expresidente Evo Morales<\/strong> y se opone a una posible candidatura de Morales en 2025. Lo critic\u00f3 p\u00fablicamente, llam\u00e1ndolo \u201cmit\u00f3mano\u201d y acus\u00e1ndolo de utilizar la mentira para volver al poder.<\/p>\n\n\n\n<blockquote class=\"wp-block-quote is-style-large is-layout-flow wp-block-quote-is-layout-flow\"><p>\u201cQu\u00e9 pena que hayamos tenido ese tipo de autoridades durante 14 a\u00f1os (\u2026). No nos merecemos los bolivianos tener ese tipo de autoridades\u201d<\/p><cite>\u2014 Juan Jos\u00e9 Z\u00fa\u00f1iga<\/cite><\/blockquote>\n\n\n\n<p>Adem\u00e1s de Z\u00fa\u00f1iga, Arnez e Irahola, <strong>otros 14 militares fueron detenidos<\/strong> por su participaci\u00f3n en el presunto \u201cintento de golpe\u201d de Estado y se encuentran en audiencia cautelar este s\u00e1bado.<\/p>\n\n\n\n<p>Fuente: <a href=\"https:\/\/www.elimparcial.com\/mundo\/2024\/06\/29\/general-zuniga-que-lidero-el-intento-de-golpe-de-estado-en-bolivia-es-enviado-a-carcel-de-maxima-seguridad\/\" target=\"_blank\" rel=\"noreferrer noopener\">El Imparcial<\/a><\/p>\n","protected":false},"excerpt":{"rendered":"<p>Excomandante del ej\u00e9rcito boliviano y dos militares fueron trasladados a prisi\u00f3n preventiva por el intento de Golpe de Estado contra el gobierno de Luis Arce.<\/p>\n","protected":false},"author":1,"featured_media":78242,"comment_status":"open","ping_status":"open","sticky":false,"template":"","format":"standard","meta":{"site-sidebar-layout":"default","site-content-layout":"","ast-site-content-layout":"default","site-content-style":"default","site-sidebar-style":"default","ast-global-header-display":"","ast-banner-title-visibility":"","ast-main-header-display":"","ast-hfb-above-header-display":"","ast-hfb-below-header-display":"","ast-hfb-mobile-header-display":"","site-post-title":"","ast-breadcrumbs-content":"","ast-featured-img":"","footer-sml-layout":"","theme-transparent-header-meta":"","adv-header-id-meta":"","stick-header-meta":"","header-above-stick-meta":"","header-main-stick-meta":"","header-below-stick-meta":"","astra-migrate-meta-layouts":"default","ast-page-background-enabled":"default","ast-page-background-meta":{"desktop":{"background-color":"var(--ast-global-color-4)","background-image":"","background-repeat":"repeat","background-position":"center center","background-size":"auto","background-attachment":"scroll","background-type":"","background-media":"","overlay-type":"","overlay-color":"","overlay-opacity":"","overlay-gradient":""},"tablet":{"background-color":"","background-image":"","background-repeat":"repeat","background-position":"center center","background-size":"auto","background-attachment":"scroll","background-type":"","background-media":"","overlay-type":"","overlay-color":"","overlay-opacity":"","overlay-gradient":""},"mobile":{"background-color":"","background-image":"","background-repeat":"repeat","background-position":"center center","background-size":"auto","background-attachment":"scroll","background-type":"","background-media":"","overlay-type":"","overlay-color":"","overlay-opacity":"","overlay-gradient":""}},"ast-content-background-meta":{"desktop":{"background-color":"var(--ast-global-color-5)","background-image":"","background-repeat":"repeat","background-position":"center center","background-size":"auto","background-attachment":"scroll","background-type":"","background-media":"","overlay-type":"","overlay-color":"","overlay-opacity":"","overlay-gradient":""},"tablet":{"background-color":"var(--ast-global-color-5)","background-image":"","background-repeat":"repeat","background-position":"center center","background-size":"auto","background-attachment":"scroll","background-type":"","background-media":"","overlay-type":"","overlay-color":"","overlay-opacity":"","overlay-gradient":""},"mobile":{"background-color":"var(--ast-global-color-5)","background-image":"","background-repeat":"repeat","background-position":"center center","background-size":"auto","background-attachment":"scroll","background-type":"","background-media":"","overlay-type":"","overlay-color":"","overlay-opacity":"","overlay-gradient":""}},"footnotes":""},"categories":[8],"tags":[16040,6234,26818,14229,26648],"class_list":["post-78241","post","type-post","status-publish","format-standard","has-post-thumbnail","hentry","category-noticias","tag-bolivia","tag-evo-morales","tag-general-zuniga","tag-golpe-de-estado","tag-luis-arce"],"_links":{"self":[{"href":"https:\/\/losperiodistas.com.mx\/portal\/wp-json\/wp\/v2\/posts\/78241","targetHints":{"allow":["GET"]}}],"collection":[{"href":"https:\/\/losperiodistas.com.mx\/portal\/wp-json\/wp\/v2\/posts"}],"about":[{"href":"https:\/\/losperiodistas.com.mx\/portal\/wp-json\/wp\/v2\/types\/post"}],"author":[{"embeddable":true,"href":"https:\/\/losperiodistas.com.mx\/portal\/wp-json\/wp\/v2\/users\/1"}],"replies":[{"embeddable":true,"href":"https:\/\/losperiodistas.com.mx\/portal\/wp-json\/wp\/v2\/comments?post=78241"}],"version-history":[{"count":1,"href":"https:\/\/losperiodistas.com.mx\/portal\/wp-json\/wp\/v2\/posts\/78241\/revisions"}],"predecessor-version":[{"id":78243,"href":"https:\/\/losperiodistas.com.mx\/portal\/wp-json\/wp\/v2\/posts\/78241\/revisions\/78243"}],"wp:featuredmedia":[{"embeddable":true,"href":"https:\/\/losperiodistas.com.mx\/portal\/wp-json\/wp\/v2\/media\/78242"}],"wp:attachment":[{"href":"https:\/\/losperiodistas.com.mx\/portal\/wp-json\/wp\/v2\/media?parent=78241"}],"wp:term":[{"taxonomy":"category","embeddable":true,"href":"https:\/\/losperiodistas.com.mx\/portal\/wp-json\/wp\/v2\/categories?post=78241"},{"taxonomy":"post_tag","embeddable":true,"href":"https:\/\/losperiodistas.com.mx\/portal\/wp-json\/wp\/v2\/tags?post=78241"}],"curies":[{"name":"wp","href":"https:\/\/api.w.org\/{rel}","templated":true}]}}