{"id":78234,"date":"2024-06-29T19:00:08","date_gmt":"2024-06-30T00:00:08","guid":{"rendered":"http:\/\/losperiodistas.com.mx\/portal\/?p=78234"},"modified":"2024-06-29T19:00:11","modified_gmt":"2024-06-30T00:00:11","slug":"batucada-marca-el-ritmo-en-marcha-del-orgullo-lgbt-en-cdmx","status":"publish","type":"post","link":"https:\/\/losperiodistas.com.mx\/portal\/batucada-marca-el-ritmo-en-marcha-del-orgullo-lgbt-en-cdmx\/","title":{"rendered":"La batucada marca el ritmo en Marcha del Orgullo LGBT+ en la CDMX | La Jornada"},"content":{"rendered":"\n<figure class=\"wp-block-image size-full\"><img fetchpriority=\"high\" decoding=\"async\" width=\"1023\" height=\"660\" src=\"https:\/\/losperiodistas.com.mx\/portal\/wp-content\/uploads\/2024\/06\/Captura-de-pantalla-2024-06-29-174044.png\" alt=\"Marcha del Orgullo LGBTTTIQ+\" class=\"wp-image-78235\" srcset=\"https:\/\/losperiodistas.com.mx\/portal\/wp-content\/uploads\/2024\/06\/Captura-de-pantalla-2024-06-29-174044.png 1023w, https:\/\/losperiodistas.com.mx\/portal\/wp-content\/uploads\/2024\/06\/Captura-de-pantalla-2024-06-29-174044-300x194.png 300w, https:\/\/losperiodistas.com.mx\/portal\/wp-content\/uploads\/2024\/06\/Captura-de-pantalla-2024-06-29-174044-768x495.png 768w\" sizes=\"(max-width: 1023px) 100vw, 1023px\" \/><figcaption>Aspecto del avance de la Marcha del Orgullo LGBTTTIQ+ por Paseo de la Reforma, en la Ciudad de M\u00e9xico. Foto Germ\u00e1n Canseco.<\/figcaption><\/figure>\n\n\n\n<p class=\"has-vivid-red-color has-text-color\">Carolina G\u00f3mez y Jessica Xantomila \/ La Jornada<\/p>\n\n\n\n<p>En M\u00e9xico prevalece un \u201calarmante aumento de las agresiones y muertes violentas\u201d de personas de diversidad sexogen\u00e9rica, advirtieron participantes en la 46 Marcha del Orgullo de la Ciudad de M\u00e9xico, quienes reconocen que en las \u00faltimas d\u00e9cadas ha habido avances en el ejercicio de los derechos de la comunidad LGBT+.<\/p>\n\n\n\n<p>Pasado el mediod\u00eda, el contingente multicolor al ritmo de batucada avanza desde el \u00c1ngel de la Independencia hacia la explanada del Z\u00f3calo capitalino.<\/p>\n\n\n\n<p>Por doquier las banderas arcoiris ondean por Paseo de la Reforma, que est\u00e1 colmada de personajes de fantas\u00eda, entre ellos \u00e1ngeles, vaqueros alados, unicornios, <em>drags queen<\/em> y superh\u00e9roes alternativos, entre otros.<\/p>\n\n\n\n<figure class=\"wp-block-image size-full\"><img decoding=\"async\" width=\"1022\" height=\"677\" src=\"https:\/\/losperiodistas.com.mx\/portal\/wp-content\/uploads\/2024\/06\/Captura-de-pantalla-2024-06-29-174318.png\" alt=\"\" class=\"wp-image-78236\" srcset=\"https:\/\/losperiodistas.com.mx\/portal\/wp-content\/uploads\/2024\/06\/Captura-de-pantalla-2024-06-29-174318.png 1022w, https:\/\/losperiodistas.com.mx\/portal\/wp-content\/uploads\/2024\/06\/Captura-de-pantalla-2024-06-29-174318-300x199.png 300w, https:\/\/losperiodistas.com.mx\/portal\/wp-content\/uploads\/2024\/06\/Captura-de-pantalla-2024-06-29-174318-768x509.png 768w\" sizes=\"(max-width: 1022px) 100vw, 1022px\" \/><figcaption><em>Foto Yazm\u00edn Ortega Cort\u00e9s<\/em><\/figcaption><\/figure>\n\n\n\n<p>La movilizaci\u00f3n deton\u00f3 la venta de m\u00faltiples art\u00edculos alusivos a la fecha, as\u00ed como comida y cerveza. Todos los comercios de la zona est\u00e1n adornados con las banderas LGBT+, incluso algunas obras de construcci\u00f3n del \u00e1rea lucen los colores de la diversidad.<\/p>\n\n\n\n<p>El Comit\u00e9 IncluyT, uno de los organizadores de la marcha, denuncia en un posicionamiento que en lo que va del a\u00f1o han ocurrido al menos 30 feminicidios de mujeres trans en el pa\u00eds, nueve de estos cr\u00edmenes sucedieron en las calles de esta ciudad, \u201cuna capital que aunque ha avanzado para garantizar los derechos humanos de las personas trans, no ha implementado pol\u00edticas de prevenci\u00f3n que garanticen la justicia y reparaci\u00f3n para las v\u00edctimas\u201d.<\/p>\n\n\n\n<figure class=\"wp-block-image size-full\"><img decoding=\"async\" width=\"1018\" height=\"651\" src=\"https:\/\/losperiodistas.com.mx\/portal\/wp-content\/uploads\/2024\/06\/Captura-de-pantalla-2024-06-29-174623.png\" alt=\"\" class=\"wp-image-78237\" srcset=\"https:\/\/losperiodistas.com.mx\/portal\/wp-content\/uploads\/2024\/06\/Captura-de-pantalla-2024-06-29-174623.png 1018w, https:\/\/losperiodistas.com.mx\/portal\/wp-content\/uploads\/2024\/06\/Captura-de-pantalla-2024-06-29-174623-300x192.png 300w, https:\/\/losperiodistas.com.mx\/portal\/wp-content\/uploads\/2024\/06\/Captura-de-pantalla-2024-06-29-174623-768x491.png 768w\" sizes=\"(max-width: 1018px) 100vw, 1018px\" \/><figcaption><em>Foto Yazm\u00edn Ortega Cort\u00e9s<\/em><\/figcaption><\/figure>\n\n\n\n<p>A\u00f1aden que \u201cel Estado patriarcal y hegem\u00f3nico ha actuado como opresor de manera hist\u00f3rica, sin nunca a la fecha ofrecer una disculpa p\u00fablica por las violencias y la deuda hist\u00f3rica hacia las poblaciones de la diversidad sexual y de g\u00e9nero\u201d.<\/p>\n\n\n\n<p>Agregan que la constante ha sido \u201cla omisi\u00f3n en atender estos temas cr\u00edticos, incluso desde las instituciones competentes que tienen la obligaci\u00f3n de actuar, resolver, reparar y asegurar la no repetici\u00f3n\u201d.<\/p>\n\n\n\n<p>Por ello, se\u00f1alan que \u201c\u00a1El silencio es complicidad!\u201d y \u201cLa omisi\u00f3n es violencia!\u201d<\/p>\n\n\n\n<figure class=\"wp-block-image size-full\"><img loading=\"lazy\" decoding=\"async\" width=\"1007\" height=\"677\" src=\"https:\/\/losperiodistas.com.mx\/portal\/wp-content\/uploads\/2024\/06\/Captura-de-pantalla-2024-06-29-174850.png\" alt=\"\" class=\"wp-image-78238\" srcset=\"https:\/\/losperiodistas.com.mx\/portal\/wp-content\/uploads\/2024\/06\/Captura-de-pantalla-2024-06-29-174850.png 1007w, https:\/\/losperiodistas.com.mx\/portal\/wp-content\/uploads\/2024\/06\/Captura-de-pantalla-2024-06-29-174850-300x202.png 300w, https:\/\/losperiodistas.com.mx\/portal\/wp-content\/uploads\/2024\/06\/Captura-de-pantalla-2024-06-29-174850-768x516.png 768w\" sizes=\"(max-width: 1007px) 100vw, 1007px\" \/><figcaption><em>Foto Yazm\u00edn Ortega Cort\u00e9s<\/em><\/figcaption><\/figure>\n\n\n\n<p>Desde temprano los automotores fueron colocados desde la altura de la Estela de Luz hacia el Auditorio Nacional.<\/p>\n\n\n\n<p>Promotores de diversas marcas de productos tambi\u00e9n se dieron cita en la Marcha del Orgullo, y regalan sus mercanc\u00edas, entre ellas botellas de agua, de jugo y hasta papel higi\u00e9nico.<\/p>\n\n\n\n<p>Entre el ambiente festivo que se observa en pr\u00e1cticamente toda la movilizaci\u00f3n, como peque\u00f1os destellos, destacan algunas pancartas o reducidos colectivos que muestran algunas de las problem\u00e1ticas que aquejan a la comunidad.<\/p>\n\n\n\n<p>Seis mujeres transg\u00e9nero entre las banderas arco\u00edris cargan un ata\u00fad con el que exigen justicia por sus compa\u00f1eras asesinadas. Ese mismo grupo grita: \u201cyo siento rabia, yo no siento orgullo\u201d, y portan pancartas en las que advierten sobre el VIH y la discriminaci\u00f3n:<\/p>\n\n\n\n<p>\u201cEl VIH no mata, tu serofobia s\u00ed\u201d.<\/p>\n\n\n\n<p>M\u00e1s adelante, entre los colectivos de marcas, un joven lanza el siguiente mensaje: \u201cSi me matan por ser gay, quiero que sepan que puse resistencia\u201d.<\/p>\n\n\n\n<figure class=\"wp-block-image size-full\"><img loading=\"lazy\" decoding=\"async\" width=\"1009\" height=\"683\" src=\"https:\/\/losperiodistas.com.mx\/portal\/wp-content\/uploads\/2024\/06\/Captura-de-pantalla-2024-06-29-175234.png\" alt=\"\" class=\"wp-image-78239\" srcset=\"https:\/\/losperiodistas.com.mx\/portal\/wp-content\/uploads\/2024\/06\/Captura-de-pantalla-2024-06-29-175234.png 1009w, https:\/\/losperiodistas.com.mx\/portal\/wp-content\/uploads\/2024\/06\/Captura-de-pantalla-2024-06-29-175234-300x203.png 300w, https:\/\/losperiodistas.com.mx\/portal\/wp-content\/uploads\/2024\/06\/Captura-de-pantalla-2024-06-29-175234-768x520.png 768w\" sizes=\"(max-width: 1009px) 100vw, 1009px\" \/><figcaption><em>Foto Yazm\u00edn Ortega Cort\u00e9s<\/em><\/figcaption><\/figure>\n\n\n\n<p>El avance de la marcha es lento y atropellado por los vendedores ambulantes, las selfis y los bailes.<\/p>\n\n\n\n<p>Fuente: <a href=\"https:\/\/www.jornada.com.mx\/noticia\/2024\/06\/29\/sociedad\/a-ritmo-de-batucada-avanza-marcha-del-orgullo-en-la-cdmx-4557\" target=\"_blank\" rel=\"noreferrer noopener\">La Jornada<\/a><\/p>\n","protected":false},"excerpt":{"rendered":"<p>Carolina G\u00f3mez y Jessica Xantomila \/ La Jornada En M\u00e9xico prevalece un \u201calarmante aumento de las agresiones y muertes violentas\u201d [&hellip;]<\/p>\n","protected":false},"author":1,"featured_media":78235,"comment_status":"open","ping_status":"open","sticky":false,"template":"","format":"standard","meta":{"site-sidebar-layout":"default","site-content-layout":"","ast-site-content-layout":"default","site-content-style":"default","site-sidebar-style":"default","ast-global-header-display":"","ast-banner-title-visibility":"","ast-main-header-display":"","ast-hfb-above-header-display":"","ast-hfb-below-header-display":"","ast-hfb-mobile-header-display":"","site-post-title":"","ast-breadcrumbs-content":"","ast-featured-img":"","footer-sml-layout":"","theme-transparent-header-meta":"","adv-header-id-meta":"","stick-header-meta":"","header-above-stick-meta":"","header-main-stick-meta":"","header-below-stick-meta":"","astra-migrate-meta-layouts":"default","ast-page-background-enabled":"default","ast-page-background-meta":{"desktop":{"background-color":"var(--ast-global-color-4)","background-image":"","background-repeat":"repeat","background-position":"center center","background-size":"auto","background-attachment":"scroll","background-type":"","background-media":"","overlay-type":"","overlay-color":"","overlay-opacity":"","overlay-gradient":""},"tablet":{"background-color":"","background-image":"","background-repeat":"repeat","background-position":"center center","background-size":"auto","background-attachment":"scroll","background-type":"","background-media":"","overlay-type":"","overlay-color":"","overlay-opacity":"","overlay-gradient":""},"mobile":{"background-color":"","background-image":"","background-repeat":"repeat","background-position":"center center","background-size":"auto","background-attachment":"scroll","background-type":"","background-media":"","overlay-type":"","overlay-color":"","overlay-opacity":"","overlay-gradient":""}},"ast-content-background-meta":{"desktop":{"background-color":"var(--ast-global-color-5)","background-image":"","background-repeat":"repeat","background-position":"center center","background-size":"auto","background-attachment":"scroll","background-type":"","background-media":"","overlay-type":"","overlay-color":"","overlay-opacity":"","overlay-gradient":""},"tablet":{"background-color":"var(--ast-global-color-5)","background-image":"","background-repeat":"repeat","background-position":"center center","background-size":"auto","background-attachment":"scroll","background-type":"","background-media":"","overlay-type":"","overlay-color":"","overlay-opacity":"","overlay-gradient":""},"mobile":{"background-color":"var(--ast-global-color-5)","background-image":"","background-repeat":"repeat","background-position":"center center","background-size":"auto","background-attachment":"scroll","background-type":"","background-media":"","overlay-type":"","overlay-color":"","overlay-opacity":"","overlay-gradient":""}},"footnotes":""},"categories":[8],"tags":[26817,8943,26372,26815,26816],"class_list":["post-78234","post","type-post","status-publish","format-standard","has-post-thumbnail","hentry","category-noticias","tag-batucada","tag-cdmx","tag-lgbtttiq-2","tag-marcha-del-orgullo","tag-orgullo-lgbtiq"],"_links":{"self":[{"href":"https:\/\/losperiodistas.com.mx\/portal\/wp-json\/wp\/v2\/posts\/78234","targetHints":{"allow":["GET"]}}],"collection":[{"href":"https:\/\/losperiodistas.com.mx\/portal\/wp-json\/wp\/v2\/posts"}],"about":[{"href":"https:\/\/losperiodistas.com.mx\/portal\/wp-json\/wp\/v2\/types\/post"}],"author":[{"embeddable":true,"href":"https:\/\/losperiodistas.com.mx\/portal\/wp-json\/wp\/v2\/users\/1"}],"replies":[{"embeddable":true,"href":"https:\/\/losperiodistas.com.mx\/portal\/wp-json\/wp\/v2\/comments?post=78234"}],"version-history":[{"count":1,"href":"https:\/\/losperiodistas.com.mx\/portal\/wp-json\/wp\/v2\/posts\/78234\/revisions"}],"predecessor-version":[{"id":78240,"href":"https:\/\/losperiodistas.com.mx\/portal\/wp-json\/wp\/v2\/posts\/78234\/revisions\/78240"}],"wp:featuredmedia":[{"embeddable":true,"href":"https:\/\/losperiodistas.com.mx\/portal\/wp-json\/wp\/v2\/media\/78235"}],"wp:attachment":[{"href":"https:\/\/losperiodistas.com.mx\/portal\/wp-json\/wp\/v2\/media?parent=78234"}],"wp:term":[{"taxonomy":"category","embeddable":true,"href":"https:\/\/losperiodistas.com.mx\/portal\/wp-json\/wp\/v2\/categories?post=78234"},{"taxonomy":"post_tag","embeddable":true,"href":"https:\/\/losperiodistas.com.mx\/portal\/wp-json\/wp\/v2\/tags?post=78234"}],"curies":[{"name":"wp","href":"https:\/\/api.w.org\/{rel}","templated":true}]}}