{"id":78226,"date":"2024-06-29T17:44:38","date_gmt":"2024-06-29T22:44:38","guid":{"rendered":"http:\/\/losperiodistas.com.mx\/portal\/?p=78226"},"modified":"2024-06-29T17:44:40","modified_gmt":"2024-06-29T22:44:40","slug":"tormenta-beryl-se-convirtio-en-huracan-categoria-1","status":"publish","type":"post","link":"https:\/\/losperiodistas.com.mx\/portal\/tormenta-beryl-se-convirtio-en-huracan-categoria-1\/","title":{"rendered":"Alerta en el Caribe: la tormenta Beryl se convirti\u00f3 en hurac\u00e1n categor\u00eda 1 | Infobae"},"content":{"rendered":"\n<p>El Centro Nacional de Huracanes de EEUU advirti\u00f3 que podr\u00eda provocar \u201cvientos destructivos y marejadas cicl\u00f3nicas potencialmente mortales\u201d en islas del Caribe<\/p>\n\n\n\n<figure class=\"wp-block-image size-large\"><img fetchpriority=\"high\" decoding=\"async\" width=\"1024\" height=\"661\" src=\"https:\/\/losperiodistas.com.mx\/portal\/wp-content\/uploads\/2024\/06\/Captura-de-pantalla-2024-06-29-163403-1024x661.png\" alt=\"Reporte meteorol\u00f3gico del NHC\" class=\"wp-image-78227\" srcset=\"https:\/\/losperiodistas.com.mx\/portal\/wp-content\/uploads\/2024\/06\/Captura-de-pantalla-2024-06-29-163403-1024x661.png 1024w, https:\/\/losperiodistas.com.mx\/portal\/wp-content\/uploads\/2024\/06\/Captura-de-pantalla-2024-06-29-163403-300x194.png 300w, https:\/\/losperiodistas.com.mx\/portal\/wp-content\/uploads\/2024\/06\/Captura-de-pantalla-2024-06-29-163403-768x495.png 768w, https:\/\/losperiodistas.com.mx\/portal\/wp-content\/uploads\/2024\/06\/Captura-de-pantalla-2024-06-29-163403.png 1065w\" sizes=\"(max-width: 1024px) 100vw, 1024px\" \/><figcaption>El \u00faltimo reporte meteorol\u00f3gico del NHC se\u00f1ala que Beryl ya es hurac\u00e1n de categor\u00eda 1<\/figcaption><\/figure>\n\n\n\n<p><strong>La segunda tormenta tropical de 2024 en la cuenca atl\u00e1ntica, bautizada como Beryl, se convirti\u00f3 en<\/strong> <strong>hurac\u00e1n categor\u00eda 1 este s\u00e1bado <\/strong>y se podr\u00eda \u201cfortalecer r\u00e1pidamente\u201d cuando llegue a las Islas de Barlovento del mar Caribe el domingo por la noche o el lunes, seg\u00fan anunci\u00f3 el Centro Nacional de Huracanes de EEUU (NHC, en ingl\u00e9s).<\/p>\n\n\n\n<p>El NHC, con sede en Miami (Florida), anot\u00f3 que Beryl podr\u00eda provocar <strong>\u201cvientos destructivos con fuerza de hurac\u00e1n y marejadas cicl\u00f3nicas potencialmente mortales\u201d,<\/strong> raz\u00f3n por la que hay una alerta de hurac\u00e1n vigente para gran parte de las Islas de Barlovento.<\/p>\n\n\n\n<p>Los gobiernos de Francia, Trinidad y Tobago, Santa Luc\u00eda y Barbados han emitido una alerta de hurac\u00e1n para sus islas en la regi\u00f3n.<\/p>\n\n\n\n<p><em>\u201cSe esperan fuertes lluvias e inundaciones localizadas en las Islas de Barlovento<strong> el domingo por la noche y el lunes<\/strong>\u201d<\/em>, a\u00f1adi\u00f3 el comunicado de la instituci\u00f3n meteorol\u00f3gica.<\/p>\n\n\n\n<p>Esta es la segunda tormenta con nombre de la temporada de huracanes del Atl\u00e1ntico de 2024 y se convirti\u00f3 formalmente en tormenta tropical el viernes.<\/p>\n\n\n\n<figure class=\"wp-block-image size-large\"><img decoding=\"async\" width=\"1024\" height=\"684\" src=\"https:\/\/losperiodistas.com.mx\/portal\/wp-content\/uploads\/2024\/06\/Captura-de-pantalla-2024-06-29-163808-1024x684.png\" alt=\"\" class=\"wp-image-78228\" srcset=\"https:\/\/losperiodistas.com.mx\/portal\/wp-content\/uploads\/2024\/06\/Captura-de-pantalla-2024-06-29-163808-1024x684.png 1024w, https:\/\/losperiodistas.com.mx\/portal\/wp-content\/uploads\/2024\/06\/Captura-de-pantalla-2024-06-29-163808-300x201.png 300w, https:\/\/losperiodistas.com.mx\/portal\/wp-content\/uploads\/2024\/06\/Captura-de-pantalla-2024-06-29-163808-768x513.png 768w, https:\/\/losperiodistas.com.mx\/portal\/wp-content\/uploads\/2024\/06\/Captura-de-pantalla-2024-06-29-163808.png 1194w\" sizes=\"(max-width: 1024px) 100vw, 1024px\" \/><figcaption>Fotograf\u00eda satelital cedida por la Oficina Nacional de Administraci\u00f3n Oce\u00e1nica y Atmosf\u00e9rica (NOAA) a trav\u00e9s del Centro Nacional de Huracanes (NHC) estadounidense donde se muestra la localizaci\u00f3n de la tormenta tropical Beryl en la cuenca atl\u00e1ntica, en el cuadrante inferior derecho cerca del centro (EFE\/NOAA-NHC)<\/figcaption><\/figure>\n\n\n\n<h2 class=\"wp-block-heading\">Alerta en el Caribe Oriental<\/h2>\n\n\n\n<p>Barbados y otros Estados del Caribe Oriental tambi\u00e9n emitieron este s\u00e1bado una alerta de hurac\u00e1n ante el paso de Beryl.<\/p>\n\n\n\n<p>La primera ministra barbadense, Mia Mottley, inst\u00f3 en una cadena de televisi\u00f3n nacional a los ciudadanos a tomar todas las precauciones necesarias ante la llegada de la tormenta y afirm\u00f3 que el pa\u00eds podr\u00eda enfrentarse a un hurac\u00e1n \u201cde categor\u00eda uno en las pr\u00f3ximas 48 horas\u201d.<\/p>\n\n\n\n<p><strong>\u201cNos guste o no, la verdad es que estamos viviendo en una \u00e9poca diferente.<\/strong> Me oyen hablar del cambio clim\u00e1tico y de la crisis clim\u00e1tica, y aqu\u00ed es donde se pone el dedo en la llaga, y la verdad es que viviremos m\u00e1s y m\u00e1s momentos como este\u201d, asever\u00f3 la mandataria. A su juicio, <strong>\u201ces probable que estas marejadas provoquen olas potencialmente mortales y corrientes de resaca\u201d.<\/strong><\/p>\n\n\n\n<p>\u201cLas temperaturas est\u00e1n subiendo no s\u00f3lo para nosotros, sino tambi\u00e9n en los oc\u00e9anos, y cuando empiecen a subir en los oc\u00e9anos, las posibilidades de tormentas y huracanes ser\u00e1n cada vez mayores\u201d, subray\u00f3 Mottley.<\/p>\n\n\n\n<figure class=\"wp-block-image size-large\"><img decoding=\"async\" width=\"1024\" height=\"667\" src=\"https:\/\/losperiodistas.com.mx\/portal\/wp-content\/uploads\/2024\/06\/Captura-de-pantalla-2024-06-29-163943-1024x667.png\" alt=\"\" class=\"wp-image-78229\" srcset=\"https:\/\/losperiodistas.com.mx\/portal\/wp-content\/uploads\/2024\/06\/Captura-de-pantalla-2024-06-29-163943-1024x667.png 1024w, https:\/\/losperiodistas.com.mx\/portal\/wp-content\/uploads\/2024\/06\/Captura-de-pantalla-2024-06-29-163943-300x195.png 300w, https:\/\/losperiodistas.com.mx\/portal\/wp-content\/uploads\/2024\/06\/Captura-de-pantalla-2024-06-29-163943-768x500.png 768w, https:\/\/losperiodistas.com.mx\/portal\/wp-content\/uploads\/2024\/06\/Captura-de-pantalla-2024-06-29-163943.png 1198w\" sizes=\"(max-width: 1024px) 100vw, 1024px\" \/><figcaption>Una persona camina bajo la lluvia en Monterrey, Nuevo Le\u00f3n, M\u00e9xico (Imagen de archivo\/EFE\/ Miguel Sierra)<\/figcaption><\/figure>\n\n\n\n<h2 class=\"wp-block-heading\">Fuertes lluvias en M\u00e9xico<\/h2>\n\n\n\n<p>Por otra parte, el Servicio Meteorol\u00f3gico Nacional de M\u00e9xico (SMN) report\u00f3 este s\u00e1bado que la tormenta tropical Beryl, que se posiciona sobre el sureste mexicano, <strong>no representa riesgos para el pa\u00eds, aunque ocasionar\u00e1<\/strong> <strong>lluvias de torrenciales a fuertes en 29 estados.<\/strong><\/p>\n\n\n\n<p>La noche del viernes, en el oc\u00e9ano Atl\u00e1ntico, la depresi\u00f3n tropical \u2018Dos\u2019 se intensific\u00f3 a tormenta tropical con el nombre de Beryl. \u201cPor el momento no representa riesgo para M\u00e9xico\u201d, sostuvo el SMN. Adem\u00e1s, detall\u00f3 que la zona de baja presi\u00f3n, asociada a la onda tropical seis, se ubicar\u00e1n sobre la Sonde del sure\u00f1o estado de Campeche con direcci\u00f3n hacia las costas de Veracruz.<\/p>\n\n\n\n<p>Detall\u00f3 que esta zona de baja presi\u00f3n tiene un 40% de probabilidad para desarrollar un cicl\u00f3n tropical en 48 horas, as\u00ed como interactuar\u00e1 con la humedad generada por la vaguada monz\u00f3nica. Esto propiciar\u00e1 <strong>lluvias puntuales torrenciales en Chiapas, Campeche, Yucat\u00e1n y Quintana Roo y puntuales intensas en Veracruz, Oaxaca y Tabasco. <\/strong>A su vez, se prev\u00e9n vientos de 60 a 80 km\/h con posible formaci\u00f3n de trombas marinas y oleaje de dos a cuatro metros de altura en las costas de la<strong> Pen\u00ednsula de Yucat\u00e1n.<\/strong><\/p>\n\n\n\n<p>Este a\u00f1o, el Atl\u00e1ntico tendr\u00e1 una temporada de huracanes muy por encima del promedio, con la posibilidad de hasta trece huracanes, de los cuales hasta siete pueden ser de categor\u00eda mayor, seg\u00fan la Oficina Nacional de Administraci\u00f3n Oce\u00e1nica y Atmosf\u00e9rica (NOAA, en ingl\u00e9s) de Estados Unidos.<\/p>\n\n\n\n<p>El pron\u00f3stico refleja que <strong>este a\u00f1o se podr\u00e1n formar un total de entre 17 y 25 tormentas<\/strong>, es decir, con vientos m\u00e1ximos sostenidos por encima de los 62 kil\u00f3metros por hora.<\/p>\n\n\n\n<p><em>(Con informaci\u00f3n de EFE)<\/em><\/p>\n\n\n\n<p>Fuente: <a href=\"https:\/\/www.infobae.com\/america\/america-latina\/2024\/06\/29\/alerta-en-el-caribe-la-tormenta-beryl-se-convirtio-en-huracan-categoria-1\/\" target=\"_blank\" rel=\"noreferrer noopener\">Infobae<\/a><\/p>\n","protected":false},"excerpt":{"rendered":"<p>El Centro Nacional de Huracanes de EEUU advirti\u00f3 que podr\u00eda provocar \u201cvientos destructivos y marejadas cicl\u00f3nicas potencialmente mortales\u201d en islas del Caribe<\/p>\n","protected":false},"author":1,"featured_media":78227,"comment_status":"open","ping_status":"open","sticky":false,"template":"","format":"standard","meta":{"site-sidebar-layout":"default","site-content-layout":"","ast-site-content-layout":"default","site-content-style":"default","site-sidebar-style":"default","ast-global-header-display":"","ast-banner-title-visibility":"","ast-main-header-display":"","ast-hfb-above-header-display":"","ast-hfb-below-header-display":"","ast-hfb-mobile-header-display":"","site-post-title":"","ast-breadcrumbs-content":"","ast-featured-img":"","footer-sml-layout":"","theme-transparent-header-meta":"","adv-header-id-meta":"","stick-header-meta":"","header-above-stick-meta":"","header-main-stick-meta":"","header-below-stick-meta":"","astra-migrate-meta-layouts":"default","ast-page-background-enabled":"default","ast-page-background-meta":{"desktop":{"background-color":"var(--ast-global-color-4)","background-image":"","background-repeat":"repeat","background-position":"center center","background-size":"auto","background-attachment":"scroll","background-type":"","background-media":"","overlay-type":"","overlay-color":"","overlay-opacity":"","overlay-gradient":""},"tablet":{"background-color":"","background-image":"","background-repeat":"repeat","background-position":"center center","background-size":"auto","background-attachment":"scroll","background-type":"","background-media":"","overlay-type":"","overlay-color":"","overlay-opacity":"","overlay-gradient":""},"mobile":{"background-color":"","background-image":"","background-repeat":"repeat","background-position":"center center","background-size":"auto","background-attachment":"scroll","background-type":"","background-media":"","overlay-type":"","overlay-color":"","overlay-opacity":"","overlay-gradient":""}},"ast-content-background-meta":{"desktop":{"background-color":"var(--ast-global-color-5)","background-image":"","background-repeat":"repeat","background-position":"center center","background-size":"auto","background-attachment":"scroll","background-type":"","background-media":"","overlay-type":"","overlay-color":"","overlay-opacity":"","overlay-gradient":""},"tablet":{"background-color":"var(--ast-global-color-5)","background-image":"","background-repeat":"repeat","background-position":"center center","background-size":"auto","background-attachment":"scroll","background-type":"","background-media":"","overlay-type":"","overlay-color":"","overlay-opacity":"","overlay-gradient":""},"mobile":{"background-color":"var(--ast-global-color-5)","background-image":"","background-repeat":"repeat","background-position":"center center","background-size":"auto","background-attachment":"scroll","background-type":"","background-media":"","overlay-type":"","overlay-color":"","overlay-opacity":"","overlay-gradient":""}},"footnotes":""},"categories":[8],"tags":[26813,26811,26303,26694,26810,26812,26809],"class_list":["post-78226","post","type-post","status-publish","format-standard","has-post-thumbnail","hentry","category-noticias","tag-alerta-en-el-caribe","tag-caribe","tag-centro-nacional-de-huracanes","tag-fuertes-lluvias","tag-huracan-cat1","tag-nhc","tag-tormenta-beryl"],"_links":{"self":[{"href":"https:\/\/losperiodistas.com.mx\/portal\/wp-json\/wp\/v2\/posts\/78226","targetHints":{"allow":["GET"]}}],"collection":[{"href":"https:\/\/losperiodistas.com.mx\/portal\/wp-json\/wp\/v2\/posts"}],"about":[{"href":"https:\/\/losperiodistas.com.mx\/portal\/wp-json\/wp\/v2\/types\/post"}],"author":[{"embeddable":true,"href":"https:\/\/losperiodistas.com.mx\/portal\/wp-json\/wp\/v2\/users\/1"}],"replies":[{"embeddable":true,"href":"https:\/\/losperiodistas.com.mx\/portal\/wp-json\/wp\/v2\/comments?post=78226"}],"version-history":[{"count":1,"href":"https:\/\/losperiodistas.com.mx\/portal\/wp-json\/wp\/v2\/posts\/78226\/revisions"}],"predecessor-version":[{"id":78230,"href":"https:\/\/losperiodistas.com.mx\/portal\/wp-json\/wp\/v2\/posts\/78226\/revisions\/78230"}],"wp:featuredmedia":[{"embeddable":true,"href":"https:\/\/losperiodistas.com.mx\/portal\/wp-json\/wp\/v2\/media\/78227"}],"wp:attachment":[{"href":"https:\/\/losperiodistas.com.mx\/portal\/wp-json\/wp\/v2\/media?parent=78226"}],"wp:term":[{"taxonomy":"category","embeddable":true,"href":"https:\/\/losperiodistas.com.mx\/portal\/wp-json\/wp\/v2\/categories?post=78226"},{"taxonomy":"post_tag","embeddable":true,"href":"https:\/\/losperiodistas.com.mx\/portal\/wp-json\/wp\/v2\/tags?post=78226"}],"curies":[{"name":"wp","href":"https:\/\/api.w.org\/{rel}","templated":true}]}}