{"id":78212,"date":"2024-06-29T11:47:39","date_gmt":"2024-06-29T16:47:39","guid":{"rendered":"https:\/\/losperiodistas.com.mx\/portal\/?p=78212"},"modified":"2024-06-29T11:47:41","modified_gmt":"2024-06-29T16:47:41","slug":"la-campana-se-cierra-en-francia-con-el-partido-de-le-pen-lanzado-a-la-victoria-la-vanguardia","status":"publish","type":"post","link":"https:\/\/losperiodistas.com.mx\/portal\/la-campana-se-cierra-en-francia-con-el-partido-de-le-pen-lanzado-a-la-victoria-la-vanguardia\/","title":{"rendered":"La campa\u00f1a se cierra en Francia con el partido de Le Pen lanzado a la victoria | La Vanguardia"},"content":{"rendered":"\n<h2 class=\"has-light-green-cyan-background-color has-background wp-block-heading\">Una ola de descontento y de rechazo a Macron empuja a la extrema derecha<\/h2>\n\n\n\n<h2 class=\"has-white-background-color has-background wp-block-heading\">\u00a0<a href=\"https:\/\/www.lavanguardia.com\/cultura\/20240629\/9768635\/michel-onfray-macron-marine-le-pen-elecciones-francia-fascismo-historia-alma-elon-musk.html\">Michel Onfray: \u201cLa gente no vota a Marine Le Pen, vota contra un sistema que ya no quieren\u201d<\/a><\/h2>\n\n\n\n<figure class=\"wp-block-image size-large\"><img fetchpriority=\"high\" decoding=\"async\" width=\"1024\" height=\"577\" src=\"https:\/\/losperiodistas.com.mx\/portal\/wp-content\/uploads\/2024\/06\/Captura-de-Pantalla-2024-06-29-a-las-10.40.22-1024x577.jpg\" alt=\"\" class=\"wp-image-78213\" srcset=\"https:\/\/losperiodistas.com.mx\/portal\/wp-content\/uploads\/2024\/06\/Captura-de-Pantalla-2024-06-29-a-las-10.40.22-1024x577.jpg 1024w, https:\/\/losperiodistas.com.mx\/portal\/wp-content\/uploads\/2024\/06\/Captura-de-Pantalla-2024-06-29-a-las-10.40.22-300x169.jpg 300w, https:\/\/losperiodistas.com.mx\/portal\/wp-content\/uploads\/2024\/06\/Captura-de-Pantalla-2024-06-29-a-las-10.40.22-768x433.jpg 768w, https:\/\/losperiodistas.com.mx\/portal\/wp-content\/uploads\/2024\/06\/Captura-de-Pantalla-2024-06-29-a-las-10.40.22-1536x866.jpg 1536w, https:\/\/losperiodistas.com.mx\/portal\/wp-content\/uploads\/2024\/06\/Captura-de-Pantalla-2024-06-29-a-las-10.40.22.jpg 1898w\" sizes=\"(max-width: 1024px) 100vw, 1024px\" \/><figcaption><a href=\"https:\/\/cdn.jwplayer.com\/previews\/iO9UMk85\">VIDEO<\/a><\/figcaption><\/figure>\n\n\n\n<p class=\"has-vivid-red-color has-text-color has-medium-font-size\"><strong>EUSEBIO VAL  \/ Par\u00eds, corresponsal \/ LA VANGUARDIA<\/strong><\/p>\n\n\n\n<p>Nada ha podido frenar, al parecer, la ola sobre la que cabalga el Reagrupamiento Nacional (RN, ex Frente Nacional). No importan las correcciones a toda prisa del programa electoral, las ambig\u00fcedades, las vacilaciones del candidato a primer ministro \u2013Jordan Bardella, 28 a\u00f1os\u2013 en el \u00faltimo debate televisado y la memoria hist\u00f3rica sobre un movimiento pol\u00edtico que naci\u00f3 con el apoyo, en parte, de personajes abiertamente fascistas y antisemitas.<\/p>\n\n\n\n<p>Es cierto que el RN ha cambiado mucho y se ha moderado, en el fondo y en las formas, gracias a la exitosa estrategia de Marine Le Pen, la hija del fundador. En realidad, muchos de quienes le dar\u00e1n su apoyo el domingo no son ideol\u00f3gicamente reaccionarios. Una parte de ellos votaba hace a\u00f1os a la izquierda. Se trata de una reacci\u00f3n de descontento hacia la clase pol\u00edtica en general, de hartazgo, una respuesta de la Francia perif\u00e9rica, de los pueblos y peque\u00f1as ciudades, frente a la Francia urbana, sobre todo las elites de Par\u00eds, y las consecuencias de la globalizaci\u00f3n sobre el coste de la vida. Es igualmente un voto de castigo al presidente Emmanuel Macron. Existe hacia \u00e9l, en amplias capas sociales, una hostilidad muy marcada, a veces visceral. Es algo m\u00e1s que impopularidad; es una detestaci\u00f3n que aumenta en cada discurso, en cada entrevista. Un alto porcentaje de ciudadanos de la Francia profunda ya no soporta a Macron y quiere un cambio.<\/p>\n\n\n\n<h3 class=\"wp-block-heading\">En las filas del presidente hay se\u00f1ales de resignaci\u00f3n y desbandada ante el desastre anunciado<\/h3>\n\n\n\n<p>Ha sido una campa\u00f1a expr\u00e9s, sin ni siquiera el tiempo de organizar m\u00edtines. La decisi\u00f3n de Macron de disolver la Asamblea Nacional, la misma noche de los comicios europeos, solo seg\u00fan las proyecciones de los sondeos, pill\u00f3 a todos por sorpresa, con excepci\u00f3n de un reducido c\u00edrculo \u00edntimo de colaboradores entre los cuales no estaban ni el primer ministro Gabriel Attal ni el titular de Econom\u00eda y Hacienda, Bruno Le Maire.<\/p>\n\n\n\n<p>Entre las propias filas macronistas hay incomprensi\u00f3n y rabia. No entienden la precipitaci\u00f3n, justo antes de los Juegos Ol\u00edmpicos de Par\u00eds. Se sienten empujados al matadero electoral. Las se\u00f1ales de desbandada, de resignaci\u00f3n, son evidentes. El ministro del Interior, G\u00e9rald Darmanin, por ejemplo, pieza clave en la seguridad ol\u00edmpica, ya ha dicho que dimitir\u00e1 de inmediato en caso de derrota electoral. El ex primer ministro \u00c9douard Philippe consider\u00f3 que Macron hab\u00eda \u201cmatado la mayor\u00eda presidencial\u201d, y que por lo tanto hab\u00eda que pasar a otro cap\u00edtulo. En caso de cohabitaci\u00f3n entre un Macron en el El\u00edseo y un nuevo gobierno liderado por la extrema derecha, lo que quede del macronismo en la oposici\u00f3n estar\u00e1 atomizado, sin que el jefe del Estado ejerza influencia sobre ellos.Lee tambi\u00e9n<\/p>\n\n\n\n<h2 class=\"has-medium-font-size wp-block-heading\"><a href=\"https:\/\/www.lavanguardia.com\/internacional\/20240625\/9759580\/candidato-extrema-derecha-recibe-duros-ataques-debate-televisado.html\">El candidato de la extrema derecha recibe duros ataques en el debate televisado<\/a><\/h2>\n\n\n\n<p>EUSEBIO VAL<\/p>\n\n\n\n<figure class=\"wp-block-image\"><img decoding=\"async\" src=\"https:\/\/www.lavanguardia.com\/files\/image_104_108\/files\/fp\/uploads\/2024\/06\/21\/6675daecc03d5.r_d.4013-2676.jpeg\" alt=\"TOPSHOT - French far-right Rassemblement National (RN) party President and lead MEP Jordan Bardella poses for a photograph ahead of an interview on the evening news broadcast of French TV channel TF1, in Boulogne-Billancourt, outside Paris, on June 20, 2024. (Photo by Ludovic MARIN \/ AFP) \/ POOL SOLELY FOR ABACA\"\/><\/figure>\n\n\n\n<p>En principio, seg\u00fan la Constituci\u00f3n, Macron puede seguir en el El\u00edseo hasta completar su mandato, hasta mayo del 2027. Nadie, sin embargo, puede apostar a que se cumpla el calendario. La autoridad pol\u00edtica y moral del presidente se ver\u00e1 muy mermada. \u00bfTirar\u00e1 antes la toalla? Es una hip\u00f3tesis que no puede descartarse. Durante la V Rep\u00fablica, fundada por el general De Gaulle en 1958, ha habido tres cohabitaciones, dos bajo el mandato del socialista Fran\u00e7ois Mitterrand y una bajo el conservador Jacques Chirac. Pero entonces el ambiente era diferente. Se trataba de partidos del \u201carco republicano\u201d, que compart\u00edan cosas esenciales. Pese a las tensiones, las instituciones funcionaron. Una cohabitaci\u00f3n entre un presidente centrista y la extrema derecha ser\u00e1 algo in\u00e9dito y potencialmente muy conflictivo.<\/p>\n\n\n\n<h3 class=\"wp-block-heading\">Una nueva cohabitaci\u00f3n, la cuarta bajo la V Rep\u00fablica, ser\u00eda mucho m\u00e1s dif\u00edcil que tres las anteriores<\/h3>\n\n\n\n<p>En el sistema franc\u00e9s, a dos vueltas, habr\u00e1 que esperar hasta el 7 de julio para conocer el reparto de esca\u00f1os en la nueva Asamblea Nacional. El RN podr\u00eda alcanzar la mayor\u00eda absoluta o quedar cerca, seg\u00fan los sondeos. La coalici\u00f3n de izquierda, el Nuevo Frente Popular, ser\u00eda segunda, y la alianza macronista, tercera. Esta \u00faltima podr\u00eda ver reducir sus diputados a un tercio respecto a hace dos a\u00f1os.<\/p>\n\n\n\n<p>Macron prometi\u00f3 no inmiscuirse en la campa\u00f1a, pero no ha sabido evitarlo. Sus declaraciones pueden haber sido contraproducentes, como cuando alert\u00f3 del riesgo de guerra civil si ganaba la extrema derecha o la izquierda radical. Su \u00faltima intervenci\u00f3n fue para denunciar a un candidato del RN que dijo que alguien con doble nacionalidad no deber\u00eda ser ministro. Para Macron, eso es \u201cun traici\u00f3n profunda a lo que es Francia\u201d.<\/p>\n\n\n\n<p>Fuente: <a href=\"https:\/\/www.lavanguardia.com\/internacional\/20240629\/9768557\/campana-cierra-francia-partido-le-pen-lanzado-victoria.html\">https:\/\/www.lavanguardia.com\/internacional\/20240629\/9768557\/campana-cierra-francia-partido-le-pen-lanzado-victoria.html<\/a><\/p>\n","protected":false},"excerpt":{"rendered":"<p>Una ola de descontento y de rechazo a Macron empuja a la extrema derecha \u00a0Michel Onfray: \u201cLa gente no vota [&hellip;]<\/p>\n","protected":false},"author":1,"featured_media":78213,"comment_status":"open","ping_status":"open","sticky":false,"template":"","format":"standard","meta":{"site-sidebar-layout":"default","site-content-layout":"","ast-site-content-layout":"default","site-content-style":"default","site-sidebar-style":"default","ast-global-header-display":"","ast-banner-title-visibility":"","ast-main-header-display":"","ast-hfb-above-header-display":"","ast-hfb-below-header-display":"","ast-hfb-mobile-header-display":"","site-post-title":"","ast-breadcrumbs-content":"","ast-featured-img":"","footer-sml-layout":"","theme-transparent-header-meta":"","adv-header-id-meta":"","stick-header-meta":"","header-above-stick-meta":"","header-main-stick-meta":"","header-below-stick-meta":"","astra-migrate-meta-layouts":"default","ast-page-background-enabled":"default","ast-page-background-meta":{"desktop":{"background-color":"var(--ast-global-color-4)","background-image":"","background-repeat":"repeat","background-position":"center center","background-size":"auto","background-attachment":"scroll","background-type":"","background-media":"","overlay-type":"","overlay-color":"","overlay-opacity":"","overlay-gradient":""},"tablet":{"background-color":"","background-image":"","background-repeat":"repeat","background-position":"center center","background-size":"auto","background-attachment":"scroll","background-type":"","background-media":"","overlay-type":"","overlay-color":"","overlay-opacity":"","overlay-gradient":""},"mobile":{"background-color":"","background-image":"","background-repeat":"repeat","background-position":"center center","background-size":"auto","background-attachment":"scroll","background-type":"","background-media":"","overlay-type":"","overlay-color":"","overlay-opacity":"","overlay-gradient":""}},"ast-content-background-meta":{"desktop":{"background-color":"var(--ast-global-color-5)","background-image":"","background-repeat":"repeat","background-position":"center center","background-size":"auto","background-attachment":"scroll","background-type":"","background-media":"","overlay-type":"","overlay-color":"","overlay-opacity":"","overlay-gradient":""},"tablet":{"background-color":"var(--ast-global-color-5)","background-image":"","background-repeat":"repeat","background-position":"center center","background-size":"auto","background-attachment":"scroll","background-type":"","background-media":"","overlay-type":"","overlay-color":"","overlay-opacity":"","overlay-gradient":""},"mobile":{"background-color":"var(--ast-global-color-5)","background-image":"","background-repeat":"repeat","background-position":"center center","background-size":"auto","background-attachment":"scroll","background-type":"","background-media":"","overlay-type":"","overlay-color":"","overlay-opacity":"","overlay-gradient":""}},"footnotes":""},"categories":[8],"tags":[26803,2188,3301,9446],"class_list":["post-78212","post","type-post","status-publish","format-standard","has-post-thumbnail","hentry","category-noticias","tag-elecciones-frabncia","tag-elecciones-francia","tag-extrema-derecha","tag-le-pen"],"_links":{"self":[{"href":"https:\/\/losperiodistas.com.mx\/portal\/wp-json\/wp\/v2\/posts\/78212","targetHints":{"allow":["GET"]}}],"collection":[{"href":"https:\/\/losperiodistas.com.mx\/portal\/wp-json\/wp\/v2\/posts"}],"about":[{"href":"https:\/\/losperiodistas.com.mx\/portal\/wp-json\/wp\/v2\/types\/post"}],"author":[{"embeddable":true,"href":"https:\/\/losperiodistas.com.mx\/portal\/wp-json\/wp\/v2\/users\/1"}],"replies":[{"embeddable":true,"href":"https:\/\/losperiodistas.com.mx\/portal\/wp-json\/wp\/v2\/comments?post=78212"}],"version-history":[{"count":1,"href":"https:\/\/losperiodistas.com.mx\/portal\/wp-json\/wp\/v2\/posts\/78212\/revisions"}],"predecessor-version":[{"id":78214,"href":"https:\/\/losperiodistas.com.mx\/portal\/wp-json\/wp\/v2\/posts\/78212\/revisions\/78214"}],"wp:featuredmedia":[{"embeddable":true,"href":"https:\/\/losperiodistas.com.mx\/portal\/wp-json\/wp\/v2\/media\/78213"}],"wp:attachment":[{"href":"https:\/\/losperiodistas.com.mx\/portal\/wp-json\/wp\/v2\/media?parent=78212"}],"wp:term":[{"taxonomy":"category","embeddable":true,"href":"https:\/\/losperiodistas.com.mx\/portal\/wp-json\/wp\/v2\/categories?post=78212"},{"taxonomy":"post_tag","embeddable":true,"href":"https:\/\/losperiodistas.com.mx\/portal\/wp-json\/wp\/v2\/tags?post=78212"}],"curies":[{"name":"wp","href":"https:\/\/api.w.org\/{rel}","templated":true}]}}