{"id":78209,"date":"2024-06-29T11:32:58","date_gmt":"2024-06-29T16:32:58","guid":{"rendered":"https:\/\/losperiodistas.com.mx\/portal\/?p=78209"},"modified":"2024-06-29T11:33:00","modified_gmt":"2024-06-29T16:33:00","slug":"san-pedro-y-san-pablo-apostoles-fundamentales-en-la-iglesia-aleteia","status":"publish","type":"post","link":"https:\/\/losperiodistas.com.mx\/portal\/san-pedro-y-san-pablo-apostoles-fundamentales-en-la-iglesia-aleteia\/","title":{"rendered":"San Pedro y san Pablo, ap\u00f3stoles fundamentales en la Iglesia | Aleteia"},"content":{"rendered":"\n<p class=\"has-pale-cyan-blue-background-color has-background has-medium-font-size\"><em>San Pedro y san Pablo, uno, el primer papa; el otro, el ap\u00f3stol de los gentiles se vieron poco en su vida, entonces, \u00bfpor qu\u00e9 se les celebra en la misma fiesta?<\/em><\/p>\n\n\n\n<figure class=\"wp-block-image size-full\"><img fetchpriority=\"high\" decoding=\"async\" width=\"960\" height=\"480\" src=\"https:\/\/losperiodistas.com.mx\/portal\/wp-content\/uploads\/2024\/06\/web3-Saints-Peter-and-Paul-wiki.jpg\" alt=\"\" class=\"wp-image-78210\" srcset=\"https:\/\/losperiodistas.com.mx\/portal\/wp-content\/uploads\/2024\/06\/web3-Saints-Peter-and-Paul-wiki.jpg 960w, https:\/\/losperiodistas.com.mx\/portal\/wp-content\/uploads\/2024\/06\/web3-Saints-Peter-and-Paul-wiki-300x150.jpg 300w, https:\/\/losperiodistas.com.mx\/portal\/wp-content\/uploads\/2024\/06\/web3-Saints-Peter-and-Paul-wiki-768x384.jpg 768w\" sizes=\"(max-width: 960px) 100vw, 960px\" \/><figcaption>Public Domain<\/figcaption><\/figure>\n\n\n\n<p class=\"has-vivid-red-color has-text-color has-medium-font-size\"><strong>Edifa \/ Aleteia<\/strong><\/p>\n\n\n\n<p>San Pedro y san Pablo se celebran juntos el 29 de junio, se citan juntos en la letan\u00eda de los santos, est\u00e1n a cada lado de Cristo en los mosaicos de los \u00e1bsides bizantinos o romanos\u2026 Y, sin embargo, no se frecuentaron mucho.<\/p>\n\n\n\n<p>Pablo se reuni\u00f3 con Pedro y los dem\u00e1s \u201cpilares\u201d de la Iglesia de Jerusal\u00e9n en dos ocasiones. Se cruzaron en Antioqu\u00eda y fue motivo de un conflicto. Por \u00faltimo, pudieron reencontrarse en Roma en tiempos de Ner\u00f3n.<\/p>\n\n\n\n<p>No sufrieron el martirio el mismo d\u00eda ni, sin duda, el mismo a\u00f1o. Su fiesta lit\u00fargica rememora quiz\u00e1s un traslado de sus reliquias en una \u00e9poca de persecuci\u00f3n. Entonces, \u00bfpor qu\u00e9 no va nunca el uno sin el otro?<\/p>\n\n\n\n<h2 class=\"wp-block-heading\">San Pedro y su fe s\u00f3lida en Cristo<\/h2>\n\n\n\n<p>Sim\u00f3n Pedro deber\u00eda llamarse mejor Sim\u00f3n-roca. \u201c<em>T\u00fa eres Pedro, y sobre esta piedra edificar\u00e9 mi iglesia<\/em>\u201d (<a href=\"http:\/\/www.clerus.org\/clerus\/dati\/2004-06\/09-15\/047\" target=\"_blank\" rel=\"noreferrer noopener\"><em>Mateo<\/em><\/a>&nbsp;16,18). Inquebrantable.<\/p>\n\n\n\n<p>Pero no es que Sim\u00f3n fuera muy s\u00f3lido: sus grandes impulsos se quedaban cortos, quiso caminar sobre el mar pero se hundi\u00f3, debi\u00f3 ser el \u00faltimo en abandonar a Jes\u00fas pero ser\u00eda el primero en renegar de \u00c9l.<\/p>\n\n\n\n<p>No, lo que es s\u00f3lido, \u201cinfalible\u201d, es su fe. La fe como carisma que no viene ni de la carne ni de la sangre, sino del Padre.<\/p>\n\n\n\n<p>Comprendemos entonces lo de \u201clas llaves del Reino\u201d: la autoridad de Pedro y de sus sucesores es necesaria para mantener a la Iglesia en la verdad y, por tanto, en la unidad.<\/p>\n\n\n\n<div class=\"wp-block-image\"><figure class=\"alignleft is-resized\"><img decoding=\"async\" src=\"https:\/\/wp.es.aleteia.org\/wp-content\/uploads\/sites\/7\/2021\/06\/WEB3-EL-GRECO-PETER-PAUL-PD.jpg?w=960&amp;q=75\" alt=\"Pedro y Pablo, la importancia de complementarse en la Iglesia\" width=\"-423\" height=\"-238\"\/><\/figure><\/div>\n\n\n\n<p><em>Te puede interesar :<\/em><a href=\"https:\/\/es.aleteia.org\/2014\/06\/29\/pedro-y-pablo-la-importancia-de-complementarse-en-la-iglesia\">Pedro y Pablo, la importancia de complementarse en la Iglesia<\/a><\/p>\n\n\n\n<p><\/p>\n\n\n\n<p><\/p>\n\n\n\n<p><\/p>\n\n\n\n<h2 class=\"wp-block-heading\">San Pablo, un ap\u00f3stol audaz<\/h2>\n\n\n\n<p>Pero la libertad de Pablo es necesaria para mantener a la Iglesia en la novedad del Esp\u00edritu Santo, aliento imprevisible en un mundo en movimiento.<\/p>\n\n\n\n<p>Sin la audacia paulina, la fidelidad puede convertirse en orgullo. Y se degradar\u00eda entonces en rigidez, y la unidad en uniformidad.<\/p>\n\n\n\n<p>Pero sin la vigilancia petrina, la diferencia puede tambi\u00e9n reivindicarse con orgullo. Se convierte entonces en divergencia, mientras que la misi\u00f3n se expone a compromisos.<\/p>\n\n\n\n<p>As\u00ed, este doble patronazgo es precioso y no hay que abandonarlo: san Pedro y san Pablo, \u00a1rueguen por nosotros!<\/p>\n\n\n\n<p><em>Por el padre Alain Bandelier<\/em><\/p>\n\n\n\n<p>Fuente: <a href=\"https:\/\/es.aleteia.org\/cp1\/2020\/06\/29\/por-que-pedro-y-pablo-se-celebran-juntos-si-apenas-se-conocian\">https:\/\/es.aleteia.org\/cp1\/2020\/06\/29\/por-que-pedro-y-pablo-se-celebran-juntos-si-apenas-se-conocian<\/a><\/p>\n","protected":false},"excerpt":{"rendered":"<p>San Pedro y san Pablo, uno, el primer papa; el otro, el ap\u00f3stol de los gentiles se vieron poco en [&hellip;]<\/p>\n","protected":false},"author":1,"featured_media":78210,"comment_status":"open","ping_status":"open","sticky":false,"template":"","format":"standard","meta":{"site-sidebar-layout":"default","site-content-layout":"","ast-site-content-layout":"default","site-content-style":"default","site-sidebar-style":"default","ast-global-header-display":"","ast-banner-title-visibility":"","ast-main-header-display":"","ast-hfb-above-header-display":"","ast-hfb-below-header-display":"","ast-hfb-mobile-header-display":"","site-post-title":"","ast-breadcrumbs-content":"","ast-featured-img":"","footer-sml-layout":"","theme-transparent-header-meta":"","adv-header-id-meta":"","stick-header-meta":"","header-above-stick-meta":"","header-main-stick-meta":"","header-below-stick-meta":"","astra-migrate-meta-layouts":"default","ast-page-background-enabled":"default","ast-page-background-meta":{"desktop":{"background-color":"var(--ast-global-color-4)","background-image":"","background-repeat":"repeat","background-position":"center center","background-size":"auto","background-attachment":"scroll","background-type":"","background-media":"","overlay-type":"","overlay-color":"","overlay-opacity":"","overlay-gradient":""},"tablet":{"background-color":"","background-image":"","background-repeat":"repeat","background-position":"center center","background-size":"auto","background-attachment":"scroll","background-type":"","background-media":"","overlay-type":"","overlay-color":"","overlay-opacity":"","overlay-gradient":""},"mobile":{"background-color":"","background-image":"","background-repeat":"repeat","background-position":"center center","background-size":"auto","background-attachment":"scroll","background-type":"","background-media":"","overlay-type":"","overlay-color":"","overlay-opacity":"","overlay-gradient":""}},"ast-content-background-meta":{"desktop":{"background-color":"var(--ast-global-color-5)","background-image":"","background-repeat":"repeat","background-position":"center center","background-size":"auto","background-attachment":"scroll","background-type":"","background-media":"","overlay-type":"","overlay-color":"","overlay-opacity":"","overlay-gradient":""},"tablet":{"background-color":"var(--ast-global-color-5)","background-image":"","background-repeat":"repeat","background-position":"center center","background-size":"auto","background-attachment":"scroll","background-type":"","background-media":"","overlay-type":"","overlay-color":"","overlay-opacity":"","overlay-gradient":""},"mobile":{"background-color":"var(--ast-global-color-5)","background-image":"","background-repeat":"repeat","background-position":"center center","background-size":"auto","background-attachment":"scroll","background-type":"","background-media":"","overlay-type":"","overlay-color":"","overlay-opacity":"","overlay-gradient":""}},"footnotes":""},"categories":[8],"tags":[26801,25290],"class_list":["post-78209","post","type-post","status-publish","format-standard","has-post-thumbnail","hentry","category-noticias","tag-san-pablo","tag-san-pedro"],"_links":{"self":[{"href":"https:\/\/losperiodistas.com.mx\/portal\/wp-json\/wp\/v2\/posts\/78209","targetHints":{"allow":["GET"]}}],"collection":[{"href":"https:\/\/losperiodistas.com.mx\/portal\/wp-json\/wp\/v2\/posts"}],"about":[{"href":"https:\/\/losperiodistas.com.mx\/portal\/wp-json\/wp\/v2\/types\/post"}],"author":[{"embeddable":true,"href":"https:\/\/losperiodistas.com.mx\/portal\/wp-json\/wp\/v2\/users\/1"}],"replies":[{"embeddable":true,"href":"https:\/\/losperiodistas.com.mx\/portal\/wp-json\/wp\/v2\/comments?post=78209"}],"version-history":[{"count":1,"href":"https:\/\/losperiodistas.com.mx\/portal\/wp-json\/wp\/v2\/posts\/78209\/revisions"}],"predecessor-version":[{"id":78211,"href":"https:\/\/losperiodistas.com.mx\/portal\/wp-json\/wp\/v2\/posts\/78209\/revisions\/78211"}],"wp:featuredmedia":[{"embeddable":true,"href":"https:\/\/losperiodistas.com.mx\/portal\/wp-json\/wp\/v2\/media\/78210"}],"wp:attachment":[{"href":"https:\/\/losperiodistas.com.mx\/portal\/wp-json\/wp\/v2\/media?parent=78209"}],"wp:term":[{"taxonomy":"category","embeddable":true,"href":"https:\/\/losperiodistas.com.mx\/portal\/wp-json\/wp\/v2\/categories?post=78209"},{"taxonomy":"post_tag","embeddable":true,"href":"https:\/\/losperiodistas.com.mx\/portal\/wp-json\/wp\/v2\/tags?post=78209"}],"curies":[{"name":"wp","href":"https:\/\/api.w.org\/{rel}","templated":true}]}}