{"id":78121,"date":"2024-06-03T23:46:00","date_gmt":"2024-06-04T04:46:00","guid":{"rendered":"https:\/\/losperiodistas.com.mx\/portal\/?p=78121"},"modified":"2024-06-29T05:53:58","modified_gmt":"2024-06-29T10:53:58","slug":"concluye-iee-sesion-permanente-de-seguimiento-a-la-jornada-electoral","status":"publish","type":"post","link":"https:\/\/losperiodistas.com.mx\/portal\/concluye-iee-sesion-permanente-de-seguimiento-a-la-jornada-electoral\/","title":{"rendered":"Concluye IEE sesi\u00f3n permanente de seguimiento a la jornada electoral"},"content":{"rendered":"\n<figure class=\"wp-block-image size-large is-resized\"><img fetchpriority=\"high\" decoding=\"async\" src=\"https:\/\/losperiodistas.com.mx\/portal\/wp-content\/uploads\/2024\/06\/Captura-de-Pantalla-2024-06-29-a-las-4.40.16-2-1024x492.jpg\" alt=\"\" class=\"wp-image-78124\" width=\"507\" height=\"243\" srcset=\"https:\/\/losperiodistas.com.mx\/portal\/wp-content\/uploads\/2024\/06\/Captura-de-Pantalla-2024-06-29-a-las-4.40.16-2-1024x492.jpg 1024w, https:\/\/losperiodistas.com.mx\/portal\/wp-content\/uploads\/2024\/06\/Captura-de-Pantalla-2024-06-29-a-las-4.40.16-2-300x144.jpg 300w, https:\/\/losperiodistas.com.mx\/portal\/wp-content\/uploads\/2024\/06\/Captura-de-Pantalla-2024-06-29-a-las-4.40.16-2-768x369.jpg 768w, https:\/\/losperiodistas.com.mx\/portal\/wp-content\/uploads\/2024\/06\/Captura-de-Pantalla-2024-06-29-a-las-4.40.16-2.jpg 1402w\" sizes=\"(max-width: 507px) 100vw, 507px\" \/><\/figure>\n\n\n\n<p><\/p>\n\n\n\n<p><\/p>\n\n\n\n<p class=\"has-vivid-red-color has-text-color has-medium-font-size\"><strong>COMUNICADO \/ Junio 3 de 2024<\/strong><\/p>\n\n\n\n<p>El Instituto Electoral del Estado (IEE) de Puebla concluy\u00f3 este 3 de junio la Sesi\u00f3n Permanente del Consejo General, mediante la cual se dio seguimiento al desarrollo de la Jornada Electoral del 2 de junio. Lo anterior tras la recepci\u00f3n de 8311 paquetes electorales en los Consejos Distritales y la captura, digitalizaci\u00f3n y publicaci\u00f3n de los datos del Programa de Resultados Electorales Preliminares (PREP).<\/p>\n\n\n\n<p>Asimismo, se dio cuenta de incidencias en los municipios de Tlapanal\u00e1, Olintla, Xiutetelco, Tianguismanalco y Nicol\u00e1s Buenos Aires.<br>En Tlapanal\u00e1 se report\u00f3 una casilla no instalada; Olintla suspendi\u00f3 la votaci\u00f3n en siete casillas; en Xiutetelco se report\u00f3 la quema de 49 paquetes electorales, en Tianguismanalco 16 paquetes electorales y en San Nicol\u00e1s Buenos Aires se dio cuenta de la quema de 3 paquetes electorales.<\/p>\n\n\n\n<p>La Sesi\u00f3n, que se extendi\u00f3 durante m\u00e1s de 24 horas, fue muy importante para garantizar la transparencia, seguridad y eficiencia del proceso electoral en el estado de Puebla.<br>Cabe recordar que la Sesi\u00f3n Permanente inici\u00f3 a las 8:12 horas del domingo 2 de junio y se prolong\u00f3 hasta las 20:59 de este lunes. Durante ese tiempo, las y los Consejeros Electorales del IEE mantuvieron un monitoreo al desarrollo de la jornada electoral, coordinando acciones con los \u00f3rganos transitorios en el interior del estado y atendiendo incidencias reportadas.<\/p>\n\n\n\n<p>Antes de declarar la conclusi\u00f3n de la Sesi\u00f3n Permanente, se destac\u00f3 la colaboraci\u00f3n y el compromiso de todas y todos los involucrados en el Proceso Electoral Local Concurrente 2023-2024. Asimismo, se refiri\u00f3 que la jornada electoral del 2 de junio es un testimonio del fortalecimiento de nuestra democracia.<\/p>\n\n\n\n<p>La Sesi\u00f3n Permanente concluy\u00f3 a las 20:59 de hoy, con un balance positivo sobre el desarrollo de la jornada democr\u00e1tica. Las y los consejeros electorales<\/p>\n\n\n\n<p>P\u00e1gina 1 de 2<\/p>\n\n\n\n<p><strong>Instituto Electoral del Estado de Puebla<\/strong><\/p>\n\n\n\n<p>Blanca Yassahara Cruz Garc\u00eda, Jes\u00fas Arturo Baltazar Trujano, Miguel \u00c1ngel Bonilla Zarrazaga, Sof\u00eda Marisol Mart\u00ednez Gorbea, Evangelina Mendoza Corona, Susana Rivas Vera y Juan Carlos Rodr\u00edguez L\u00f3pez estuvieron presentes, al igual que representaciones de los partidos pol\u00edticos.<\/p>\n\n\n\n<p>El IEE continuar\u00e1 con los c\u00f3mputos oficiales de los votos en los pr\u00f3ximos d\u00edas y se espera que los resultados definitivos se anuncien dentro del plazo que establece la ley. Asimismo, se proceder\u00e1 a la revisi\u00f3n de cualquier impugnaci\u00f3n que pueda surgir para garantizar un proceso equitativo.<\/p>\n","protected":false},"excerpt":{"rendered":"<p>COMUNICADO \/ Junio 3 de 2024 El Instituto Electoral del Estado (IEE) de Puebla concluy\u00f3 este 3 de junio la [&hellip;]<\/p>\n","protected":false},"author":1,"featured_media":78124,"comment_status":"open","ping_status":"open","sticky":false,"template":"","format":"standard","meta":{"site-sidebar-layout":"default","site-content-layout":"","ast-site-content-layout":"default","site-content-style":"default","site-sidebar-style":"default","ast-global-header-display":"","ast-banner-title-visibility":"","ast-main-header-display":"","ast-hfb-above-header-display":"","ast-hfb-below-header-display":"","ast-hfb-mobile-header-display":"","site-post-title":"","ast-breadcrumbs-content":"","ast-featured-img":"","footer-sml-layout":"","theme-transparent-header-meta":"","adv-header-id-meta":"","stick-header-meta":"","header-above-stick-meta":"","header-main-stick-meta":"","header-below-stick-meta":"","astra-migrate-meta-layouts":"default","ast-page-background-enabled":"default","ast-page-background-meta":{"desktop":{"background-color":"var(--ast-global-color-4)","background-image":"","background-repeat":"repeat","background-position":"center center","background-size":"auto","background-attachment":"scroll","background-type":"","background-media":"","overlay-type":"","overlay-color":"","overlay-opacity":"","overlay-gradient":""},"tablet":{"background-color":"","background-image":"","background-repeat":"repeat","background-position":"center center","background-size":"auto","background-attachment":"scroll","background-type":"","background-media":"","overlay-type":"","overlay-color":"","overlay-opacity":"","overlay-gradient":""},"mobile":{"background-color":"","background-image":"","background-repeat":"repeat","background-position":"center center","background-size":"auto","background-attachment":"scroll","background-type":"","background-media":"","overlay-type":"","overlay-color":"","overlay-opacity":"","overlay-gradient":""}},"ast-content-background-meta":{"desktop":{"background-color":"var(--ast-global-color-5)","background-image":"","background-repeat":"repeat","background-position":"center center","background-size":"auto","background-attachment":"scroll","background-type":"","background-media":"","overlay-type":"","overlay-color":"","overlay-opacity":"","overlay-gradient":""},"tablet":{"background-color":"var(--ast-global-color-5)","background-image":"","background-repeat":"repeat","background-position":"center center","background-size":"auto","background-attachment":"scroll","background-type":"","background-media":"","overlay-type":"","overlay-color":"","overlay-opacity":"","overlay-gradient":""},"mobile":{"background-color":"var(--ast-global-color-5)","background-image":"","background-repeat":"repeat","background-position":"center center","background-size":"auto","background-attachment":"scroll","background-type":"","background-media":"","overlay-type":"","overlay-color":"","overlay-opacity":"","overlay-gradient":""}},"footnotes":""},"categories":[8],"tags":[26773,1304,23355],"class_list":["post-78121","post","type-post","status-publish","format-standard","has-post-thumbnail","hentry","category-noticias","tag-concluye-sesion-permanente","tag-iee-puebla","tag-jornada-electoral"],"_links":{"self":[{"href":"https:\/\/losperiodistas.com.mx\/portal\/wp-json\/wp\/v2\/posts\/78121","targetHints":{"allow":["GET"]}}],"collection":[{"href":"https:\/\/losperiodistas.com.mx\/portal\/wp-json\/wp\/v2\/posts"}],"about":[{"href":"https:\/\/losperiodistas.com.mx\/portal\/wp-json\/wp\/v2\/types\/post"}],"author":[{"embeddable":true,"href":"https:\/\/losperiodistas.com.mx\/portal\/wp-json\/wp\/v2\/users\/1"}],"replies":[{"embeddable":true,"href":"https:\/\/losperiodistas.com.mx\/portal\/wp-json\/wp\/v2\/comments?post=78121"}],"version-history":[{"count":2,"href":"https:\/\/losperiodistas.com.mx\/portal\/wp-json\/wp\/v2\/posts\/78121\/revisions"}],"predecessor-version":[{"id":78126,"href":"https:\/\/losperiodistas.com.mx\/portal\/wp-json\/wp\/v2\/posts\/78121\/revisions\/78126"}],"wp:featuredmedia":[{"embeddable":true,"href":"https:\/\/losperiodistas.com.mx\/portal\/wp-json\/wp\/v2\/media\/78124"}],"wp:attachment":[{"href":"https:\/\/losperiodistas.com.mx\/portal\/wp-json\/wp\/v2\/media?parent=78121"}],"wp:term":[{"taxonomy":"category","embeddable":true,"href":"https:\/\/losperiodistas.com.mx\/portal\/wp-json\/wp\/v2\/categories?post=78121"},{"taxonomy":"post_tag","embeddable":true,"href":"https:\/\/losperiodistas.com.mx\/portal\/wp-json\/wp\/v2\/tags?post=78121"}],"curies":[{"name":"wp","href":"https:\/\/api.w.org\/{rel}","templated":true}]}}