{"id":77954,"date":"2024-06-27T11:53:13","date_gmt":"2024-06-27T16:53:13","guid":{"rendered":"https:\/\/losperiodistas.com.mx\/portal\/?p=77954"},"modified":"2024-06-27T12:28:02","modified_gmt":"2024-06-27T17:28:02","slug":"cronologia-de-un-cisma-como-10-monjas-clarisas-de-belorado-han-acabado-fuera-de-la-iglesia-catolica-aci","status":"publish","type":"post","link":"https:\/\/losperiodistas.com.mx\/portal\/cronologia-de-un-cisma-como-10-monjas-clarisas-de-belorado-han-acabado-fuera-de-la-iglesia-catolica-aci\/","title":{"rendered":"Cronolog\u00eda de un cisma: C\u00f3mo 10 monjas clarisas de Belorado han acabado fuera de la Iglesia Cat\u00f3lica | ACI"},"content":{"rendered":"\n<figure class=\"wp-block-image size-full\"><img fetchpriority=\"high\" decoding=\"async\" width=\"672\" height=\"448\" src=\"https:\/\/losperiodistas.com.mx\/portal\/wp-content\/uploads\/2024\/06\/emblema-clarisas-22062024.jpg\" alt=\"\" class=\"wp-image-77955\" srcset=\"https:\/\/losperiodistas.com.mx\/portal\/wp-content\/uploads\/2024\/06\/emblema-clarisas-22062024.jpg 672w, https:\/\/losperiodistas.com.mx\/portal\/wp-content\/uploads\/2024\/06\/emblema-clarisas-22062024-300x200.jpg 300w\" sizes=\"(max-width: 672px) 100vw, 672px\" \/><figcaption>Imagen referencial de la familia religiosa franciscana. | Cr\u00e9dito: Fundaci\u00f3n Declausura.<\/figcaption><\/figure>\n\n\n\n<p class=\"has-cyan-bluish-gray-background-color has-background\">M\u00e1s en Los Periodistas: <a href=\"https:\/\/losperiodistas.com.mx\/portal\/2024\/06\/23\/volver-a-los-origenes\/\">Volver a los or\u00edgenes #PorSoleares |\u00a0<em>PAN y PRI se olvidaron de las bases, privilegiaron la democracia patrimonialista<\/em><\/a><\/p>\n\n\n\n<p class=\"has-vivid-red-color has-text-color has-medium-font-size\"><strong>Nicol\u00e1s de C\u00e1rdenas \/ ACI Prensa<\/strong><\/p>\n\n\n\n<p>La vida mon\u00e1stica espa\u00f1ola ha vivido en las \u00faltimas semanas la crisis cism\u00e1tica m\u00e1s importante en decenios, protagonizada por un grupo de clarisas de los Monasterios de Belorado y Ordu\u00f1a que ha renegado de la Iglesia Cat\u00f3lica.<\/p>\n\n\n\n<p>Los or\u00edgenes de esta comunidad se remontan al a\u00f1o 2000, cuando se restaur\u00f3 el Monasterio de Belorado con fondos de la Junta de Castilla y Le\u00f3n y la ayuda de una sociedad filantr\u00f3pica local. Como lo habitaban monjas muy ancianas, se pidi\u00f3 ayuda a la comunidad de clarisas de Lerma, que envi\u00f3 a algunas religiosas, entre ellas a Sor Isabel de la Trinidad, exabadesa y l\u00edder de las hermanas cism\u00e1ticas pasados los a\u00f1os.<\/p>\n\n\n\n<h4 class=\"wp-block-heading\">Recibe las principales noticias de ACI Prensa por WhatsApp y Telegram<\/h4>\n\n\n\n<p>Cada vez es m\u00e1s dif\u00edcil ver noticias cat\u00f3licas en las redes sociales. Suscr\u00edbete a nuestros canales gratuitos hoy:<a href=\"https:\/\/whatsapp.com\/channel\/0029Va9ZsgeEawdu2SIrTw3u\" target=\"_blank\" rel=\"noreferrer noopener\">&nbsp;WhatsApp<\/a><a href=\"https:\/\/t.me\/aci_prensa\" target=\"_blank\" rel=\"noreferrer noopener\">&nbsp;Telegram<\/a><\/p>\n\n\n\n<p>Cabe destacar que esa comunidad de Lerma se transform\u00f3 en 2010 en un nuevo instituto religioso,&nbsp;<em>Iesu Communio<\/em>, reconocida por la abundancia de vocaciones y la juventud y preparaci\u00f3n de sus hermanas.&nbsp;<\/p>\n\n\n\n<p>Para ayudar al sostenimiento de la comunidad y la reparaci\u00f3n del convento, comenzaron a realizar dulces de chocolate que las hicieron muy conocidas, ya que utilizaban materia prima de primera calidad y m\u00e1quinas de \u00faltima tecnolog\u00eda. La venta se realizaba a trav\u00e9s de un sitio web y en tiendas por todo el pa\u00eds, incluso el extranjero.&nbsp;<\/p>\n\n\n\n<p>Su fama les llev\u00f3 a convertirse en una de las principales atracciones de Madrid Fusi\u00f3n, un encuentro gastron\u00f3mico de relevancia internacional y a colocar sus elaboraciones en tiendas gourmet y restaurantes con estrella Michelin y a exportar a pa\u00edses tan remotos como Jap\u00f3n.&nbsp;<\/p>\n\n\n\n<p>En el a\u00f1o 2012 estas clarisas oficializan una comunidad con dos sedes: el Monasterio de Santa Mar\u00eda de la Bretonera (m\u00e1s conocido ahora como de Santa Clara) en Belorado (Burgos) y el Monasterio de Santa Clara en Derio (Bilbao).<\/p>\n\n\n\n<p>A continuaci\u00f3n ofrecemos una reconstrucci\u00f3n cronol\u00f3gica de los hechos m\u00e1s cercanos a la crisis cism\u00e1tica, algunos de los cuales son anteriores, pero han sido de conocimiento general tras la fecha clave del 13 de mayo de 2024, cuando se hizo p\u00fablica la declaraci\u00f3n cism\u00e1tica.&nbsp;<\/p>\n\n\n\n<p><strong>2019<\/strong><\/p>\n\n\n\n<p>El falso obispo Pablo de Rojas es&nbsp;<a href=\"https:\/\/bizkeliza.org\/noticia\/decreto-de-declaracion-de-la-excomunion-a-don-pablo-de-rojas\/\" target=\"_blank\" rel=\"noreferrer noopener\">excomulgado por el entonces Obispo de Bilbao<\/a>, Mons. Mario Iceta.&nbsp;<\/p>\n\n\n\n<p><strong>2020<\/strong><\/p>\n\n\n\n<p>Junto al monasterio de Derio, las hermanas explotaban el llamado&nbsp;<a href=\"https:\/\/www.clarisasartebakarra.com\/casa-rural\/\" target=\"_blank\" rel=\"noreferrer noopener\">Caser\u00edo San Miguel<\/a>, actividad que fue declarada ilegal en marzo de 2020 por el Ayuntamiento, lo que desemboc\u00f3 en un conflicto jur\u00eddico que se alarg\u00f3 tres a\u00f1os y que termin\u00f3 dando la raz\u00f3n a la administraci\u00f3n local.&nbsp;<\/p>\n\n\n\n<p>La comunidad de clarisas de los Monasterios de Belorado (Burgos) y Derio (Bilbao) acuerda la compra del Monasterio de Ordu\u00f1a a la Di\u00f3cesis de Vitoria. En el mes de octubre, las hermanas que estaban en Derio se trasladan a Ordu\u00f1a, monasterio que hab\u00eda estado abandonado durante casi 20 a\u00f1os. El Obispo de Vitoria, Mons. Juan Carlos Elizalde, celebra la primera eucarist\u00eda el d\u00eda 28.&nbsp;<\/p>\n\n\n\n<p>Durante el verano previo, j\u00f3venes provenientes de toda Espa\u00f1a acudieron al lugar a ayudar en las tareas de acondicionamiento, provenientes del seminario de Madrid y la Milicia de Santa Mar\u00eda bajo la direcci\u00f3n del delegado de Ense\u00f1anza de la Di\u00f3cesis de Getafe, Javier Segura. La Fundaci\u00f3n Declausura, creada para ayudar al sostenimiento de la vida contemplativa en Espa\u00f1a, realiz\u00f3 una campa\u00f1a de recogida de fondos.&nbsp;<\/p>\n\n\n\n<p>A pesar de todo, salvo una cantidad inicial de 100.000 euros, las monjas no hacen frente a los pagos comprometidos de 75.000 euros cada seis meses, el primero de los cuales venc\u00eda en noviembre de 2022.&nbsp;<\/p>\n\n\n\n<p><strong>Marzo de 2023<\/strong><\/p>\n\n\n\n<p>Las clarisas hipotecan el Monasterio de Derio por 720.000 euros.&nbsp;<\/p>\n\n\n\n<p><strong>Marzo de 2024<\/strong><\/p>\n\n\n\n<p>La abadesa asegura tener un benefactor que podr\u00eda hacer frente a los pagos pendientes para la compra del Monasterio de Ordu\u00f1a, pero no desvela su nombre. El Obispo de Vitoria, Mons. Juan Carlos Elizalde, \u201cante las sospechas de que esa persona era ajena a la Iglesia Cat\u00f3lica\u201d, intent\u00f3 entrevistarse con la religiosa, sin conseguirlo.&nbsp;<\/p>\n\n\n\n<p><strong>12 de abril de 2024<\/strong><\/p>\n\n\n\n<p>El delegado episcopal para la Vida Consagrada de la Archidi\u00f3cesis de Burgos, Amadeo Alonso Arribas, SDB, habla por tel\u00e9fono con Sor Isabel de la Trinidad, sin que trascienda de la conversaci\u00f3n \u201cninguna incomodidad o queja\u201d.&nbsp;<\/p>\n\n\n\n<p><strong>13 de abril de 2024<\/strong><\/p>\n\n\n\n<p>La Presidenta de la Federaci\u00f3n de Nuestra Se\u00f1ora de Ar\u00e1nzazu (Provincia de Cantabria \u2013 Hermanas Clarisas), Hermana Mar\u00eda Javier Soto, a la que pertenece la comunidad de Belorado, pide una reuni\u00f3n urgente con el Arzobispo de Burgos y es recibida esa misma ma\u00f1ana, poniendo en su conocimiento la sospecha de la posible comisi\u00f3n un delito de cisma.&nbsp;<\/p>\n\n\n\n<p><strong>24 de abril de 2024<\/strong><\/p>\n\n\n\n<p>La Archidi\u00f3cesis de Burgos y las Di\u00f3cesis de Bilbao y Vitoria inician una investigaci\u00f3n conjunta sobre la situaci\u00f3n de la comunidad de Belorado.&nbsp;<\/p>\n\n\n\n<p><strong>7 de mayo de 2024<\/strong><\/p>\n\n\n\n<p>El Obispado de Vitoria convoca a la abadesa ante un notario para rescindir el contrato de compraventa debido a los impagos. Lejos de reconocer su falta, reclamaron a la Di\u00f3cesis de Vitoria 1.600.000 euros por las obras que hab\u00edan realizado y un porcentaje por da\u00f1os y perjuicios.<\/p>\n\n\n\n<p>Al no haber acuerdo, la di\u00f3cesis lleva el asunto a instancias judiciales.&nbsp;<\/p>\n\n\n\n<p><strong>8 de mayo de 2024<\/strong><\/p>\n\n\n\n<p>La abadesa solicita de manera formal que la comunidad sea&nbsp;<a href=\"https:\/\/www.aciprensa.com\/noticias\/104423\/clarisas-cismaticas-pidieron-tutela-a-obispo-excomulgado-el-pasado-8-de-mayo\" target=\"_blank\" rel=\"noreferrer noopener\">tutelada por el falso obispo<\/a>&nbsp;excomulgado mediante una carta. Pablo de Rojas acepta la solicitud en otra misiva con fecha 10 de mayo de 2024.<\/p>\n\n\n\n<p>Ese mismo d\u00eda, la abadesa constituye una asociaci\u00f3n civil para tratar de dar una forma jur\u00eddica al Monasterio de Derio en la que se destaca que \u00abtendr\u00e1 autonom\u00eda econ\u00f3mico-administrativa\u201d.&nbsp;<\/p>\n\n\n\n<p><strong>12 de mayo de 2024<\/strong><\/p>\n\n\n\n<p>El falso obispo excomulgado Pablo de Rojas acude este domingo por la tarde al Monasterio de Belorado para informar de que asume la tutela de la comunidad.&nbsp;<\/p>\n\n\n\n<p><strong>13 de mayo de 2024&nbsp;<\/strong><\/p>\n\n\n\n<p>En la madrugada del 13 de mayo, la entonces abadesa de la comunidad de clarisas de los monasterios de Belorado y Ordu\u00f1a, Sor Isabel de la Trinidad, hizo p\u00fablica&nbsp;<a href=\"https:\/\/www.aciprensa.com\/pdf\/carta-clarisas-belorado-orduna-13-mayo-2024.pdf\" target=\"_blank\" rel=\"noreferrer noopener\">una carta<\/a>&nbsp;y un llamado&nbsp;<a href=\"https:\/\/www.aciprensa.com\/pdf\/manifiesto-catolicoclarisas-belorado-orduna13-05-2024.pdf\" target=\"_blank\" rel=\"noreferrer noopener\">Manifiesto Cat\u00f3lico<\/a>&nbsp;con los que hacen p\u00fablica su renuncia a pertenecer a la Iglesia Cat\u00f3lica y anuncian que se pone bajo la autoridad del&nbsp;<a href=\"https:\/\/bizkeliza.org\/noticia\/decreto-de-declaracion-de-la-excomunion-a-don-pablo-de-rojas\/\" target=\"_blank\" rel=\"noreferrer noopener\">falso obispo excomulgado en 2019<\/a>, Pablo de Rojas, fundador de un grupo llamado P\u00eda Uni\u00f3n San Pablo Ap\u00f3stol.&nbsp;<\/p>\n\n\n\n<p>Mons. Iceta logra hablar por tel\u00e9fono a media ma\u00f1ana con la hermana vicaria de la abadesa, Sor Paz, que le confirma la decisi\u00f3n de abandonar la Iglesia Cat\u00f3lica.&nbsp;<\/p>\n\n\n\n<p>Ese mismo d\u00eda, el Arzobispado de Burgos y el Obispado de Vitoria, di\u00f3cesis donde est\u00e1n ubicados los monasterios, publicaron un&nbsp;<a href=\"https:\/\/www.archiburgos.es\/2024\/05\/13\/arzobispado-clarisas-belorado-cisma\/\" target=\"_blank\" rel=\"noreferrer noopener\">manifiesto conjunto<\/a>.<\/p>\n\n\n\n<p><strong>15 de mayo de 2024<\/strong><\/p>\n\n\n\n<p>Diez de las hermanas que forman parte de la comunidad de Belorado comparecen en una&nbsp;<a href=\"https:\/\/www.telecinco.es\/tardear\/20240515\/monjas-clarisas-ruptura-iglesia-exclusiva-dentro-convento_18_012497495.html\" target=\"_blank\" rel=\"noreferrer noopener\">televisi\u00f3n en la que conceden su primera entrevista<\/a>&nbsp;y ratifican que consideran ileg\u00edtima a la Iglesia Cat\u00f3lica tras el Concilio Vaticano II.&nbsp;<\/p>\n\n\n\n<p>El Concilio Vaticano II fue el evento eclesial m\u00e1s importante del siglo XX. Impulsado por San Juan XXIII, ten\u00eda como objetivo actualizar el modo en que la Iglesia Cat\u00f3lica deb\u00eda situarse ante el mundo moderno. Comenz\u00f3 en 1962 y se dividi\u00f3 en cuatro etapas, que concluyeron en 1965, siendo Papa San Juan XXIII. Participaron alrededor de dos mil padres conciliares de todo el mundo.<\/p>\n\n\n\n<p>La Federaci\u00f3n de Clarisas de Nuestra Se\u00f1ora de Ar\u00e1nzazu y la Provincia Franciscana de Ar\u00e1nzazu,&nbsp;<a href=\"https:\/\/www.archiburgos.es\/2024\/05\/16\/nota-la-federacion-clarisas-ntra-sra-arantzazu-la-provincia-franciscana-arantzazu\/\" target=\"_blank\" rel=\"noreferrer noopener\">publican un manifiesto<\/a>&nbsp;de apoyo al Arzobispo de Burgos que llama a las hermanas de Belorado a reconsiderar su postura.&nbsp;<\/p>\n\n\n\n<p>El falso obispo Pablo de Rojas se instala en el Monasterio de Belorado.&nbsp;<\/p>\n\n\n\n<p><strong>16 de mayo de 2024<\/strong><\/p>\n\n\n\n<p>La Comisi\u00f3n Episcopal para la Vida Consagrada de la Conferencia Episcopal Espa\u00f1ola (CEE)&nbsp;<a href=\"https:\/\/www.aciprensa.com\/noticias\/104466\/obispos-dudan-de-respaldo-unanime-de-clarisas-a-carta-cismatica-de-su-abadesa\" target=\"_blank\" rel=\"noreferrer noopener\">emite un comunicado<\/a>&nbsp;en el que pide que \u201ccada hermana del Monasterio de Belorado y Ordu\u00f1a, en el ejercicio de su libertad de conciencia, pueda expresar su postura ante la decisi\u00f3n que comunica la abadesa\u201d, dado que los textos cism\u00e1ticos s\u00f3lo est\u00e1n firmados por la superiora.<\/p>\n\n\n\n<p>Por su parte, el presidente de la CEE, Mons. Luis Arg\u00fcello, Arzobispo de Valladolid,&nbsp;<a href=\"https:\/\/alfayomega.es\/luis-arguello-cual-es-la-alternativa-mandar-a-los-migrantes-a-la-frontera\/\" target=\"_blank\" rel=\"noreferrer noopener\">se\u00f1ala que<\/a>&nbsp;\u201cse trata de un caso m\u00e1s de atenci\u00f3n psicol\u00f3gica, porque no es posible hacer estas afirmaciones sobre los \u00faltimos Papas y pensar que se haya equivocado el Esp\u00edritu desde el Concilio Vaticano II\u201d.&nbsp;<\/p>\n\n\n\n<p>Este mismo d\u00eda, la hermana Amparo, en desacuerdo con el rumbo marcado por la abadesa,&nbsp;<a href=\"https:\/\/www.aciprensa.com\/noticias\/104490\/clarisas-de-belorado-sufren-su-primera-desercion-tras-la-declaracion-cismatica\" target=\"_blank\" rel=\"noreferrer noopener\">decide abandonar el Monasterio de Belorado<\/a>&nbsp;para ser acogida en el Monasterio de la Asunci\u00f3n de Castil de Lences (Burgos). D\u00edas m\u00e1s tarde, afirm\u00f3 que tom\u00f3 la decisi\u00f3n&nbsp;<a href=\"https:\/\/www.aciprensa.com\/noticias\/104510\/hermana-clarisa-salio-de-belorado-tras-el-cisma-para-no-pertenecer-a-esa-secta\" target=\"_blank\" rel=\"noreferrer noopener\">para \u201cno pertenecer a esa secta\u201d<\/a>, que hab\u00eda estado bajo vigilancia y que no le hab\u00edan dejado contactar con las 5 hermanas de avanzada edad.&nbsp;<\/p>\n\n\n\n<p><strong>17 de mayo de 2024<\/strong><\/p>\n\n\n\n<p>Mons. Iceta, en una entrevista radiof\u00f3nica, expres\u00f3 sus dudas sobre la conciencia de las religiosas acerca del&nbsp;<a href=\"https:\/\/www.aciprensa.com\/noticias\/104517\/cisma-de-las-clarisas-de-belorado-sorpresa-y-preocupacion-del-arzobispo-de-burgos-espana\" target=\"_blank\" rel=\"noreferrer noopener\">alcance de su situaci\u00f3n<\/a>: \u201cNo s\u00e9 si se dan cuenta de las consecuencias profundas que tiene este paso y por eso mi opci\u00f3n o mi parecer es que no hay que precipitarse, que pase este marem\u00e1gnum medi\u00e1tico, vamos a ver si es posible entablar una relaci\u00f3n con ellas y dialogar\u201d.&nbsp;<\/p>\n\n\n\n<p><strong>18 de mayo de 2024<\/strong><\/p>\n\n\n\n<p>La abadesa constituye una segunda entidad jur\u00eddica civil referida a la comunidad de Belorado, a imagen de la creada 10 d\u00edas antes para Derio.<\/p>\n\n\n\n<p><strong>19 de mayo de 2024<\/strong><\/p>\n\n\n\n<p>La Confederaci\u00f3n de Clarisas de Espa\u00f1a y Portugal, que agrupa a casi 180 conventos de 10 federaciones en la Pen\u00ednsula Ib\u00e9rica expresa&nbsp;<a href=\"https:\/\/www.aciprensa.com\/noticias\/104563\/mensaje-al-monasterio-de-belorado-no-se-puede-ser-clarisa-fuera-de-la-iglesia\" target=\"_blank\" rel=\"noreferrer noopener\">a trav\u00e9s de una nota<\/a>&nbsp;que no es posible vivir con fidelidad el modo de vida propuesto por San Francisco y Santa Clara fuera de la obediencia a la Iglesia Cat\u00f3lica<\/p>\n\n\n\n<p><strong>27 y 28 de mayo de 2024<\/strong><\/p>\n\n\n\n<p>En estas fechas, estaba prevista una visita can\u00f3nica del Arzobispo de Burgos a Belorado y Ordu\u00f1a, las dos sedes de la comunidad, como paso previo a la elecci\u00f3n el d\u00eda 29 de una nueva abadesa, lo que nunca lleg\u00f3 a suceder tras la declaraci\u00f3n cism\u00e1tica.&nbsp;<\/p>\n\n\n\n<p><strong>29 de mayo de 2024<\/strong><\/p>\n\n\n\n<p>Se hace p\u00fablico que la Santa Sede ha nombrado Comisario Pontificio \u201ccon todos los poderes\u201d para hacer frente a la crisis cism\u00e1tica al Arzobispo de Burgos, Mons. Mario Iceta.&nbsp;<\/p>\n\n\n\n<p>La tarde previa a este anuncio se remiti\u00f3 un burofax a Sor Isabel de la Trinidad comunic\u00e1ndole la finalizaci\u00f3n de su mandato y el nombramiento del Comisario Pontificio, \u201ccon efectos inmediatos\u201d. En esa comunicaci\u00f3n se proh\u00edbe de forma expresa \u201cel acceso y permanencia en los Monasterios y todos sus inmuebles de los Sres. Pablo de Rojas y Jos\u00e9 Ceacero [supuesto sacerdote] y cualquier otra persona vinculada a la P\u00eda Uni\u00f3n de San Pablo Ap\u00f3stol\u201d.<\/p>\n\n\n\n<p>El Comisario Pontificio anuncia que se va a dar opci\u00f3n a las hermanas a pronunciarse de manera individual sobre la declaraci\u00f3n cism\u00e1tica, advirtiendo de las consecuencias, incluida la excomuni\u00f3n y expulsi\u00f3n de la vida religiosa cat\u00f3lica.&nbsp;<\/p>\n\n\n\n<p>Tambi\u00e9n se comunica la creaci\u00f3n de una comisi\u00f3n gestora para asesorar a Mons. Iceta.&nbsp;<\/p>\n\n\n\n<p><strong>30 de mayo de 2024<\/strong><\/p>\n\n\n\n<p>La ya exabadesa Sor Isabel de la Trinidad presenta una denuncia ante la Polic\u00eda Nacional contra Mons. Iceta en la que afirman que la autoridad reclamada por el Comisario Pontificio supone una \u201cviolaci\u00f3n del derecho fundamental de asociaci\u00f3n y el principio de separaci\u00f3n, libre separaci\u00f3n voluntaria, as\u00ed como tambi\u00e9n por abuso de poder y por usurpaci\u00f3n de la representaci\u00f3n legal por parte del se\u00f1or Iceta\u201d.<\/p>\n\n\n\n<p><strong>31 de mayo de 2024<\/strong><\/p>\n\n\n\n<p>La exabadesa junto a dos hermanas, acompa\u00f1adas del falso sacerdote Jos\u00e9 Ceacero, se presentan a primera hora en el juzgado de guardia de Burgos para ratificar la denuncia.&nbsp;<\/p>\n\n\n\n<p>El presidente de la CEE, Mons. Arg\u00fcello, tras una audiencia mantenida con el Papa Francisco en Roma, lamenta que la decisi\u00f3n de las monjas pone en riesgo la soluci\u00f3n dialogada y de corte pastoral que pretend\u00eda Mons. Iceta.<\/p>\n\n\n\n<p>El Tribunal Eclesi\u00e1stico de Burgos redacta los decretos por los que llama a declarar formalmente a las diez hermanas clarisas rebeldes (se entiende que las cinco de avanzada edad son ajenas),&nbsp;<a href=\"https:\/\/www.aciprensa.com\/noticias\/104845\/las-clarisas-de-belorado-son-acusadas-de-cisma-castigado-con-la-excomunion\" target=\"_blank\" rel=\"noreferrer noopener\">acusadas de un delito de cisma<\/a>&nbsp;definido en el canon 751 del C\u00f3digo de Derecho Can\u00f3nico como \u201cel rechazo de la sujeci\u00f3n al Sumo Pont\u00edfice o de la comuni\u00f3n con los miembros de la Iglesia a \u00e9l sometidos\u201d.<\/p>\n\n\n\n<p><strong>6 de junio de 2024<\/strong><\/p>\n\n\n\n<p>Tres enviados del Comisario Pontificio acuden al Monasterio de Santa Clara de Belorado. Se trata de Sor Carmen Ruiz, secretaria de la Federaci\u00f3n de Clarisas Nuestra Se\u00f1ora de Ar\u00e1nzazu; Rodrigo S\u00e1iz, apoderado del Comisario Pontificio; y Carlos Azcona, notario del Tribunal Eclesi\u00e1stico. Junto a ellos, acud\u00eda la notario Mar\u00eda Rosa Garrido.&nbsp;<\/p>\n\n\n\n<p>Salvo esta \u00faltima, la exabadesa hizo saber por medio de Sor Bel\u00e9n y Sor Si\u00f3n que el resto \u201cno eran bien recibidos\u201d y que deb\u00edan abandonar el monasterio, asegurando que llamar\u00edan a la Guardia Civil si fuera necesario.&nbsp;<\/p>\n\n\n\n<p>Mientras la notario Garrido hac\u00eda entrega a la exabadesa de los requerimientos civiles y los decretos can\u00f3nicos, Sor Carmen Ruiz y Carlos Azcona aguardaron a las afueras del recinto. S\u00ed permaneci\u00f3 en el monasterio el apoderado del Comisario Pontificio, Rodrigo Saiz, quien se identific\u00f3 ante la Guardia Civil antes de salir por propia voluntad.&nbsp;<\/p>\n\n\n\n<p><strong>16 de junio de 2024<\/strong><\/p>\n\n\n\n<p>Los decretos del Tribunal Eclesi\u00e1stico instaban a las monjas a presentarse a declarar en un plazo concreto. Pero no era el mismo para todas las hermanas. Para la exabadesa y las hermanas Sor Si\u00f3n y Sor Paz, expiraba el domingo 16 de junio, mientras que a las siete restantes se les permit\u00eda comparecer hasta el d\u00eda 21 de junio.&nbsp;<\/p>\n\n\n\n<p>Mediante un correo electr\u00f3nico, las tres primeras&nbsp;<a href=\"https:\/\/www.aciprensa.com\/noticias\/104936\/arzobispado-de-burgos-concede-prorroga-en-proceso-de-excomunion-a-clarisas-cismaticas-de-belorado\" target=\"_blank\" rel=\"noreferrer noopener\">pidieron una pr\u00f3rroga, que el Tribunal Eclesi\u00e1stico concedi\u00f3<\/a>&nbsp;hasta el 21 de junio.<\/p>\n\n\n\n<p><strong>21 de junio de 2024<\/strong><\/p>\n\n\n\n<p>Las 10 hermanas clarisas&nbsp;<a href=\"https:\/\/www.aciprensa.com\/noticias\/105008\/las-monjas-clarisas-de-belorado-consuman-el-delito-de-cisma-en-espana\" target=\"_blank\" rel=\"noreferrer noopener\">consuman el delito de cisma<\/a>&nbsp;al publicar a trav\u00e9s de redes sociales un nuevo comunicado en el que reiteran que se han separado de la Iglesia Cat\u00f3lica \u201clibre y voluntariamente, con unanimidad y alegr\u00eda de esp\u00edritu\u201d y que no reconocen la autoridad del Comisario Pontificio ni de cualquier autoridad de la Iglesia Cat\u00f3lica tras el Concilio Vaticano II.&nbsp;<\/p>\n\n\n\n<p>Ese mismo d\u00eda, se da a conocer que las religiosas cism\u00e1ticas han conferido su representaci\u00f3n a&nbsp;<a href=\"https:\/\/www.aciprensa.com\/noticias\/105022\/cisma-de-monjas-clarisas-de-belorado-abogados-mediaran-con-el-arzobispado-de-burgos\" target=\"_blank\" rel=\"noreferrer noopener\">una \u201ccomisi\u00f3n negociadora\u201d para la interlocuci\u00f3n con el Comisario Pontificio<\/a>.<\/p>\n\n\n\n<p><strong>22 de junio de 2024<\/strong><\/p>\n\n\n\n<p>El Comisario Pontificio&nbsp;<a href=\"https:\/\/www.aciprensa.com\/noticias\/105025\/cisma-de-monjas-clarisas-de-belorado-iglesia-catolica-decreta-su-excomunion\" target=\"_blank\" rel=\"noreferrer noopener\">decreta la excomuni\u00f3n por delito de cisma y la expulsi\u00f3n de la vida consagrada<\/a>&nbsp;de las que a partir de ese momento son consideradas exmonjas. El comunicado se\u00f1ala que \u201cla Declaraci\u00f3n de excomuni\u00f3n es una acci\u00f3n jur\u00eddica considerada por la Iglesia como una medida medicinal, que mueva a la reflexi\u00f3n y a la conversi\u00f3n personal\u201d.<\/p>\n\n\n\n<p>Las excomulgadas son: Sor Isabel (Laura) Garc\u00eda de Viedma Serrano; Sor Paz (Mar\u00eda Teresa) Roca Peinado; Sor Bel\u00e9n (Mar\u00eda Ana) Paz Rub\u00edn; Sor Myryam (Zaida) Pinar Navarro; Sor Paloma (Susana) Varo Navarro; Sor Adriana Gil Altares; Sor Sion (Susana) Mateo Cruz; Sor Israel (Isabel) Jim\u00e9nez Moratilla; Sor Berit (Roser) Mas Sell\u00e9s; y Sor Alma (Sandra) del R\u00edo Dom\u00ednguez.<\/p>\n\n\n\n<p>M\u00e1s all\u00e1 de la excomuni\u00f3n, el comunicado recuerda que \u201csigue existiendo comunidad mon\u00e1stica formada por las hermanas que no han incurrido en excomuni\u00f3n, al no haber secundado el cisma: son las cinco hermanas mayores y otras tres hermanas que, aunque en este momento no se encuentran en el monasterio, pertenecen a la comunidad al estar incardinadas en ella\u201d.<\/p>\n\n\n\n<p><strong>24 de junio de 2024<\/strong><\/p>\n\n\n\n<p>El Comisario Pontificio, Mons. Mario Iceta, ofrece una extensa rueda de prensa en la que da detalles de la situaci\u00f3n tras la excomuni\u00f3n de las cism\u00e1ticas:&nbsp;<\/p>\n\n\n\n<ul class=\"wp-block-list\"><li>Las monjas excomulgadas han de abandonar el monasterio de Belorado \u201cporque \u201ccarecen de t\u00edtulo legal para permanecer en el monasterio y las dependencias anexas\u201d.&nbsp;<\/li><li>El falso obispo excomulgado Pablo de Rojas y el supuesto cura Jos\u00e9 Ceacero tambi\u00e9n deben salir del lugar.<\/li><li>La \u201ccomisi\u00f3n negociadora\u201d instaurada por las exreligiosas no es contemplada como agente de interlocuci\u00f3n.&nbsp;<\/li><li>Se recuerda que el Derecho Can\u00f3nico es de aplicaci\u00f3n a efectos civiles, tal y como recogen los acuerdos entre el Estado Espa\u00f1ol y La Santa Sede.<\/li><li>Monjas clarisas de la federaci\u00f3n de Ar\u00e1nzazu atender\u00e1n cuanto antes se pueda a las hermanas de mayor edad ajenas al cisma.&nbsp;<\/li><li>Mons. Iceta informa de que no disponen de toda la informaci\u00f3n econ\u00f3mica de la comunidad, salvo el saldo de las cuentas corrientes cuyo control ha recuperado, que no es superior a 6.000 euros, insuficiente para hacer frente a los pagos. Los otros monasterios de clarisas har\u00e1n provisiones de fondos para cubrir los pagos.&nbsp;<\/li><\/ul>\n\n\n\n<p><strong>25 de junio de 2024<\/strong><\/p>\n\n\n\n<p>La exabadesa comunica al Arzobispado de Burgos que se ha de hacer frente a \u201cpagos urgentes\u201d por valor de 20.000 euros, referidos a diversas facturas y n\u00f3minas.&nbsp;<\/p>\n\n\n\n<p><strong>26 de junio de 2024<\/strong><\/p>\n\n\n\n<p>Por la ma\u00f1ana, de manera sorpresiva, se informa de que las monjas&nbsp;<a href=\"https:\/\/www.aciprensa.com\/noticias\/105082\/iglesia-catolica-en-burgos-a-ex-monjas-clarisas-de-belorado-no-son-duenas-del-monasterio\" target=\"_blank\" rel=\"noreferrer noopener\">han expulsado al falso obispo Rojas y al supuesto cura Ceacero de las dependencias de Belorado<\/a>.<\/p>\n\n\n\n<p>El Arzobispado de Burgos&nbsp;<a href=\"https:\/\/www.aciprensa.com\/noticias\/105067\/las-ex-monjas-cismaticas-de-belorado-expulsan-al-falso-obispo-y-a-su-acompanante\" target=\"_blank\" rel=\"noreferrer noopener\">hace p\u00fablico que estudia algunas de las facturas presentadas<\/a>, que tratar\u00e1 con sus emisores, mientras que las \u201cfacturas de servicios y suministros ordinarios\u201d y las que corresponden a \u201cservicios precontratados que se estiman necesarios para la vida ordinaria de la comunidad\u201d ser\u00e1n afrontados sin mayor dilaci\u00f3n.&nbsp;<\/p>\n\n\n\n<p>Horas m\u00e1s tarde, las exreligiosas publican una nueva nota en respuesta a la rueda de prensa del d\u00eda anterior y se refieren a las informaciones sobre la salida de los miembros de la P\u00eda Uni\u00f3n, de tal manera que:&nbsp;<\/p>\n\n\n\n<ul class=\"wp-block-list\"><li>Se consideran las leg\u00edtimas propietarias de los monasterios.<\/li><li>Acusan a Mons. Iceta de pretender \u201cechar hasta las puertas de la misma calle, sin recursos y sin alternativa habitacional\u201d a las excomulgadas.<\/li><li>Afirman no reconocer \u201cautoridad alguna a nadie m\u00e1s que a los Tribunales de Justicia, para ordenar nuestro desalojo\u201d.<\/li><li>Niegan haber expulsado a Rojas y Ceacero, detallando que salieron voluntariamente tras solicit\u00e1rselo las exmonjas.<\/li><li>Informan de que ya no se consideran bajo la tutela y jurisdicci\u00f3n del falso obispo excomulgado y que desde entonces act\u00faan \u201clibres y solas en defensa de la Fe Cat\u00f3lica\u201d.<\/li><\/ul>\n\n\n\n<p>El Arzobispado de Burgos responde con un nuevo comunicado en el que insiste en que&nbsp;<a href=\"https:\/\/www.aciprensa.com\/noticias\/105082\/iglesia-catolica-en-burgos-a-ex-monjas-clarisas-de-belorado-no-son-duenas-del-monasterio\" target=\"_blank\" rel=\"noreferrer noopener\">las excomulgadas no son due\u00f1as de los monasterios<\/a>&nbsp;ya que, al no pertenecer ya a la comunidad \u201cdejan de ser leg\u00edtimas poseedoras del inmueble, sin t\u00edtulo legal alguno para habitar ni permanecer en \u00e9l\u201d.<\/p>\n\n\n\n<p>As\u00edmismo, sostiene que no cabe un \u201cacuerdo extrajudicial\u201d ya que \u201cno puede entenderse como un conflicto la actuaci\u00f3n del Comisario Pontificio y representante legal nombrado por la Santa Sede\u201d.<\/p>\n\n\n\n<p>Fuente: <a href=\"https:\/\/www.aciprensa.com\/noticias\/105088\/cronologia-de-la-crisis-cismatica-de-las-clarisas-de-belorado-en-espana\">https:\/\/www.aciprensa.com\/noticias\/105088\/cronologia-de-la-crisis-cismatica-de-las-clarisas-de-belorado-en-espana<\/a><\/p>\n\n\n\n<p><\/p>\n","protected":false},"excerpt":{"rendered":"<p>M\u00e1s en Los Periodistas: Volver a los or\u00edgenes #PorSoleares |\u00a0PAN y PRI se olvidaron de las bases, privilegiaron la democracia [&hellip;]<\/p>\n","protected":false},"author":1,"featured_media":77955,"comment_status":"open","ping_status":"open","sticky":false,"template":"","format":"standard","meta":{"site-sidebar-layout":"default","site-content-layout":"","ast-site-content-layout":"default","site-content-style":"default","site-sidebar-style":"default","ast-global-header-display":"","ast-banner-title-visibility":"","ast-main-header-display":"","ast-hfb-above-header-display":"","ast-hfb-below-header-display":"","ast-hfb-mobile-header-display":"","site-post-title":"","ast-breadcrumbs-content":"","ast-featured-img":"","footer-sml-layout":"","theme-transparent-header-meta":"","adv-header-id-meta":"","stick-header-meta":"","header-above-stick-meta":"","header-main-stick-meta":"","header-below-stick-meta":"","astra-migrate-meta-layouts":"default","ast-page-background-enabled":"default","ast-page-background-meta":{"desktop":{"background-color":"var(--ast-global-color-4)","background-image":"","background-repeat":"repeat","background-position":"center center","background-size":"auto","background-attachment":"scroll","background-type":"","background-media":"","overlay-type":"","overlay-color":"","overlay-opacity":"","overlay-gradient":""},"tablet":{"background-color":"","background-image":"","background-repeat":"repeat","background-position":"center center","background-size":"auto","background-attachment":"scroll","background-type":"","background-media":"","overlay-type":"","overlay-color":"","overlay-opacity":"","overlay-gradient":""},"mobile":{"background-color":"","background-image":"","background-repeat":"repeat","background-position":"center center","background-size":"auto","background-attachment":"scroll","background-type":"","background-media":"","overlay-type":"","overlay-color":"","overlay-opacity":"","overlay-gradient":""}},"ast-content-background-meta":{"desktop":{"background-color":"var(--ast-global-color-5)","background-image":"","background-repeat":"repeat","background-position":"center center","background-size":"auto","background-attachment":"scroll","background-type":"","background-media":"","overlay-type":"","overlay-color":"","overlay-opacity":"","overlay-gradient":""},"tablet":{"background-color":"var(--ast-global-color-5)","background-image":"","background-repeat":"repeat","background-position":"center center","background-size":"auto","background-attachment":"scroll","background-type":"","background-media":"","overlay-type":"","overlay-color":"","overlay-opacity":"","overlay-gradient":""},"mobile":{"background-color":"var(--ast-global-color-5)","background-image":"","background-repeat":"repeat","background-position":"center center","background-size":"auto","background-attachment":"scroll","background-type":"","background-media":"","overlay-type":"","overlay-color":"","overlay-opacity":"","overlay-gradient":""}},"footnotes":""},"categories":[8],"tags":[26688,26687,26686],"class_list":["post-77954","post","type-post","status-publish","format-standard","has-post-thumbnail","hentry","category-noticias","tag-burgos-espana","tag-cisma-iglesia","tag-clarisas-de-belorado"],"_links":{"self":[{"href":"https:\/\/losperiodistas.com.mx\/portal\/wp-json\/wp\/v2\/posts\/77954","targetHints":{"allow":["GET"]}}],"collection":[{"href":"https:\/\/losperiodistas.com.mx\/portal\/wp-json\/wp\/v2\/posts"}],"about":[{"href":"https:\/\/losperiodistas.com.mx\/portal\/wp-json\/wp\/v2\/types\/post"}],"author":[{"embeddable":true,"href":"https:\/\/losperiodistas.com.mx\/portal\/wp-json\/wp\/v2\/users\/1"}],"replies":[{"embeddable":true,"href":"https:\/\/losperiodistas.com.mx\/portal\/wp-json\/wp\/v2\/comments?post=77954"}],"version-history":[{"count":2,"href":"https:\/\/losperiodistas.com.mx\/portal\/wp-json\/wp\/v2\/posts\/77954\/revisions"}],"predecessor-version":[{"id":77959,"href":"https:\/\/losperiodistas.com.mx\/portal\/wp-json\/wp\/v2\/posts\/77954\/revisions\/77959"}],"wp:featuredmedia":[{"embeddable":true,"href":"https:\/\/losperiodistas.com.mx\/portal\/wp-json\/wp\/v2\/media\/77955"}],"wp:attachment":[{"href":"https:\/\/losperiodistas.com.mx\/portal\/wp-json\/wp\/v2\/media?parent=77954"}],"wp:term":[{"taxonomy":"category","embeddable":true,"href":"https:\/\/losperiodistas.com.mx\/portal\/wp-json\/wp\/v2\/categories?post=77954"},{"taxonomy":"post_tag","embeddable":true,"href":"https:\/\/losperiodistas.com.mx\/portal\/wp-json\/wp\/v2\/tags?post=77954"}],"curies":[{"name":"wp","href":"https:\/\/api.w.org\/{rel}","templated":true}]}}