{"id":7790,"date":"2021-05-09T12:00:43","date_gmt":"2021-05-09T17:00:43","guid":{"rendered":"http:\/\/losperiodistas.com.mx\/portal\/?p=7790"},"modified":"2021-05-09T12:00:45","modified_gmt":"2021-05-09T17:00:45","slug":"eu-esta-pasando-la-pagina-de-la-pandemia-coordinador-de-covid-19-de-casa-blanca-forbes","status":"publish","type":"post","link":"https:\/\/losperiodistas.com.mx\/portal\/eu-esta-pasando-la-pagina-de-la-pandemia-coordinador-de-covid-19-de-casa-blanca-forbes\/","title":{"rendered":"EU est\u00e1 pasando la p\u00e1gina de la pandemia: coordinador de Covid-19 de Casa Blanca | Forbes"},"content":{"rendered":"\n<p style=\"font-size:18px\"><em>El objetivo del gobierno de Biden es lograr que el 70% de los estadounidenses tengan al menos una dosis de la vacuna contra el Covid-19 para el 4 de julio.<\/em><\/p>\n\n\n\n<p><\/p>\n\n\n\n<figure class=\"wp-block-image size-large\"><img fetchpriority=\"high\" decoding=\"async\" width=\"1024\" height=\"572\" src=\"https:\/\/losperiodistas.com.mx\/portal\/wp-content\/uploads\/2021\/05\/Captura-de-Pantalla-2021-05-09-a-las-11.57.53-1024x572.jpg\" alt=\"\" class=\"wp-image-7791\" srcset=\"https:\/\/losperiodistas.com.mx\/portal\/wp-content\/uploads\/2021\/05\/Captura-de-Pantalla-2021-05-09-a-las-11.57.53-1024x572.jpg 1024w, https:\/\/losperiodistas.com.mx\/portal\/wp-content\/uploads\/2021\/05\/Captura-de-Pantalla-2021-05-09-a-las-11.57.53-300x168.jpg 300w, https:\/\/losperiodistas.com.mx\/portal\/wp-content\/uploads\/2021\/05\/Captura-de-Pantalla-2021-05-09-a-las-11.57.53-768x429.jpg 768w, https:\/\/losperiodistas.com.mx\/portal\/wp-content\/uploads\/2021\/05\/Captura-de-Pantalla-2021-05-09-a-las-11.57.53-1536x858.jpg 1536w, https:\/\/losperiodistas.com.mx\/portal\/wp-content\/uploads\/2021\/05\/Captura-de-Pantalla-2021-05-09-a-las-11.57.53.jpg 1718w\" sizes=\"(max-width: 1024px) 100vw, 1024px\" \/><figcaption><em>Imagen de archivo de la Casa Blanca. Foto: Cortes\u00eda TexasGOPVote.com<\/em><\/figcaption><\/figure>\n\n\n\n<p><\/p>\n\n\n\n<p class=\"has-vivid-cyan-blue-color has-text-color has-medium-font-size\">FORBES STAFF<\/p>\n\n\n\n<p><strong>Reuters.-\u00a0<\/strong>Estados Unidos est\u00e1 dando la vuelta la p\u00e1gina de la pandemia de coronavirus y<strong>\u00a0los funcionarios de salud estadounidenses se enfocan ahora en vacunar a m\u00e1s estadounidenses<\/strong>, dijo el domingo el coordinador de la respuesta frente al Covid-19 de la Casa Blanca, Jeff Zients.<\/p>\n\n\n\n<p>\u201cYo dir\u00eda que estamos pasando la p\u00e1gina\u201d, dijo Zients en una entrevista con el programa \u201cState of the Union\u201d de CNN.<\/p>\n\n\n\n<p>La tarea ahora es continuar generando confianza y<strong>&nbsp;lograr que se vacunen suficientes estadounidenses para mitigar la propagaci\u00f3n del virus<\/strong>&nbsp;y de sus variantes, dijo.<\/p>\n\n\n\n<p><em>Lee:&nbsp;<a href=\"https:\/\/www.forbes.com.mx\/mundo-papa-francisco-preocupacion-enfrentamientos-violentos-en-colombia\/\">Papa Francisco expresa su preocupaci\u00f3n por los enfrentamientos violentos en Colombia<\/a><\/em><\/p>\n\n\n\n<p>Los funcionarios de salud de Estados Unidos est\u00e1n en plena campa\u00f1a para superar las dudas sobre las vacunas y hacer que el acceso sea lo m\u00e1s f\u00e1cil posible,&nbsp;<strong>con el objetivo de cumplir con la meta del presidente Joe Biden de que el 70% de los estadounidenses tengan al menos una dosis el 4 de julio,<\/strong>&nbsp;el d\u00eda de la independencia del pa\u00eds. (Gr\u00e1fico sobre vacunaciones mundiales)<\/p>\n\n\n\n<p>El doctor Anthony Fauci, uno de los principales asesores de coronavirus de la Casa Blanca, dijo que en poco probable otro aumento de las infecciones por coronavirus si se alcanza o se excede la meta de Biden.<\/p>\n\n\n\n<p>\u201cCuanto mayor sea la proporci\u00f3n de la poblaci\u00f3n que est\u00e9 vacunada,&nbsp;<strong>menor ser\u00e1 la probabilidad de que en una temporada como el pr\u00f3ximo oto\u00f1o o invierno haya un aumento significativo<\/strong>\u201c, dijo Fauci, director del Instituto Nacional de Alergias y Enfermedades Infecciosas en el canal NBC.<\/p>\n\n\n\n<p>\u201cEsa es la raz\u00f3n por la que las vacunas son tan importantes. Ese es el comod\u00edn que tenemos ahora y que no tuvimos el oto\u00f1o pasado ni el invierno pasado\u201d.<\/p>\n\n\n\n<p><a href=\"https:\/\/www.forbes.com.mx\/internacional\/\"><em>Sigue la informaci\u00f3n sobre el mundo en nuestra secci\u00f3n internacional<\/em><\/a><\/p>\n\n\n\n<p>Fuente: https:\/\/www.forbes.com.mx\/mundo-eu-pasando-pagina-pandemia-coordinador-covid-19-casa-blanca\/<\/p>\n","protected":false},"excerpt":{"rendered":"<p>El objetivo del gobierno de Biden es lograr que el 70% de los estadounidenses tengan al menos una dosis de [&hellip;]<\/p>\n","protected":false},"author":1,"featured_media":7791,"comment_status":"open","ping_status":"open","sticky":false,"template":"","format":"standard","meta":{"site-sidebar-layout":"default","site-content-layout":"","ast-site-content-layout":"default","site-content-style":"default","site-sidebar-style":"default","ast-global-header-display":"","ast-banner-title-visibility":"","ast-main-header-display":"","ast-hfb-above-header-display":"","ast-hfb-below-header-display":"","ast-hfb-mobile-header-display":"","site-post-title":"","ast-breadcrumbs-content":"","ast-featured-img":"","footer-sml-layout":"","theme-transparent-header-meta":"","adv-header-id-meta":"","stick-header-meta":"","header-above-stick-meta":"","header-main-stick-meta":"","header-below-stick-meta":"","astra-migrate-meta-layouts":"default","ast-page-background-enabled":"default","ast-page-background-meta":{"desktop":{"background-color":"var(--ast-global-color-4)","background-image":"","background-repeat":"repeat","background-position":"center center","background-size":"auto","background-attachment":"scroll","background-type":"","background-media":"","overlay-type":"","overlay-color":"","overlay-opacity":"","overlay-gradient":""},"tablet":{"background-color":"","background-image":"","background-repeat":"repeat","background-position":"center center","background-size":"auto","background-attachment":"scroll","background-type":"","background-media":"","overlay-type":"","overlay-color":"","overlay-opacity":"","overlay-gradient":""},"mobile":{"background-color":"","background-image":"","background-repeat":"repeat","background-position":"center center","background-size":"auto","background-attachment":"scroll","background-type":"","background-media":"","overlay-type":"","overlay-color":"","overlay-opacity":"","overlay-gradient":""}},"ast-content-background-meta":{"desktop":{"background-color":"var(--ast-global-color-5)","background-image":"","background-repeat":"repeat","background-position":"center center","background-size":"auto","background-attachment":"scroll","background-type":"","background-media":"","overlay-type":"","overlay-color":"","overlay-opacity":"","overlay-gradient":""},"tablet":{"background-color":"var(--ast-global-color-5)","background-image":"","background-repeat":"repeat","background-position":"center center","background-size":"auto","background-attachment":"scroll","background-type":"","background-media":"","overlay-type":"","overlay-color":"","overlay-opacity":"","overlay-gradient":""},"mobile":{"background-color":"var(--ast-global-color-5)","background-image":"","background-repeat":"repeat","background-position":"center center","background-size":"auto","background-attachment":"scroll","background-type":"","background-media":"","overlay-type":"","overlay-color":"","overlay-opacity":"","overlay-gradient":""}},"footnotes":""},"categories":[8],"tags":[1406,1405],"class_list":["post-7790","post","type-post","status-publish","format-standard","has-post-thumbnail","hentry","category-noticias","tag-biden-tendra-70-vacunacion-covid-en-julio","tag-jeff-zients"],"_links":{"self":[{"href":"https:\/\/losperiodistas.com.mx\/portal\/wp-json\/wp\/v2\/posts\/7790","targetHints":{"allow":["GET"]}}],"collection":[{"href":"https:\/\/losperiodistas.com.mx\/portal\/wp-json\/wp\/v2\/posts"}],"about":[{"href":"https:\/\/losperiodistas.com.mx\/portal\/wp-json\/wp\/v2\/types\/post"}],"author":[{"embeddable":true,"href":"https:\/\/losperiodistas.com.mx\/portal\/wp-json\/wp\/v2\/users\/1"}],"replies":[{"embeddable":true,"href":"https:\/\/losperiodistas.com.mx\/portal\/wp-json\/wp\/v2\/comments?post=7790"}],"version-history":[{"count":1,"href":"https:\/\/losperiodistas.com.mx\/portal\/wp-json\/wp\/v2\/posts\/7790\/revisions"}],"predecessor-version":[{"id":7792,"href":"https:\/\/losperiodistas.com.mx\/portal\/wp-json\/wp\/v2\/posts\/7790\/revisions\/7792"}],"wp:featuredmedia":[{"embeddable":true,"href":"https:\/\/losperiodistas.com.mx\/portal\/wp-json\/wp\/v2\/media\/7791"}],"wp:attachment":[{"href":"https:\/\/losperiodistas.com.mx\/portal\/wp-json\/wp\/v2\/media?parent=7790"}],"wp:term":[{"taxonomy":"category","embeddable":true,"href":"https:\/\/losperiodistas.com.mx\/portal\/wp-json\/wp\/v2\/categories?post=7790"},{"taxonomy":"post_tag","embeddable":true,"href":"https:\/\/losperiodistas.com.mx\/portal\/wp-json\/wp\/v2\/tags?post=7790"}],"curies":[{"name":"wp","href":"https:\/\/api.w.org\/{rel}","templated":true}]}}