{"id":7787,"date":"2021-05-09T11:22:20","date_gmt":"2021-05-09T16:22:20","guid":{"rendered":"http:\/\/losperiodistas.com.mx\/portal\/?p=7787"},"modified":"2021-05-09T11:22:21","modified_gmt":"2021-05-09T16:22:21","slug":"fernando-savater-los-que-presumen-de-pensar-lo-mismo-que-a-los-18-en-realidad-no-piensan-la-razon","status":"publish","type":"post","link":"https:\/\/losperiodistas.com.mx\/portal\/fernando-savater-los-que-presumen-de-pensar-lo-mismo-que-a-los-18-en-realidad-no-piensan-la-razon\/","title":{"rendered":"Fernando Savater: \u00abLos que presumen de pensar lo mismo que a los 18, en realidad no piensan\u00bb | La Raz\u00f3n"},"content":{"rendered":"\n<p style=\"font-size:18px\"><em>Hablamos con el fil\u00f3sofo y escritor de pol\u00edtica, bares, terrorismo y del valor de elegir: \u00abEn Espa\u00f1a est\u00e1 mal visto cambiar de opini\u00f3n\u00bb, lamenta<\/em><\/p>\n\n\n\n<p><\/p>\n\n\n\n<figure class=\"wp-block-image size-large\"><img fetchpriority=\"high\" decoding=\"async\" width=\"1024\" height=\"653\" src=\"https:\/\/losperiodistas.com.mx\/portal\/wp-content\/uploads\/2021\/05\/Captura-de-Pantalla-2021-05-09-a-las-11.17.01-1024x653.jpg\" alt=\"\" class=\"wp-image-7788\" srcset=\"https:\/\/losperiodistas.com.mx\/portal\/wp-content\/uploads\/2021\/05\/Captura-de-Pantalla-2021-05-09-a-las-11.17.01-1024x653.jpg 1024w, https:\/\/losperiodistas.com.mx\/portal\/wp-content\/uploads\/2021\/05\/Captura-de-Pantalla-2021-05-09-a-las-11.17.01-300x191.jpg 300w, https:\/\/losperiodistas.com.mx\/portal\/wp-content\/uploads\/2021\/05\/Captura-de-Pantalla-2021-05-09-a-las-11.17.01-768x489.jpg 768w, https:\/\/losperiodistas.com.mx\/portal\/wp-content\/uploads\/2021\/05\/Captura-de-Pantalla-2021-05-09-a-las-11.17.01.jpg 1202w\" sizes=\"(max-width: 1024px) 100vw, 1024px\" \/><figcaption><strong>Fernando Savater, fil\u00f3sofo y autor de decenas de libros memorables y miles de art\u00edculos esenciales<\/strong> GONZALO P\u00c9REZ (NOMBRE DEL DUE\u00d1O)<\/figcaption><\/figure>\n\n\n\n<p><\/p>\n\n\n\n<p class=\"has-vivid-cyan-blue-color has-text-color has-medium-font-size\">REBECA ARGUDO \/ Madrid \/ JULIO BALDE\u00d3N \/ Nueva York \/ LA RAZ\u00d3N<\/p>\n\n\n\n<p><a href=\"https:\/\/www.larazon.es\/cultura\/20210228\/im7xwprv6rabnhr2htq37tdkqa.html\">Fernando Savater<\/a>&nbsp;public\u00f3 \u00abConvencido\u00bb, una columna irrevocable sobre las elecciones a la Comunidad de Madrid, en \u00abEl Pa\u00eds\u00bb. Sus palabras reventaron los chism\u00f3grafos. \u00ab<strong>Nunca he votado al PP y me cuesta\u00bb, escrib\u00eda el fil\u00f3sofo \u00abpero esta vez ser\u00e1 a Isabel D\u00edaz Ayuso\u00bb.<\/strong>&nbsp;Tembl\u00f3 el misterio. Fue acusado de infiel, de desleal, de facha. Nada que impresione a un hombre encarcelado por su militancia pol\u00edtica antifranquista al que luego, ya en democracia, sigui\u00f3 el rastro el \u00e1spid del terror. Autor de decenas de libros memorables, de miles de art\u00edculos esenciales. Am\u00f3, comi\u00f3 y bebi\u00f3 sin perder la elegancia ni la alegr\u00eda.&nbsp;<strong>Gasta Savater un bienhumorado fastidio con los sectarios<\/strong>, un indisimulado desd\u00e9n por los fan\u00e1ticos y una impaciencia radical con los imb\u00e9ciles. Hablamos de pol\u00edtica y de bares, del terrorismo y del infierno, del valor de elegir, de se\u00f1oritos, mentiras y balas.<\/p>\n\n\n\n<p>\u00abA la gente que dice que qu\u00e9 horror, que me he pasado al fascismo, no hay que darle mucha importancia. Me sorprende, en cambio, que a los que el art\u00edculo les pareci\u00f3 bien no lo elogien por bien argumentado, o por original, sino porque lo consideran valiente.&nbsp;<strong>\u00bfValiente? Hubo momentos en que s\u00ed te arriesgabas: cuando pod\u00edan pegarte un tiro<\/strong>. \u00bfValiente hoy decir que una candidata de derechas es tan dem\u00f3crata y decente como los candidatos de izquierdas, o bastante m\u00e1s, incluso, que algunos? Consideran valor lo que ser\u00eda sentido com\u00fan y cordura\u00bb.<\/p>\n\n\n\n<p>El diagn\u00f3stico va m\u00e1s all\u00e1 de lo anecd\u00f3tico. La causa profunda tiene que ver con la pretensi\u00f3n de romper los pactos del 78, que ser\u00edan ileg\u00edtimos. \u00ab<strong>Esos consensos hoy parecer\u00edan concesiones al fascismo. No exagero.&nbsp;<\/strong>En un momento de esta campa\u00f1a nos dec\u00edan que se enfrentaban la democracia y el fascismo. En la Constituci\u00f3n espa\u00f1ola caben todos,&nbsp;<a href=\"https:\/\/www.larazon.es\/cultura\/20210502\/hvjmntotxbdrjiwtqmdcn2jnti.html\">desde la extrema derecha a la extrema izquierda<\/a>. Siempre que no vayan expl\u00edcitamente contra la unidad del pa\u00eds. O contra los derechos de los ciudadanos. Ni Santiago Abascal ni Pedro S\u00e1nchez violan en sus planteamientos los derechos constitucionales\u00bb.<\/p>\n\n\n\n<figure class=\"wp-block-image\"><img decoding=\"async\" src=\"https:\/\/www.larazon.es\/resizer\/jc4XsqxcYDbSXOTZ9-1_OMBKWqQ=\/840x0\/smart\/filters:format(jpg)\/cloudfront-eu-central-1.images.arcpublishing.com\/larazon\/Z6UBAPZXUREZLD2SEUVBP3MINI.jpg\" alt=\"\"\/><figcaption>TANAKA.<\/figcaption><\/figure>\n\n\n\n<p>M\u00e1s all\u00e1 del grano grueso de los antifascistas, quedaban las<a href=\"https:\/\/www.larazon.es\/cultura\/20210425\/szmdlhdbabfmdagnuaw7wd3swq.html\">&nbsp;explicaciones de los hermeneutas<\/a>. \u00abYo estoy disfrutando much\u00edsimo con ellas\u00bb, explica Savater, \u00abescucho a los periodistas y los tertulianos diciendo que ha sido una cosa surrealista, risible, esperp\u00e9ntica.&nbsp;<strong>Lo l\u00f3gico es votar a un se\u00f1or cuyas mentiras ya no se cuentan por cientos sino por miles<\/strong>, aliado con fuerzas que hasta ayer el mismo dec\u00eda que no le dejar\u00edan dormir, desde los bolivarianos a los que apoyan el terrorismo y a los partidos catalanes, convertidos en imprescindibles despu\u00e9s de amenazar la estructura del pa\u00eds, votar a esa gente, y a genios de la improvisaci\u00f3n intelectual como Carmen Calvo, no tiene nada de rid\u00edculo o grotesco. Es lo decente.&nbsp;<strong>Y, en cambio, votar a Isabel D\u00edaz Ayuso es pat\u00e9tico<\/strong>\u00bb. De ah\u00ed a la tabernidad de Tezanos, un paso. \u00abUn detalle al respecto\u00bb, dice, \u00abque yo s\u00f3lo he visto destacado en un art\u00edculo de Rafa Latorre, las bromas sobre los bares, los berberechos, las ca\u00f1as. Como en el fondo son unos se\u00f1oritos para ellos los bares son los lugares donde toman el aperitivo. Ni imaginan que puedan ser el lugar de trabajo de otras personas. Los chistes sobre lo tabernario revelan la miseria moral de unos se\u00f1ores que estudian la pol\u00edtica y no entienden que los bares, y en general los peque\u00f1os negocios son la base de las ciudades.<strong>&nbsp;Porque esto no iba de tomar copas, sino de servirlas<\/strong>\u00bb.<\/p>\n\n\n\n<hr class=\"wp-block-separator\"\/>\n\n\n\n<blockquote class=\"wp-block-quote is-layout-flow wp-block-quote-is-layout-flow\"><p>La gente est\u00e1 harta de la arrogancia y las mentiras de la izquierda<\/p><cite>Fernando Savater<\/cite><\/blockquote>\n\n\n\n<h4 class=\"wp-block-heading\">Ayuso, un emblema pol\u00edtico<\/h4>\n\n\n\n<p>Quien sabe si<a href=\"https:\/\/www.larazon.es\/cultura\/20210411\/clktyhi7zbdnjidddvnbrdv4zy.html\">\u00a0la deriva reaccionaria<\/a>\u00a0de la izquierda, que arranca en lo posmoderno, lo antiilustrado y anticient\u00edfico, y sigue luego por lo identitario, no ha degenerado hasta desembocar tambi\u00e9n en posturas clasistas. Savater sonr\u00ede. Recuerda unas frases de M\u00f3nica Garc\u00eda, candidata de M\u00e1s Madrid. \u00abTras la victoria de Ayuso promet\u00eda a los madrile\u00f1os que volver\u00edan para darles otro gobierno. Asombroso. \u00bfLos madrile\u00f1os qui\u00e9nes son? \u00bfUnos tipos escondidos detr\u00e1s de los votantes madrile\u00f1os?\u00a0<strong>\u00bfUna gente que est\u00e1 deseando que usted nos salve de lo que la abrumadora mayor\u00eda ha elegido? \u00a1Qu\u00e9 petulancia tan rid\u00edcula!<\/strong>\u00bb. \u00abMientras tanto -a\u00f1ade-, \u00abla risible fue la que construy\u00f3 dos hospitales, la que trajo aviones cargados de material sanitario, la que ha logrado equilibrar la lucha contra la pandemia y la econom\u00eda, ella es rid\u00edcula y no un se\u00f1or que no ha hecho otra cosa en su vida excepto decir tonter\u00edas y que no pis\u00f3 una residencia aunque era su obligaci\u00f3n profesional e institucional\u00bb. Menciona a \u00c1ngel Gabilondo. Se aquieta entonces la pasi\u00f3n sonriente, la indignaci\u00f3n con un punto siempre jovial. \u00abLo he sentido\u00bb, cabecea. \u00abEs una persona honrada e inteligente, que se ha dejado atrapar en una tela de ara\u00f1a, en parte por su culpa, pero ha sido sido maltratado\u00bb. l<\/p>\n\n\n\n<p>Cree que \u00ab<strong>en Espa\u00f1a est\u00e1 muy mal visto cambiar de opini\u00f3n<\/strong>. Te acusan por decir cosas contrarias a las que dec\u00edas hace a\u00f1os sin reparar en que eres un ser pensante. Les da igual que durante ese tiempo has vivido. Has le\u00eddo libros. Has viajado. Has conocido a gente. Las personas que no cambian nunca, que pasan por la vida sin cambiar y que presumen de que piensan lo mismo que cuando ten\u00edan 18 a\u00f1os, en realidad no piensan, ni con 18 ni ahora. Se le met\u00eda una idea en la cabeza, como una mosca que se queda zumbando dentro, y la confunde con una idea. Pero era una mosca.<strong>\u00a0Han perdido por completo el sentido racional de la pol\u00edtica y lo han convertido en un asunto religioso<\/strong>\u00bb. A estas alturas de la charla, m\u00e1s que conversar, el escritor ametralla. Los pensamientos, las teor\u00edas, pero tambi\u00e9n las invectivas, los chistes y las an\u00e9cdotas con tu\u00e9tano que dispara Savater vuelan en todas las direcciones. \u00abDec\u00eda Bertrand Russell que hab\u00eda dedicado su vida a las matem\u00e1ticas y la l\u00f3gica, que son cuestiones de alguna forma fuera del tiempo, a la pol\u00edtica, evidentemente hist\u00e9rica. Nadie le reprochaba que hubiera evolucionado en sus planteamientos de matem\u00e1ticas o l\u00f3gica, al contrario, alababan su flexibilidad.\u00a0<strong>En cambio, en lo pol\u00edtico, lo hist\u00f3rico, donde lo l\u00f3gico es cambiar, lo criticaban<\/strong>\u00bb. <\/p>\n\n\n\n<p>Hablamos de la moderaci\u00f3n. \u00ab\u00bfCu\u00e1ndo se dice que un partido de derechas se modera o se centra? Cuando hace concesiones a la izquierda. Cuando deja de ser de derechas. En cambio la izquierda tiene derecho a ser firme en sus principios.&nbsp;<strong>Cuando est\u00e1s en la verdad, \u00bfpor qu\u00e9 vas a cambiar?<\/strong>\u00bb.<\/p>\n\n\n\n<hr class=\"wp-block-separator\"\/>\n\n\n\n<blockquote class=\"wp-block-quote is-layout-flow wp-block-quote-is-layout-flow\"><p>Esto no iba de tomar copas, sino de servirlas<\/p><cite>F. Savater<\/cite><\/blockquote>\n\n\n\n<p>Hablamos tambi\u00e9n del manifiesto de los a\u00f1os infernales. \u00abMi casa, en Madrid, est\u00e1 al lado de unos jardines llamados Gegrorio Ord\u00f3\u00f1ez. Lo mataron en un bar, cuando yo estaba en el para\u00edso de San Sebasti\u00e1n. Pero en el infierno madrile\u00f1o ahora hay un parque con su nombre, cosa que no sucede en San Sebasti\u00e1n. Le toca a uno de forma personal que hablen de un infierno. \u00bfInfierno? M\u00e1s bien el limbo. Donde vivieron la mayor\u00eda de los intelectuales de este pa\u00eds frente al terrorismo. En un limbo con premios, con cargos, con honores, con subvenciones y pagas. Y ahora nos dicen que han vivido en el infierno\u00bb. El manifiesto sostiene que nos jugamos la democracia y la libertad. \u00abCuando le montaron el pollo en la Complutense a Rosa D\u00edaz\u00bb, recuerda, \u00abpor all\u00ed iban otros oradores, m\u00e1s o menos conservadores, m\u00e1s o menos de derechas. Aunque no los recib\u00edan con simpat\u00eda tampoco les hac\u00edan escraches. A Rosa, que era una socialista, le montan el escrache porque estaba frente a los etarras y a favor de la unidad de Espa\u00f1a.<strong>\u00a0Por eso era facha.\u00a0<\/strong>Por eso la agresividad. Por defender la comunidad pol\u00edtica de ciudadanos contra las pretensiones de los separatistas\u00bb. \u00ab<strong>D\u00edaz Ayuso ha ganado por su gesti\u00f3n&#8230; y por algo m\u00e1s: la gente est\u00e1 harta de la izquierda.\u00a0<\/strong>Harta de sus mentiras y su arrogancia. Ayuso se ha convertido en un emblema contra todo eso\u00bb.<\/p>\n\n\n\n<p>Fuente: https:\/\/www.larazon.es\/cultura\/20210509\/lyvznu4razhfrcmz6tuvnxvw4i.html<\/p>\n","protected":false},"excerpt":{"rendered":"<p>Hablamos con el fil\u00f3sofo y escritor de pol\u00edtica, bares, terrorismo y del valor de elegir: \u00abEn Espa\u00f1a est\u00e1 mal visto [&hellip;]<\/p>\n","protected":false},"author":1,"featured_media":7788,"comment_status":"open","ping_status":"open","sticky":false,"template":"","format":"standard","meta":{"site-sidebar-layout":"default","site-content-layout":"","ast-site-content-layout":"default","site-content-style":"default","site-sidebar-style":"default","ast-global-header-display":"","ast-banner-title-visibility":"","ast-main-header-display":"","ast-hfb-above-header-display":"","ast-hfb-below-header-display":"","ast-hfb-mobile-header-display":"","site-post-title":"","ast-breadcrumbs-content":"","ast-featured-img":"","footer-sml-layout":"","theme-transparent-header-meta":"","adv-header-id-meta":"","stick-header-meta":"","header-above-stick-meta":"","header-main-stick-meta":"","header-below-stick-meta":"","astra-migrate-meta-layouts":"default","ast-page-background-enabled":"default","ast-page-background-meta":{"desktop":{"background-color":"var(--ast-global-color-4)","background-image":"","background-repeat":"repeat","background-position":"center center","background-size":"auto","background-attachment":"scroll","background-type":"","background-media":"","overlay-type":"","overlay-color":"","overlay-opacity":"","overlay-gradient":""},"tablet":{"background-color":"","background-image":"","background-repeat":"repeat","background-position":"center center","background-size":"auto","background-attachment":"scroll","background-type":"","background-media":"","overlay-type":"","overlay-color":"","overlay-opacity":"","overlay-gradient":""},"mobile":{"background-color":"","background-image":"","background-repeat":"repeat","background-position":"center center","background-size":"auto","background-attachment":"scroll","background-type":"","background-media":"","overlay-type":"","overlay-color":"","overlay-opacity":"","overlay-gradient":""}},"ast-content-background-meta":{"desktop":{"background-color":"var(--ast-global-color-5)","background-image":"","background-repeat":"repeat","background-position":"center center","background-size":"auto","background-attachment":"scroll","background-type":"","background-media":"","overlay-type":"","overlay-color":"","overlay-opacity":"","overlay-gradient":""},"tablet":{"background-color":"var(--ast-global-color-5)","background-image":"","background-repeat":"repeat","background-position":"center center","background-size":"auto","background-attachment":"scroll","background-type":"","background-media":"","overlay-type":"","overlay-color":"","overlay-opacity":"","overlay-gradient":""},"mobile":{"background-color":"var(--ast-global-color-5)","background-image":"","background-repeat":"repeat","background-position":"center center","background-size":"auto","background-attachment":"scroll","background-type":"","background-media":"","overlay-type":"","overlay-color":"","overlay-opacity":"","overlay-gradient":""}},"footnotes":""},"categories":[8],"tags":[1404,1403],"class_list":["post-7787","post","type-post","status-publish","format-standard","has-post-thumbnail","hentry","category-noticias","tag-diaz-ayuso","tag-fernando-savater"],"_links":{"self":[{"href":"https:\/\/losperiodistas.com.mx\/portal\/wp-json\/wp\/v2\/posts\/7787","targetHints":{"allow":["GET"]}}],"collection":[{"href":"https:\/\/losperiodistas.com.mx\/portal\/wp-json\/wp\/v2\/posts"}],"about":[{"href":"https:\/\/losperiodistas.com.mx\/portal\/wp-json\/wp\/v2\/types\/post"}],"author":[{"embeddable":true,"href":"https:\/\/losperiodistas.com.mx\/portal\/wp-json\/wp\/v2\/users\/1"}],"replies":[{"embeddable":true,"href":"https:\/\/losperiodistas.com.mx\/portal\/wp-json\/wp\/v2\/comments?post=7787"}],"version-history":[{"count":1,"href":"https:\/\/losperiodistas.com.mx\/portal\/wp-json\/wp\/v2\/posts\/7787\/revisions"}],"predecessor-version":[{"id":7789,"href":"https:\/\/losperiodistas.com.mx\/portal\/wp-json\/wp\/v2\/posts\/7787\/revisions\/7789"}],"wp:featuredmedia":[{"embeddable":true,"href":"https:\/\/losperiodistas.com.mx\/portal\/wp-json\/wp\/v2\/media\/7788"}],"wp:attachment":[{"href":"https:\/\/losperiodistas.com.mx\/portal\/wp-json\/wp\/v2\/media?parent=7787"}],"wp:term":[{"taxonomy":"category","embeddable":true,"href":"https:\/\/losperiodistas.com.mx\/portal\/wp-json\/wp\/v2\/categories?post=7787"},{"taxonomy":"post_tag","embeddable":true,"href":"https:\/\/losperiodistas.com.mx\/portal\/wp-json\/wp\/v2\/tags?post=7787"}],"curies":[{"name":"wp","href":"https:\/\/api.w.org\/{rel}","templated":true}]}}