{"id":7784,"date":"2021-05-09T10:10:45","date_gmt":"2021-05-09T15:10:45","guid":{"rendered":"http:\/\/losperiodistas.com.mx\/portal\/?p=7784"},"modified":"2021-05-09T10:10:47","modified_gmt":"2021-05-09T15:10:47","slug":"vladimir-putin-afirma-que-rusia-defendera-firmemente-sus-intereses-nacionales-euronews","status":"publish","type":"post","link":"https:\/\/losperiodistas.com.mx\/portal\/vladimir-putin-afirma-que-rusia-defendera-firmemente-sus-intereses-nacionales-euronews\/","title":{"rendered":"Vlad\u00edmir Putin afirma que Rusia defender\u00e1 &#8216;firmemente sus intereses nacionales&#8217; | Euronews"},"content":{"rendered":"\n<p><\/p>\n\n\n\n<p><\/p>\n\n\n\n<figure class=\"wp-block-embed is-type-video is-provider-youtube wp-block-embed-youtube wp-embed-aspect-16-9 wp-has-aspect-ratio\"><div class=\"wp-block-embed__wrapper\">\n<iframe title=\"Vlad\u00edmir Putin afirma que Rusia defender\u00e1 &#039;firmemente sus intereses nacionales&#039;\" width=\"500\" height=\"281\" src=\"https:\/\/www.youtube.com\/embed\/_05cDRFhql0?feature=oembed\" frameborder=\"0\" allow=\"accelerometer; autoplay; clipboard-write; encrypted-media; gyroscope; picture-in-picture; web-share\" referrerpolicy=\"strict-origin-when-cross-origin\" allowfullscreen><\/iframe>\n<\/div><figcaption><em>Desfile conmemorativo de la victoria en la Segunda Guerra Mundial en la plaza Roja de Mosc\u00fa\u00a0<\/em>\u00a0\u00a0&#8211;\u00a0\u00a0\u00a0Derechos de autor\u00a0\u00a0<a href=\"https:\/\/es.euronews.com\/2021\/05\/09\/vladimir-putin-afirma-que-rusia-defendera-firmemente-sus-intereses-nacionales#\">AFP<\/a><br><\/figcaption><\/figure>\n\n\n\n<p><\/p>\n\n\n\n<p class=\"has-vivid-cyan-blue-color has-text-color has-medium-font-size\">FRANCISCO FUENTES \/ EFE \/ EURONEWS<\/p>\n\n\n\n<p>Putin ha aprovechado&nbsp;<strong>el desfile de la Victoria<\/strong>&nbsp;en la plaza Roja de Mosc\u00fa, para denunciar a aquellos que vuelven a&nbsp;<strong>\u00abgestar planes agresivos\u00bb<\/strong>&nbsp;que intentan revivir la ideolog\u00eda nazi quedesat\u00f3 la Segunda Guerra Mundial.<\/p>\n\n\n\n<p>En un contexto geopol\u00edtico de m\u00e1xima tensi\u00f3n tanto con Washington como con Bruselas, el presidente ruso, Vlad\u00edmir Putin, ha asegurado que siempre defender\u00e1 sus intereses y la seguridad de su pa\u00eds.<\/p>\n\n\n\n<p><strong>\u00abRusia defiende sistem\u00e1ticamente la legalidad internacional. Al mismo tiempo, defenderemos firmemente nuestros intereses nacionales para asegurar la seguridad de nuestro pueblo. Y las valientes Fuerzas Armadas Rusas, herederas de los soldados de la victoria, son una garant\u00eda fiel para ello\u00bb<\/strong>, ha dicho Putin en su discurso conmemorativo.<\/p>\n\n\n\n<p>Pese al fr\u00edo y el mal tiempo, la plaza Roja ha vuelto a recobrar el esplendor de otros desfiles de la Victoria, con la participaci\u00f3n de 12 000 soladados, 190 unidades de equipamiento adem\u00e1s de 76 cazas y helic\u00f3pteros militares.<\/p>\n\n\n\n<p>Una jornada festiva en el calendario que el 69% de los rusos consideran como la m\u00e1s importante del pa\u00eds, seg\u00fan una reciente encuesta del instituto p\u00fablico VTsIOM (Centro de Investigaci\u00f3n de la Opini\u00f3n P\u00fablica de Rusia).<\/p>\n\n\n\n<p>Fuentes adicionales<strong>\u00a0\u2022 AFP<\/strong><\/p>\n\n\n\n<p>Fuente: https:\/\/es.euronews.com\/2021\/05\/09\/vladimir-putin-afirma-que-rusia-defendera-firmemente-sus-intereses-nacionales<\/p>\n","protected":false},"excerpt":{"rendered":"<p>FRANCISCO FUENTES \/ EFE \/ EURONEWS Putin ha aprovechado&nbsp;el desfile de la Victoria&nbsp;en la plaza Roja de Mosc\u00fa, para denunciar [&hellip;]<\/p>\n","protected":false},"author":1,"featured_media":7785,"comment_status":"open","ping_status":"open","sticky":false,"template":"","format":"standard","meta":{"site-sidebar-layout":"default","site-content-layout":"","ast-site-content-layout":"default","site-content-style":"default","site-sidebar-style":"default","ast-global-header-display":"","ast-banner-title-visibility":"","ast-main-header-display":"","ast-hfb-above-header-display":"","ast-hfb-below-header-display":"","ast-hfb-mobile-header-display":"","site-post-title":"","ast-breadcrumbs-content":"","ast-featured-img":"","footer-sml-layout":"","theme-transparent-header-meta":"","adv-header-id-meta":"","stick-header-meta":"","header-above-stick-meta":"","header-main-stick-meta":"","header-below-stick-meta":"","astra-migrate-meta-layouts":"default","ast-page-background-enabled":"default","ast-page-background-meta":{"desktop":{"background-color":"var(--ast-global-color-4)","background-image":"","background-repeat":"repeat","background-position":"center center","background-size":"auto","background-attachment":"scroll","background-type":"","background-media":"","overlay-type":"","overlay-color":"","overlay-opacity":"","overlay-gradient":""},"tablet":{"background-color":"","background-image":"","background-repeat":"repeat","background-position":"center center","background-size":"auto","background-attachment":"scroll","background-type":"","background-media":"","overlay-type":"","overlay-color":"","overlay-opacity":"","overlay-gradient":""},"mobile":{"background-color":"","background-image":"","background-repeat":"repeat","background-position":"center center","background-size":"auto","background-attachment":"scroll","background-type":"","background-media":"","overlay-type":"","overlay-color":"","overlay-opacity":"","overlay-gradient":""}},"ast-content-background-meta":{"desktop":{"background-color":"var(--ast-global-color-5)","background-image":"","background-repeat":"repeat","background-position":"center center","background-size":"auto","background-attachment":"scroll","background-type":"","background-media":"","overlay-type":"","overlay-color":"","overlay-opacity":"","overlay-gradient":""},"tablet":{"background-color":"var(--ast-global-color-5)","background-image":"","background-repeat":"repeat","background-position":"center center","background-size":"auto","background-attachment":"scroll","background-type":"","background-media":"","overlay-type":"","overlay-color":"","overlay-opacity":"","overlay-gradient":""},"mobile":{"background-color":"var(--ast-global-color-5)","background-image":"","background-repeat":"repeat","background-position":"center center","background-size":"auto","background-attachment":"scroll","background-type":"","background-media":"","overlay-type":"","overlay-color":"","overlay-opacity":"","overlay-gradient":""}},"footnotes":""},"categories":[8],"tags":[1402],"class_list":["post-7784","post","type-post","status-publish","format-standard","has-post-thumbnail","hentry","category-noticias","tag-desfile-de-la-victoria-putin-2021"],"_links":{"self":[{"href":"https:\/\/losperiodistas.com.mx\/portal\/wp-json\/wp\/v2\/posts\/7784","targetHints":{"allow":["GET"]}}],"collection":[{"href":"https:\/\/losperiodistas.com.mx\/portal\/wp-json\/wp\/v2\/posts"}],"about":[{"href":"https:\/\/losperiodistas.com.mx\/portal\/wp-json\/wp\/v2\/types\/post"}],"author":[{"embeddable":true,"href":"https:\/\/losperiodistas.com.mx\/portal\/wp-json\/wp\/v2\/users\/1"}],"replies":[{"embeddable":true,"href":"https:\/\/losperiodistas.com.mx\/portal\/wp-json\/wp\/v2\/comments?post=7784"}],"version-history":[{"count":1,"href":"https:\/\/losperiodistas.com.mx\/portal\/wp-json\/wp\/v2\/posts\/7784\/revisions"}],"predecessor-version":[{"id":7786,"href":"https:\/\/losperiodistas.com.mx\/portal\/wp-json\/wp\/v2\/posts\/7784\/revisions\/7786"}],"wp:featuredmedia":[{"embeddable":true,"href":"https:\/\/losperiodistas.com.mx\/portal\/wp-json\/wp\/v2\/media\/7785"}],"wp:attachment":[{"href":"https:\/\/losperiodistas.com.mx\/portal\/wp-json\/wp\/v2\/media?parent=7784"}],"wp:term":[{"taxonomy":"category","embeddable":true,"href":"https:\/\/losperiodistas.com.mx\/portal\/wp-json\/wp\/v2\/categories?post=7784"},{"taxonomy":"post_tag","embeddable":true,"href":"https:\/\/losperiodistas.com.mx\/portal\/wp-json\/wp\/v2\/tags?post=7784"}],"curies":[{"name":"wp","href":"https:\/\/api.w.org\/{rel}","templated":true}]}}