{"id":7781,"date":"2021-05-09T09:58:14","date_gmt":"2021-05-09T14:58:14","guid":{"rendered":"http:\/\/losperiodistas.com.mx\/portal\/?p=7781"},"modified":"2021-05-09T09:58:15","modified_gmt":"2021-05-09T14:58:15","slug":"gana-hamilton-el-gp-de-espana-checo-es-quinto-el-norte","status":"publish","type":"post","link":"https:\/\/losperiodistas.com.mx\/portal\/gana-hamilton-el-gp-de-espana-checo-es-quinto-el-norte\/","title":{"rendered":"Gana Hamilton el GP de Espa\u00f1a; Checo es quinto | El Norte"},"content":{"rendered":"\n<p><a href=\"https:\/\/www.elnorte.com\/se-queda-hamilton-con-gp-de-espana\/ar2179804?v=3\">Lewis Hamilton gana su sexto Gran Premio de Espa\u00f1a de F\u00f3rmula 1, en el que el mexicano Sergio P\u00e9rez finaliza en la quinta posici\u00f3n.<\/a><\/p>\n\n\n\n<p><\/p>\n\n\n\n<figure class=\"wp-block-image size-large\"><img fetchpriority=\"high\" decoding=\"async\" width=\"960\" height=\"608\" src=\"https:\/\/losperiodistas.com.mx\/portal\/wp-content\/uploads\/2021\/05\/Captura-de-Pantalla-2021-05-09-a-las-9.55.08.jpg\" alt=\"\" class=\"wp-image-7782\" srcset=\"https:\/\/losperiodistas.com.mx\/portal\/wp-content\/uploads\/2021\/05\/Captura-de-Pantalla-2021-05-09-a-las-9.55.08.jpg 960w, https:\/\/losperiodistas.com.mx\/portal\/wp-content\/uploads\/2021\/05\/Captura-de-Pantalla-2021-05-09-a-las-9.55.08-300x190.jpg 300w, https:\/\/losperiodistas.com.mx\/portal\/wp-content\/uploads\/2021\/05\/Captura-de-Pantalla-2021-05-09-a-las-9.55.08-768x486.jpg 768w\" sizes=\"(max-width: 960px) 100vw, 960px\" \/><\/figure>\n\n\n\n<p><\/p>\n\n\n\n<p class=\"has-vivid-cyan-blue-color has-text-color has-medium-font-size\">CANCHA \/ STAFF \/ EL NORTE<\/p>\n\n\n\n<p><strong>Monterrey, M\u00e9xico&nbsp;(09 mayo 2021).-&nbsp;<\/strong>El brit\u00e1nico Lewis Hamilton se qued\u00f3 este domingo con su sexto Gran Premio de Espa\u00f1a de F\u00f3rmula 1.<\/p>\n\n\n\n<p>Tras ganar la pole en la calificaci\u00f3n y dominar pr\u00e1cticamente la carrera, Hamilton se qued\u00f3 con la victoria.<\/p>\n\n\n\n<p>El mexicano Sergio P\u00e9rez finaliz\u00f3 la carrera en la quinta posici\u00f3n. Su coequipero, Max Verstappen, estuvo a 8 vueltas de ganar, pero la estrategia del equipo fall\u00f3 al no entrar a pits para cambiar los compuestos, lo que aprovech\u00f3 Hamilton para rebasarlo en la vuelta 60.<\/p>\n","protected":false},"excerpt":{"rendered":"<p>Lewis Hamilton gana su sexto Gran Premio de Espa\u00f1a de F\u00f3rmula 1, en el que el mexicano Sergio P\u00e9rez finaliza [&hellip;]<\/p>\n","protected":false},"author":1,"featured_media":7782,"comment_status":"open","ping_status":"open","sticky":false,"template":"","format":"standard","meta":{"site-sidebar-layout":"default","site-content-layout":"","ast-site-content-layout":"default","site-content-style":"default","site-sidebar-style":"default","ast-global-header-display":"","ast-banner-title-visibility":"","ast-main-header-display":"","ast-hfb-above-header-display":"","ast-hfb-below-header-display":"","ast-hfb-mobile-header-display":"","site-post-title":"","ast-breadcrumbs-content":"","ast-featured-img":"","footer-sml-layout":"","theme-transparent-header-meta":"","adv-header-id-meta":"","stick-header-meta":"","header-above-stick-meta":"","header-main-stick-meta":"","header-below-stick-meta":"","astra-migrate-meta-layouts":"default","ast-page-background-enabled":"default","ast-page-background-meta":{"desktop":{"background-color":"var(--ast-global-color-4)","background-image":"","background-repeat":"repeat","background-position":"center center","background-size":"auto","background-attachment":"scroll","background-type":"","background-media":"","overlay-type":"","overlay-color":"","overlay-opacity":"","overlay-gradient":""},"tablet":{"background-color":"","background-image":"","background-repeat":"repeat","background-position":"center center","background-size":"auto","background-attachment":"scroll","background-type":"","background-media":"","overlay-type":"","overlay-color":"","overlay-opacity":"","overlay-gradient":""},"mobile":{"background-color":"","background-image":"","background-repeat":"repeat","background-position":"center center","background-size":"auto","background-attachment":"scroll","background-type":"","background-media":"","overlay-type":"","overlay-color":"","overlay-opacity":"","overlay-gradient":""}},"ast-content-background-meta":{"desktop":{"background-color":"var(--ast-global-color-5)","background-image":"","background-repeat":"repeat","background-position":"center center","background-size":"auto","background-attachment":"scroll","background-type":"","background-media":"","overlay-type":"","overlay-color":"","overlay-opacity":"","overlay-gradient":""},"tablet":{"background-color":"var(--ast-global-color-5)","background-image":"","background-repeat":"repeat","background-position":"center center","background-size":"auto","background-attachment":"scroll","background-type":"","background-media":"","overlay-type":"","overlay-color":"","overlay-opacity":"","overlay-gradient":""},"mobile":{"background-color":"var(--ast-global-color-5)","background-image":"","background-repeat":"repeat","background-position":"center center","background-size":"auto","background-attachment":"scroll","background-type":"","background-media":"","overlay-type":"","overlay-color":"","overlay-opacity":"","overlay-gradient":""}},"footnotes":""},"categories":[8],"tags":[1401,1399,1400],"class_list":["post-7781","post","type-post","status-publish","format-standard","has-post-thumbnail","hentry","category-noticias","tag-checo-perez-gran-premio-de-espana","tag-gp-espana","tag-lewis-hamilton"],"_links":{"self":[{"href":"https:\/\/losperiodistas.com.mx\/portal\/wp-json\/wp\/v2\/posts\/7781","targetHints":{"allow":["GET"]}}],"collection":[{"href":"https:\/\/losperiodistas.com.mx\/portal\/wp-json\/wp\/v2\/posts"}],"about":[{"href":"https:\/\/losperiodistas.com.mx\/portal\/wp-json\/wp\/v2\/types\/post"}],"author":[{"embeddable":true,"href":"https:\/\/losperiodistas.com.mx\/portal\/wp-json\/wp\/v2\/users\/1"}],"replies":[{"embeddable":true,"href":"https:\/\/losperiodistas.com.mx\/portal\/wp-json\/wp\/v2\/comments?post=7781"}],"version-history":[{"count":1,"href":"https:\/\/losperiodistas.com.mx\/portal\/wp-json\/wp\/v2\/posts\/7781\/revisions"}],"predecessor-version":[{"id":7783,"href":"https:\/\/losperiodistas.com.mx\/portal\/wp-json\/wp\/v2\/posts\/7781\/revisions\/7783"}],"wp:featuredmedia":[{"embeddable":true,"href":"https:\/\/losperiodistas.com.mx\/portal\/wp-json\/wp\/v2\/media\/7782"}],"wp:attachment":[{"href":"https:\/\/losperiodistas.com.mx\/portal\/wp-json\/wp\/v2\/media?parent=7781"}],"wp:term":[{"taxonomy":"category","embeddable":true,"href":"https:\/\/losperiodistas.com.mx\/portal\/wp-json\/wp\/v2\/categories?post=7781"},{"taxonomy":"post_tag","embeddable":true,"href":"https:\/\/losperiodistas.com.mx\/portal\/wp-json\/wp\/v2\/tags?post=7781"}],"curies":[{"name":"wp","href":"https:\/\/api.w.org\/{rel}","templated":true}]}}