{"id":774,"date":"2020-11-02T06:26:53","date_gmt":"2020-11-02T12:26:53","guid":{"rendered":"http:\/\/losperiodistas.com.mx\/portal\/?p=774"},"modified":"2020-11-02T06:26:53","modified_gmt":"2020-11-02T12:26:53","slug":"un-nuevo-test-de-aliento-podria-detectar-el-coronavirus-en-cuestion-de-segundos","status":"publish","type":"post","link":"https:\/\/losperiodistas.com.mx\/portal\/un-nuevo-test-de-aliento-podria-detectar-el-coronavirus-en-cuestion-de-segundos\/","title":{"rendered":"Un nuevo test de aliento podr\u00eda detectar el coronavirus en cuesti\u00f3n de segundos"},"content":{"rendered":"\n<p style=\"font-size:18px\"><em>Esta prueba no es invasiva ni requiere un especialista para realizar el proceso.<\/em><\/p>\n\n\n\n<p class=\"has-vivid-cyan-blue-color has-text-color has-medium-font-size\">RT<\/p>\n\n\n\n<p>La compa\u00f1\u00eda brit\u00e1nica Imspex Diagnostics ha desarrollado unos dispositivos para&nbsp;<strong>determinar en pocos segundos<\/strong>&nbsp;si una persona est\u00e1 infectada con el coronavirus y la revista The Lancet ha&nbsp;<a href=\"https:\/\/www.thelancet.com\/journals\/eclinm\/article\/PIIS2589-5370(20)30353-9\/fulltext\" target=\"_blank\" rel=\"noreferrer noopener\">publicado<\/a>&nbsp;un estudio sobre su viabilidad.<\/p>\n\n\n\n<p>Los autores de esta investigaci\u00f3n dirigida por la Universidad de Loughborough (Reino Unido) llevaron a cabo dos&nbsp;<strong>ensayos<\/strong>&nbsp;de esta tecnolog\u00eda en los que participaron&nbsp;<strong>100 pacientes hospitalizados<\/strong>&nbsp;en Edimburgo y Dortmund (Alemania).<\/p>\n\n\n\n<p>El an\u00e1lisis de las&nbsp;<strong>sustancias vol\u00e1tiles<\/strong>&nbsp;presentes en el aire expulsado&nbsp;en muestras de un solo aliento permiti\u00f3 distinguir una &#8216;firma&#8217; del covid-19, que se confirm\u00f3 con pruebas tradicionales obtenidas del cuerpo mediante hisopos.<\/p>\n\n\n\n<p>As\u00ed, los cient\u00edficos predijeron con precisi\u00f3n si los pacientes ten\u00edan esa enfermedad y la distinguieron de otros problemas respiratorios, como el asma o la neumon\u00eda bacteriana en el&nbsp;<strong>80 % de los casos<\/strong>.<\/p>\n\n\n\n<figure class=\"wp-block-image\"><img decoding=\"async\" src=\"https:\/\/cdni.rt.com\/actualidad\/public_images\/2020.08\/thumbnail\/5f3bf3e959bf5b50323bde61.JPG\" alt=\"SalivaDirect, el nuevo test &quot;m\u00e1s simple, menos costoso y menos invasivo&quot; para detectar el coronavirus\"\/><\/figure>\n\n\n\n<p><a href=\"https:\/\/actualidad.rt.com\/actualidad\/363577-salivadirect-test-prueba-coronavirus\">SalivaDirect, el nuevo test \u00abm\u00e1s simple, menos costoso y menos invasivo\u00bb para detectar el coronavirus<\/a><\/p>\n\n\n\n<p>En los pacientes de Edimburgo, los investigadores tambi\u00e9n identificaron unos compuestos qu\u00edmicos que ten\u00edan&nbsp;<strong>\u00abun&nbsp;poder predictivo significativo\u00bb<\/strong>&nbsp;en relaci\u00f3n con la gravedad de la infecci\u00f3n por covid-19 y hasta si podr\u00eda causar la muerte.<\/p>\n\n\n\n<p>\u00abSi se demuestra que es fiable, ofrece la posibilidad de una r\u00e1pida identificaci\u00f3n o exclusi\u00f3n del covid-19 en los departamentos de emergencia o atenci\u00f3n primaria que mejorar\u00e1 el manejo de los pacientes y la seguridad del personal de atenci\u00f3n m\u00e9dica\u00bb, concluyeron los autores del estudio.<\/p>\n\n\n\n<h3 class=\"wp-block-heading\">Financiaci\u00f3n<\/h3>\n\n\n\n<p>El fundador y director ejecutivo de Imspex Diagnostics, Santi Dominguez,&nbsp;<a href=\"https:\/\/www.bbc.com\/news\/amp\/uk-wales-54718848\" target=\"_blank\" rel=\"noreferrer noopener\">destac\u00f3<\/a>&nbsp;que estos dispositivos se podr\u00edan usar&nbsp;<strong>en el transporte&nbsp;y en la inmigraci\u00f3n&nbsp;<\/strong>porque, como no son invasivos ni requieren a personas especializadas, permiten \u00abtomar una muestra r\u00e1pida\u00bb que da resultados en \u00abunos minutos\u00bb, as\u00ed que su potencial resulta \u00abmuy emocionante\u00bb.<\/p>\n\n\n\n<p>Dominguez destac\u00f3 que Imspex Diagnostics podr\u00eda comercializar este producto \u00ab<strong>en menos de seis meses<\/strong>\u00a0con el apoyo necesario\u00bb, ya que\u00a0es \u00abuna empresa peque\u00f1a\u00bb que necesitar\u00eda 12 o 18 meses si tuviera que realizar todo el proceso con sus propios recursos.<\/p>\n\n\n\n<p>Fuente: https:\/\/actualidad.rt.com\/actualidad\/371859-nuevo-test-aliento-detectar-coronavirus-segundos<\/p>\n","protected":false},"excerpt":{"rendered":"<p>Esta prueba no es invasiva ni requiere un especialista para realizar el proceso. RT La compa\u00f1\u00eda brit\u00e1nica Imspex Diagnostics ha [&hellip;]<\/p>\n","protected":false},"author":1,"featured_media":775,"comment_status":"open","ping_status":"open","sticky":false,"template":"","format":"standard","meta":{"site-sidebar-layout":"default","site-content-layout":"","ast-site-content-layout":"default","site-content-style":"default","site-sidebar-style":"default","ast-global-header-display":"","ast-banner-title-visibility":"","ast-main-header-display":"","ast-hfb-above-header-display":"","ast-hfb-below-header-display":"","ast-hfb-mobile-header-display":"","site-post-title":"","ast-breadcrumbs-content":"","ast-featured-img":"","footer-sml-layout":"","theme-transparent-header-meta":"","adv-header-id-meta":"","stick-header-meta":"","header-above-stick-meta":"","header-main-stick-meta":"","header-below-stick-meta":"","astra-migrate-meta-layouts":"default","ast-page-background-enabled":"default","ast-page-background-meta":{"desktop":{"background-color":"var(--ast-global-color-4)","background-image":"","background-repeat":"repeat","background-position":"center center","background-size":"auto","background-attachment":"scroll","background-type":"","background-media":"","overlay-type":"","overlay-color":"","overlay-opacity":"","overlay-gradient":""},"tablet":{"background-color":"","background-image":"","background-repeat":"repeat","background-position":"center center","background-size":"auto","background-attachment":"scroll","background-type":"","background-media":"","overlay-type":"","overlay-color":"","overlay-opacity":"","overlay-gradient":""},"mobile":{"background-color":"","background-image":"","background-repeat":"repeat","background-position":"center center","background-size":"auto","background-attachment":"scroll","background-type":"","background-media":"","overlay-type":"","overlay-color":"","overlay-opacity":"","overlay-gradient":""}},"ast-content-background-meta":{"desktop":{"background-color":"var(--ast-global-color-5)","background-image":"","background-repeat":"repeat","background-position":"center center","background-size":"auto","background-attachment":"scroll","background-type":"","background-media":"","overlay-type":"","overlay-color":"","overlay-opacity":"","overlay-gradient":""},"tablet":{"background-color":"var(--ast-global-color-5)","background-image":"","background-repeat":"repeat","background-position":"center center","background-size":"auto","background-attachment":"scroll","background-type":"","background-media":"","overlay-type":"","overlay-color":"","overlay-opacity":"","overlay-gradient":""},"mobile":{"background-color":"var(--ast-global-color-5)","background-image":"","background-repeat":"repeat","background-position":"center center","background-size":"auto","background-attachment":"scroll","background-type":"","background-media":"","overlay-type":"","overlay-color":"","overlay-opacity":"","overlay-gradient":""}},"footnotes":""},"categories":[8],"tags":[],"class_list":["post-774","post","type-post","status-publish","format-standard","has-post-thumbnail","hentry","category-noticias"],"_links":{"self":[{"href":"https:\/\/losperiodistas.com.mx\/portal\/wp-json\/wp\/v2\/posts\/774","targetHints":{"allow":["GET"]}}],"collection":[{"href":"https:\/\/losperiodistas.com.mx\/portal\/wp-json\/wp\/v2\/posts"}],"about":[{"href":"https:\/\/losperiodistas.com.mx\/portal\/wp-json\/wp\/v2\/types\/post"}],"author":[{"embeddable":true,"href":"https:\/\/losperiodistas.com.mx\/portal\/wp-json\/wp\/v2\/users\/1"}],"replies":[{"embeddable":true,"href":"https:\/\/losperiodistas.com.mx\/portal\/wp-json\/wp\/v2\/comments?post=774"}],"version-history":[{"count":1,"href":"https:\/\/losperiodistas.com.mx\/portal\/wp-json\/wp\/v2\/posts\/774\/revisions"}],"predecessor-version":[{"id":776,"href":"https:\/\/losperiodistas.com.mx\/portal\/wp-json\/wp\/v2\/posts\/774\/revisions\/776"}],"wp:featuredmedia":[{"embeddable":true,"href":"https:\/\/losperiodistas.com.mx\/portal\/wp-json\/wp\/v2\/media\/775"}],"wp:attachment":[{"href":"https:\/\/losperiodistas.com.mx\/portal\/wp-json\/wp\/v2\/media?parent=774"}],"wp:term":[{"taxonomy":"category","embeddable":true,"href":"https:\/\/losperiodistas.com.mx\/portal\/wp-json\/wp\/v2\/categories?post=774"},{"taxonomy":"post_tag","embeddable":true,"href":"https:\/\/losperiodistas.com.mx\/portal\/wp-json\/wp\/v2\/tags?post=774"}],"curies":[{"name":"wp","href":"https:\/\/api.w.org\/{rel}","templated":true}]}}