{"id":77381,"date":"2024-06-20T17:08:43","date_gmt":"2024-06-20T22:08:43","guid":{"rendered":"http:\/\/losperiodistas.com.mx\/portal\/?p=77381"},"modified":"2024-06-20T17:08:45","modified_gmt":"2024-06-20T22:08:45","slug":"unam-revela-cuando-se-formara-un-nuevo-volcan-cerca-de-puebla","status":"publish","type":"post","link":"https:\/\/losperiodistas.com.mx\/portal\/unam-revela-cuando-se-formara-un-nuevo-volcan-cerca-de-puebla\/","title":{"rendered":"UNAM revela cu\u00e1ndo se formar\u00e1 un nuevo volc\u00e1n cerca de Puebla | El Universal Puebla"},"content":{"rendered":"\n<p>Que tan probable es que podamos ver el nacimiento de un volc\u00e1n en M\u00e9xico. Aqu\u00ed te contamos todos los detalles<\/p>\n\n\n\n<figure class=\"wp-block-image size-large\"><img fetchpriority=\"high\" decoding=\"async\" width=\"1024\" height=\"633\" src=\"https:\/\/losperiodistas.com.mx\/portal\/wp-content\/uploads\/2024\/06\/Captura-de-pantalla-2024-06-20-155840-1024x633.png\" alt=\"Nuevo volc\u00e1n cerca de Puebla\" class=\"wp-image-77382\" srcset=\"https:\/\/losperiodistas.com.mx\/portal\/wp-content\/uploads\/2024\/06\/Captura-de-pantalla-2024-06-20-155840-1024x633.png 1024w, https:\/\/losperiodistas.com.mx\/portal\/wp-content\/uploads\/2024\/06\/Captura-de-pantalla-2024-06-20-155840-300x185.png 300w, https:\/\/losperiodistas.com.mx\/portal\/wp-content\/uploads\/2024\/06\/Captura-de-pantalla-2024-06-20-155840-768x475.png 768w, https:\/\/losperiodistas.com.mx\/portal\/wp-content\/uploads\/2024\/06\/Captura-de-pantalla-2024-06-20-155840.png 1197w\" sizes=\"(max-width: 1024px) 100vw, 1024px\" \/><figcaption>El nuevo volc\u00e1n estar\u00eda muy cerca de Puebla y del Popocat\u00e9petl | Foto: CANVAS \/ X @UNAM_MX<\/figcaption><\/figure>\n\n\n\n<p class=\"has-vivid-red-color has-text-color\">Erika Rodr\u00edguez \/ El Universal Puebla<\/p>\n\n\n\n<p><strong>Puebla<\/strong> est\u00e1 ubicada en una de las zonas geogr\u00e1ficas m\u00e1s importantes de <strong>M\u00e9xico<\/strong>, rodeada por imponentes volcanes como el <em><strong>Popocat\u00e9petl, el Iztacc\u00edhuatl, La Malinche y el Citlalt\u00e9petl o Pico de Orizaba<\/strong><\/em>, los m\u00e1s altos del territorio mexicano. Sin embargo, recientemente ha surgido una nueva preocupaci\u00f3n: el nacimiento de un nuevo volc\u00e1n al sur de la <strong>CDMX. <\/strong>Pero <strong>\u00bfcu\u00e1ndo nacer\u00e1?<\/strong> nosotros te lo contamos.<\/p>\n\n\n\n<p><strong>Investigadores de la Universidad Nacional Aut\u00f3noma de M\u00e9xico (UNAM)<\/strong> han identificado la posibilidad de que un nuevo volc\u00e1n se forme en la <strong>Ciudad de M\u00e9xico, <\/strong>espec\u00edficamente, en la <strong>Sierra Chichinautzin<\/strong>, ubicada en los l\u00edmites sure\u00f1os de la<strong> CDMX<\/strong>, en una zona conformada por m\u00e1s de 300 volcanes monogen\u00e9ticos.<\/p>\n\n\n\n<p><strong>El vulcanismo en la Sierra Chichinautzin<\/strong> ha sido descrito por la instituci\u00f3n como sui generis, es decir, \u00fanico en su tipo. A diferencia de los volcanes poligen\u00e9ticos, que tienen una vida larga y pueden entrar en erupci\u00f3n varias veces, los volcanes monogen\u00e9ticos son m\u00e1s peque\u00f1os y solo tienen una erupci\u00f3n en su vida.<\/p>\n\n\n\n<p><strong>El Instituto de Geof\u00edsica de la UNAM<\/strong> explica que estos volcanes, aunque menores en tama\u00f1o, pueden generar erupciones potentes capaces de causar afectaciones en los asentamientos humanos.<\/p>\n\n\n\n<p>De acuerdo con el <strong>Bolet\u00edn UNAM-DGCS-233<\/strong>, en <strong>M\u00e9xico<\/strong> abundan los volcanes monogen\u00e9ticos susceptibles de registrar una gran erupci\u00f3n.<\/p>\n\n\n\n<p>A lo largo de la<strong> Franja Volc\u00e1nica Transmexicana<\/strong>, hay m\u00e1s de 3,000 volcanes monogen\u00e9ticos, siendo el m\u00e1s representativo el<strong> Xitle<\/strong>, que apareci\u00f3 hace casi 2,000 a\u00f1os en la colindancia de la actual <strong>Ciudad Universitaria y Cuicuilco.<\/strong><\/p>\n\n\n\n<p>Los volcanes monogen\u00e9ticos se generan en la intersecci\u00f3n de fallas y fracturas de la corteza terrestre, permitiendo que el magma acceda y salga a la superficie. Este proceso ha dado origen a cientos de volcanes similares en el pa\u00eds. Aunque no tienen la fuerza para lanzar material incandescente a la estrat\u00f3sfera o provocar cambios clim\u00e1ticos significativos, s\u00ed pueden causar afectaciones locales importantes.<\/p>\n\n\n\n<h2 class=\"wp-block-heading\">\u00bfCu\u00e1ndo y d\u00f3nde nacer\u00e1 el nuevo volc\u00e1n que estar\u00e1 cerca de Puebla?<\/h2>\n\n\n\n<p>Seg\u00fan las estimaciones de la <strong>UNAM<\/strong>, el nuevo volc\u00e1n en la <strong>CDMX <\/strong>podr\u00eda aparecer entre las alcald\u00edas al sur de la capital, espec\u00edficamente, <em><strong>Xochimilco, Tlalpan y Milpa Alta<\/strong><\/em>, que forman parte del campo volc\u00e1nico.<\/p>\n\n\n\n<p>Estas declaraciones han generado un gran inter\u00e9s y preocupaci\u00f3n en la poblaci\u00f3n. Sin embargo, la<strong> UNAM<\/strong> emiti\u00f3 un comunicado para tranquilizar a la ciudadan\u00eda, aclarando que, aunque es posible la formaci\u00f3n de un nuevo volc\u00e1n en la <strong>CDMX<\/strong>, esto no ocurrir\u00e1 sino hasta dentro de 800 a 1200 a\u00f1os.<\/p>\n\n\n\n<blockquote class=\"twitter-tweet\"><p lang=\"es\" dir=\"ltr\">Debido a la repetici\u00f3n de notas period\u00edsticas en el sentido de que investigadores prev\u00e9n el nacimiento de un volc\u00e1n en la Ciudad de M\u00e9xico, la UNAM aclara\u2026 esto podr\u00eda ocurrir en 800 o 1,200 a\u00f1os. <a href=\"https:\/\/t.co\/ZRkQpxodPh\">pic.twitter.com\/ZRkQpxodPh<\/a><\/p>&mdash; UNAM (@UNAM_MX) <a href=\"https:\/\/twitter.com\/UNAM_MX\/status\/1669086239939543041?ref_src=twsrc%5Etfw\">June 14, 2023<\/a><\/blockquote> <script async src=\"https:\/\/platform.twitter.com\/widgets.js\" charset=\"utf-8\"><\/script> \n\n\n\n<p>Por lo tanto, las generaciones actuales y la mayor\u00eda de las futuras no tendr\u00e1n que enfrentarse a esta eventualidad, brindando as\u00ed tranquilidad a la poblaci\u00f3n.<\/p>\n\n\n\n<p>Fuente: <a href=\"https:\/\/www.eluniversalpuebla.com.mx\/estado\/unam-revela-cuando-se-formara-un-nuevo-volcan-cerca-de-puebla\/\" target=\"_blank\" rel=\"noreferrer noopener\">El Universal Puebla<\/a><\/p>\n","protected":false},"excerpt":{"rendered":"<p>Que tan probable es que podamos ver el nacimiento de un volc\u00e1n en M\u00e9xico. Aqu\u00ed te contamos todos los detalles<\/p>\n","protected":false},"author":1,"featured_media":77382,"comment_status":"open","ping_status":"open","sticky":false,"template":"","format":"standard","meta":{"site-sidebar-layout":"default","site-content-layout":"","ast-site-content-layout":"default","site-content-style":"default","site-sidebar-style":"default","ast-global-header-display":"","ast-banner-title-visibility":"","ast-main-header-display":"","ast-hfb-above-header-display":"","ast-hfb-below-header-display":"","ast-hfb-mobile-header-display":"","site-post-title":"","ast-breadcrumbs-content":"","ast-featured-img":"","footer-sml-layout":"","theme-transparent-header-meta":"","adv-header-id-meta":"","stick-header-meta":"","header-above-stick-meta":"","header-main-stick-meta":"","header-below-stick-meta":"","astra-migrate-meta-layouts":"default","ast-page-background-enabled":"default","ast-page-background-meta":{"desktop":{"background-color":"var(--ast-global-color-4)","background-image":"","background-repeat":"repeat","background-position":"center center","background-size":"auto","background-attachment":"scroll","background-type":"","background-media":"","overlay-type":"","overlay-color":"","overlay-opacity":"","overlay-gradient":""},"tablet":{"background-color":"","background-image":"","background-repeat":"repeat","background-position":"center center","background-size":"auto","background-attachment":"scroll","background-type":"","background-media":"","overlay-type":"","overlay-color":"","overlay-opacity":"","overlay-gradient":""},"mobile":{"background-color":"","background-image":"","background-repeat":"repeat","background-position":"center center","background-size":"auto","background-attachment":"scroll","background-type":"","background-media":"","overlay-type":"","overlay-color":"","overlay-opacity":"","overlay-gradient":""}},"ast-content-background-meta":{"desktop":{"background-color":"var(--ast-global-color-5)","background-image":"","background-repeat":"repeat","background-position":"center center","background-size":"auto","background-attachment":"scroll","background-type":"","background-media":"","overlay-type":"","overlay-color":"","overlay-opacity":"","overlay-gradient":""},"tablet":{"background-color":"var(--ast-global-color-5)","background-image":"","background-repeat":"repeat","background-position":"center center","background-size":"auto","background-attachment":"scroll","background-type":"","background-media":"","overlay-type":"","overlay-color":"","overlay-opacity":"","overlay-gradient":""},"mobile":{"background-color":"var(--ast-global-color-5)","background-image":"","background-repeat":"repeat","background-position":"center center","background-size":"auto","background-attachment":"scroll","background-type":"","background-media":"","overlay-type":"","overlay-color":"","overlay-opacity":"","overlay-gradient":""}},"footnotes":""},"categories":[8],"tags":[4065,2672,26400],"class_list":["post-77381","post","type-post","status-publish","format-standard","has-post-thumbnail","hentry","category-noticias","tag-popocatepetl","tag-unam","tag-volcan"],"_links":{"self":[{"href":"https:\/\/losperiodistas.com.mx\/portal\/wp-json\/wp\/v2\/posts\/77381","targetHints":{"allow":["GET"]}}],"collection":[{"href":"https:\/\/losperiodistas.com.mx\/portal\/wp-json\/wp\/v2\/posts"}],"about":[{"href":"https:\/\/losperiodistas.com.mx\/portal\/wp-json\/wp\/v2\/types\/post"}],"author":[{"embeddable":true,"href":"https:\/\/losperiodistas.com.mx\/portal\/wp-json\/wp\/v2\/users\/1"}],"replies":[{"embeddable":true,"href":"https:\/\/losperiodistas.com.mx\/portal\/wp-json\/wp\/v2\/comments?post=77381"}],"version-history":[{"count":1,"href":"https:\/\/losperiodistas.com.mx\/portal\/wp-json\/wp\/v2\/posts\/77381\/revisions"}],"predecessor-version":[{"id":77383,"href":"https:\/\/losperiodistas.com.mx\/portal\/wp-json\/wp\/v2\/posts\/77381\/revisions\/77383"}],"wp:featuredmedia":[{"embeddable":true,"href":"https:\/\/losperiodistas.com.mx\/portal\/wp-json\/wp\/v2\/media\/77382"}],"wp:attachment":[{"href":"https:\/\/losperiodistas.com.mx\/portal\/wp-json\/wp\/v2\/media?parent=77381"}],"wp:term":[{"taxonomy":"category","embeddable":true,"href":"https:\/\/losperiodistas.com.mx\/portal\/wp-json\/wp\/v2\/categories?post=77381"},{"taxonomy":"post_tag","embeddable":true,"href":"https:\/\/losperiodistas.com.mx\/portal\/wp-json\/wp\/v2\/tags?post=77381"}],"curies":[{"name":"wp","href":"https:\/\/api.w.org\/{rel}","templated":true}]}}