{"id":77377,"date":"2024-06-20T15:29:59","date_gmt":"2024-06-20T20:29:59","guid":{"rendered":"https:\/\/losperiodistas.com.mx\/portal\/?p=77377"},"modified":"2024-06-20T15:30:01","modified_gmt":"2024-06-20T20:30:01","slug":"sheinbaum-disena-un-gabinete-de-politicos-veteranos-y-donde-la-ciencia-alcanza-el-maximo-rango-el-pais","status":"publish","type":"post","link":"https:\/\/losperiodistas.com.mx\/portal\/sheinbaum-disena-un-gabinete-de-politicos-veteranos-y-donde-la-ciencia-alcanza-el-maximo-rango-el-pais\/","title":{"rendered":"Sheinbaum dise\u00f1a un Gabinete de pol\u00edticos veteranos y donde la Ciencia alcanza el m\u00e1ximo rango | El Pa\u00eds"},"content":{"rendered":"\n<h2 class=\"wp-block-heading\">Marcelo Ebrard y Alicia B\u00e1rcena repiten como secretarios para la nueva Administraci\u00f3n<\/h2>\n\n\n\n<figure class=\"wp-block-image size-large\"><img fetchpriority=\"high\" decoding=\"async\" width=\"1024\" height=\"645\" src=\"https:\/\/losperiodistas.com.mx\/portal\/wp-content\/uploads\/2024\/06\/Captura-de-Pantalla-2024-06-20-a-las-14.25.44-1024x645.jpg\" alt=\"\" class=\"wp-image-77378\" srcset=\"https:\/\/losperiodistas.com.mx\/portal\/wp-content\/uploads\/2024\/06\/Captura-de-Pantalla-2024-06-20-a-las-14.25.44-1024x645.jpg 1024w, https:\/\/losperiodistas.com.mx\/portal\/wp-content\/uploads\/2024\/06\/Captura-de-Pantalla-2024-06-20-a-las-14.25.44-300x189.jpg 300w, https:\/\/losperiodistas.com.mx\/portal\/wp-content\/uploads\/2024\/06\/Captura-de-Pantalla-2024-06-20-a-las-14.25.44-768x484.jpg 768w, https:\/\/losperiodistas.com.mx\/portal\/wp-content\/uploads\/2024\/06\/Captura-de-Pantalla-2024-06-20-a-las-14.25.44-1536x968.jpg 1536w, https:\/\/losperiodistas.com.mx\/portal\/wp-content\/uploads\/2024\/06\/Captura-de-Pantalla-2024-06-20-a-las-14.25.44-2048x1290.jpg 2048w\" sizes=\"(max-width: 1024px) 100vw, 1024px\" \/><figcaption>Claudia Sheinbaum, presenta a los seis primeros miembros de su gabinete.M\u00d3NICA GONZ\u00c1LEZ ISLAS<\/figcaption><\/figure>\n\n\n\n<p><\/p>\n\n\n\n<p class=\"has-vivid-red-color has-text-color has-medium-font-size\"><strong>CARMEN MOR\u00c1N BRE\u00d1A \/ M\u00e9xico \/ EL PA\u00cdS<\/strong><\/p>\n\n\n\n<p>La presidenta electa de M\u00e9xico,<a href=\"https:\/\/elpais.com\/mexico\/2024-06-19\/los-empresarios-reconocen-ante-sheinbaum-fallas-en-el-sistema-judicial-y-piden-una-reforma-sin-equivocaciones.html\">&nbsp;Claudia Sheinbaum<\/a>, ha presentado este jueves una parte del que ser\u00e1 su equipo de Gobierno, que tomar\u00e1 posesi\u00f3n a partir del 1 de octubre. Se trata de hombres y mujeres que dar\u00e1n continuidad al proyecto iniciado por Andr\u00e9s Manuel L\u00f3pez Obrador para este sexenio que ahora concluye y que se prometi\u00f3 como una transformaci\u00f3n hist\u00f3rica del pa\u00eds. Pero no ha faltado el sello propio. Sheinbaum ha creado una nueva Secretar\u00eda [ministerio] de Ciencia, Tecnolog\u00eda, Humanidades e Innovaci\u00f3n, un gesto notable para un colectivo con el que el actual presidente no hab\u00eda mantenido la mejor de las relaciones. Adem\u00e1s, ha colocado en la cartera de Medioambiente y Recursos Naturales a Alicia B\u00e1rcena, que dejar\u00e1 para ello la Secretar\u00eda de Relaciones Exteriores que ahora representa. Ambas mujeres tienen un extenso curr\u00edculo acad\u00e9mico y de alta gesti\u00f3n administrativa. En breves fechas se presentar\u00e1 lo que falta del Gabinete, carteras cruciales como las de Seguridad, Defensa Nacional y Marina, pero tambi\u00e9n Educaci\u00f3n y Salud.M\u00c1S INFORMACI\u00d3N<a href=\"https:\/\/elpais.com\/mexico\/elecciones-mexicanas\/2024-06-20\/quien-es-quien-en-el-gabinete-de-claudia-sheinbaum.html#?rel=mas_sumario\">Qui\u00e9n es qui\u00e9n en el Gabinete de Claudia Sheinbaum<\/a><\/p>\n\n\n\n<p><a href=\"https:\/\/elpais.com\/mexico\/2024-06-19\/los-empresarios-reconocen-ante-sheinbaum-fallas-en-el-sistema-judicial-y-piden-una-reforma-sin-equivocaciones.html\">La continuidad con las pol\u00edticas&nbsp;<\/a>de este sexenio prometida en la campa\u00f1a electoral tiene su reflejo, por ahora, en dos nombres, Alicia B\u00e1rcena y Marcelo Ebrard, ambos han sido cancilleres con L\u00f3pez Obrador. Ebrard abandon\u00f3 ese cargo para buscar la candidatura presidencial por su partido, una contienda interna le gan\u00f3 Claudia Sheinbaum y que tens\u00f3 las relaciones entre ellos durante un tiempo.&nbsp;<a href=\"https:\/\/elpais.com\/mexico\/economia\/2024-06-20\/el-peso-mexicano-se-aprecia-levemente-tras-el-nombramiento-de-marcelo-ebrard-al-frente-de-economia.html\">Ahora ser\u00e1 secretario de Econom\u00eda<\/a>, un departamento clave para el desarrollo con el principal socio comercial de M\u00e9xico, Estados Unidos, de donde proceden algunas de las esperanzas de prosperidad econ\u00f3mica para los pr\u00f3ximos a\u00f1os. De talante diplom\u00e1tico, Ebrard deber\u00e1 manejarse con el Tratado de Libre Comercio que se ha renovado con Estados Unidos y Canad\u00e1.<\/p>\n\n\n\n<p>Procedente tambi\u00e9n de la actual Administraci\u00f3n es&nbsp;<a href=\"https:\/\/elpais.com\/mexico\/economia\/2024-06-09\/rogelio-ramirez-de-la-o-un-secretario-de-hacienda-prudente-para-navegar-las-tormentas-de-las-finanzas-publicas.html\">Rogelio Ram\u00edrez de la O<\/a>, que seguir\u00e1 desempe\u00f1ando la Secretar\u00eda de Hacienda, un puesto que se conoce hace d\u00edas, cuando Sheinbaum lo comunic\u00f3 en uno de los intentos por tranquilizar a los mercados y recuperar la cotizaci\u00f3n de la moneda, que se devalu\u00f3 tras las elecciones. Adem\u00e1s de este, Julio Berdegu\u00e9 ser\u00e1 el ancargado de la Agricultura.<\/p>\n\n\n\n<p>La creaci\u00f3n de una Secretar\u00eda de Ciencia, Humanidades, Tecnolog\u00eda e Innovaci\u00f3n, que eleva de rango el antiguo Consejo de Ciencia mexicano, es el gesto m\u00e1s significativo de la presidenta electa. Ella misma es cient\u00edfica, licenciada en F\u00edsica y doctora en Ingenier\u00eda Ambiental. Este ministerio es toda una declaraci\u00f3n de intenciones sobre sus prioridades y viene a resta\u00f1ar heridas abiertas con el sector cient\u00edfico en el mandato de L\u00f3pez Obrador. Del mismo modo, situar en la cartera de Medio Ambiente a una mujer como B\u00e1rcena, de formaci\u00f3n ambientalista y veteran\u00eda pol\u00edtica, promete solidez a uno de los temas que m\u00e1s fricciones ha ocasionado en el sexenio actual. L\u00f3pez Obrador ha criticado mucho a los \u201cpseudoambientalistas\u201d que se opon\u00edan a sus proyectos.<\/p>\n\n\n\n<p>El medio gabinete presentado hasta ahora lo conforman hombres y mujeres apegados a la presidenta electa, que han trazado con ella el programa electoral y que tienen experiencia pol\u00edtica. Es el caso de Juan Ram\u00f3n de la Fuente, que ocupar\u00e1 la Secretar\u00eda de Relaciones Exteriores. M\u00e9dico cirujano, es un gran conocido de los mexicanos, puesto que fue rector de la gran universidad p\u00fablica, la UNAM. Se ha desempe\u00f1ado como representante de M\u00e9xico ante la ONU y tiene en su haber \u201chasta 20 doctorados Honoris Causa\u201d, alab\u00f3 Sheinbaum. De car\u00e1cter moderado y negociador, es el hombre que est\u00e1 comandando el traspaso de poderes entre la actual Administraci\u00f3n y la siguiente.<\/p>\n\n\n\n<p>Otra mujer, fiel al proyecto obradorista y de perfil feminista, es Ernestina Godoy, ser\u00e1 ahora la Consejera Jur\u00eddica, un cargo de m\u00e1xima confianza con Sheinbaum. Ambas han trabajado juntas en la capital cuando la presidenta electa era la alcaldesa y Godoy la fiscal de Ciudad de M\u00e9xico.<\/p>\n\n\n\n<p>El gabinete, que se est\u00e1 presentando por dosis, falta completarse con carteras clave, como la Secretar\u00eda de Seguridad, la de Defensa Nacional y la de Marina, todas ellas concernidas en la lucha contra la violencia que vive el pa\u00eds. Para Seguridad vienen sonando desde hace tiempo el nombre de Omar Garc\u00eda Harfuch, que ya ocup\u00f3 ese cargo junto a Sheinbaum en el Gobierno de la capital. Para la Secretar\u00eda de Defensa Nacional, Sedena, y de Marina se esperan nombres de dos militares, algo tradicional en el Gobierno mexicano. No es obligatorio, pero tradicionalmente han sido militares los encargados de esas carteras. El gran cambio ser\u00eda que Sheinbaum optara por primera vez por poner un civil al frente del Ej\u00e9rcito.<\/p>\n\n\n\n<p>Fuente: <a href=\"https:\/\/elpais.com\/mexico\/elecciones-mexicanas\/2024-06-20\/sheinbaum-disena-un-gabinete-de-politicos-veteranos-y-donde-la-ciencia-alcanza-el-maximo-rango.html\">https:\/\/elpais.com\/mexico\/elecciones-mexicanas\/2024-06-20\/sheinbaum-disena-un-gabinete-de-politicos-veteranos-y-donde-la-ciencia-alcanza-el-maximo-rango.html<\/a><\/p>\n","protected":false},"excerpt":{"rendered":"<p>Marcelo Ebrard y Alicia B\u00e1rcena repiten como secretarios para la nueva Administraci\u00f3n CARMEN MOR\u00c1N BRE\u00d1A \/ M\u00e9xico \/ EL PA\u00cdS [&hellip;]<\/p>\n","protected":false},"author":1,"featured_media":77378,"comment_status":"open","ping_status":"open","sticky":false,"template":"","format":"standard","meta":{"site-sidebar-layout":"default","site-content-layout":"","ast-site-content-layout":"default","site-content-style":"default","site-sidebar-style":"default","ast-global-header-display":"","ast-banner-title-visibility":"","ast-main-header-display":"","ast-hfb-above-header-display":"","ast-hfb-below-header-display":"","ast-hfb-mobile-header-display":"","site-post-title":"","ast-breadcrumbs-content":"","ast-featured-img":"","footer-sml-layout":"","theme-transparent-header-meta":"","adv-header-id-meta":"","stick-header-meta":"","header-above-stick-meta":"","header-main-stick-meta":"","header-below-stick-meta":"","astra-migrate-meta-layouts":"default","ast-page-background-enabled":"default","ast-page-background-meta":{"desktop":{"background-color":"var(--ast-global-color-4)","background-image":"","background-repeat":"repeat","background-position":"center center","background-size":"auto","background-attachment":"scroll","background-type":"","background-media":"","overlay-type":"","overlay-color":"","overlay-opacity":"","overlay-gradient":""},"tablet":{"background-color":"","background-image":"","background-repeat":"repeat","background-position":"center center","background-size":"auto","background-attachment":"scroll","background-type":"","background-media":"","overlay-type":"","overlay-color":"","overlay-opacity":"","overlay-gradient":""},"mobile":{"background-color":"","background-image":"","background-repeat":"repeat","background-position":"center center","background-size":"auto","background-attachment":"scroll","background-type":"","background-media":"","overlay-type":"","overlay-color":"","overlay-opacity":"","overlay-gradient":""}},"ast-content-background-meta":{"desktop":{"background-color":"var(--ast-global-color-5)","background-image":"","background-repeat":"repeat","background-position":"center center","background-size":"auto","background-attachment":"scroll","background-type":"","background-media":"","overlay-type":"","overlay-color":"","overlay-opacity":"","overlay-gradient":""},"tablet":{"background-color":"var(--ast-global-color-5)","background-image":"","background-repeat":"repeat","background-position":"center center","background-size":"auto","background-attachment":"scroll","background-type":"","background-media":"","overlay-type":"","overlay-color":"","overlay-opacity":"","overlay-gradient":""},"mobile":{"background-color":"var(--ast-global-color-5)","background-image":"","background-repeat":"repeat","background-position":"center center","background-size":"auto","background-attachment":"scroll","background-type":"","background-media":"","overlay-type":"","overlay-color":"","overlay-opacity":"","overlay-gradient":""}},"footnotes":""},"categories":[8],"tags":[26399],"class_list":["post-77377","post","type-post","status-publish","format-standard","has-post-thumbnail","hentry","category-noticias","tag-gabinete-sheinbaum"],"_links":{"self":[{"href":"https:\/\/losperiodistas.com.mx\/portal\/wp-json\/wp\/v2\/posts\/77377","targetHints":{"allow":["GET"]}}],"collection":[{"href":"https:\/\/losperiodistas.com.mx\/portal\/wp-json\/wp\/v2\/posts"}],"about":[{"href":"https:\/\/losperiodistas.com.mx\/portal\/wp-json\/wp\/v2\/types\/post"}],"author":[{"embeddable":true,"href":"https:\/\/losperiodistas.com.mx\/portal\/wp-json\/wp\/v2\/users\/1"}],"replies":[{"embeddable":true,"href":"https:\/\/losperiodistas.com.mx\/portal\/wp-json\/wp\/v2\/comments?post=77377"}],"version-history":[{"count":1,"href":"https:\/\/losperiodistas.com.mx\/portal\/wp-json\/wp\/v2\/posts\/77377\/revisions"}],"predecessor-version":[{"id":77379,"href":"https:\/\/losperiodistas.com.mx\/portal\/wp-json\/wp\/v2\/posts\/77377\/revisions\/77379"}],"wp:featuredmedia":[{"embeddable":true,"href":"https:\/\/losperiodistas.com.mx\/portal\/wp-json\/wp\/v2\/media\/77378"}],"wp:attachment":[{"href":"https:\/\/losperiodistas.com.mx\/portal\/wp-json\/wp\/v2\/media?parent=77377"}],"wp:term":[{"taxonomy":"category","embeddable":true,"href":"https:\/\/losperiodistas.com.mx\/portal\/wp-json\/wp\/v2\/categories?post=77377"},{"taxonomy":"post_tag","embeddable":true,"href":"https:\/\/losperiodistas.com.mx\/portal\/wp-json\/wp\/v2\/tags?post=77377"}],"curies":[{"name":"wp","href":"https:\/\/api.w.org\/{rel}","templated":true}]}}