{"id":77358,"date":"2024-06-20T09:36:28","date_gmt":"2024-06-20T14:36:28","guid":{"rendered":"https:\/\/losperiodistas.com.mx\/portal\/?p=77358"},"modified":"2024-06-20T09:36:31","modified_gmt":"2024-06-20T14:36:31","slug":"asi-eran-las-antiguas-ekecheiras-las-treguas-olimpicas-que-la-onu-quiere-recuperar-euronews","status":"publish","type":"post","link":"https:\/\/losperiodistas.com.mx\/portal\/asi-eran-las-antiguas-ekecheiras-las-treguas-olimpicas-que-la-onu-quiere-recuperar-euronews\/","title":{"rendered":"As\u00ed eran las antiguas &#8216;ekecheiras&#8217;: las treguas ol\u00edmpicas que la ONU quiere recuperar | Euronews"},"content":{"rendered":"\n<p class=\"has-light-green-cyan-background-color has-background has-medium-font-size\"><strong>Una resoluci\u00f3n de la Asamblea General de las Naciones Unidas pidi\u00f3 en 2023 un alto el fuego en los conflictos en curso con motivo de los Juegos Ol\u00edmpicos. Putin no lo descart\u00f3. &#8216;Euronews&#8217; habla con el Comit\u00e9 Ol\u00edmpico Internacional, historiadores y expertos sobre esta posibilidad.<\/strong><\/p>\n\n\n\n<figure class=\"wp-block-image size-large\"><img fetchpriority=\"high\" decoding=\"async\" width=\"1024\" height=\"576\" src=\"https:\/\/losperiodistas.com.mx\/portal\/wp-content\/uploads\/2024\/06\/1920x1080_cmsv2_80c9255d-7a24-5208-9ed8-43eb38c060f7-8517406-1024x576.jpg\" alt=\"\" class=\"wp-image-77361\" srcset=\"https:\/\/losperiodistas.com.mx\/portal\/wp-content\/uploads\/2024\/06\/1920x1080_cmsv2_80c9255d-7a24-5208-9ed8-43eb38c060f7-8517406-1024x576.jpg 1024w, https:\/\/losperiodistas.com.mx\/portal\/wp-content\/uploads\/2024\/06\/1920x1080_cmsv2_80c9255d-7a24-5208-9ed8-43eb38c060f7-8517406-300x169.jpg 300w, https:\/\/losperiodistas.com.mx\/portal\/wp-content\/uploads\/2024\/06\/1920x1080_cmsv2_80c9255d-7a24-5208-9ed8-43eb38c060f7-8517406-768x432.jpg 768w, https:\/\/losperiodistas.com.mx\/portal\/wp-content\/uploads\/2024\/06\/1920x1080_cmsv2_80c9255d-7a24-5208-9ed8-43eb38c060f7-8517406-1536x864.jpg 1536w, https:\/\/losperiodistas.com.mx\/portal\/wp-content\/uploads\/2024\/06\/1920x1080_cmsv2_80c9255d-7a24-5208-9ed8-43eb38c060f7-8517406.jpg 1920w\" sizes=\"(max-width: 1024px) 100vw, 1024px\" \/><figcaption>Encendido de la llama ol\u00edmpica en Olimpia, Grecia, para los Juegos de Londres en 2012.\u00a0&#8211;\u00a0Derechos de autor\u00a0Petros Giannakouris\/AP<\/figcaption><\/figure>\n\n\n\n<p>Roberto Macedonio Vega \/ Mar\u00eda Mu\u00f1oz Morillo \/ Euronews<\/p>\n\n\n\n<p>Ocurr\u00eda cada vez que se celebraban los&nbsp;<a href=\"https:\/\/es.euronews.com\/tag\/juegos-olimpicos\"><strong>Juegos Ol\u00edmpicos<\/strong><\/a>&nbsp;en la Antigua Grecia:&nbsp;<strong>las guerras se paraban<\/strong>. Los Ej\u00e9rcitos de las diferentes &#8216;polis&#8217; enfrentadas deten\u00edan su actividad para que&nbsp;<strong>los atletas pudieran llegar sanos y salvos al valle de Olimpia<\/strong>, donde ten\u00eda lugar la competici\u00f3n en honor a Zeus.<\/p>\n\n\n\n<p>Actualmente hay&nbsp;<strong>ocho guerras activas en el mundo<\/strong>, entre ellas la de Ucrania y Gaza; pero la posibilidad de una tregua como las que se hac\u00edan en la Grecia cl\u00e1sica parece remota, aunque&nbsp;<a href=\"https:\/\/es.euronews.com\/2024\/03\/18\/putin-aboga-por-una-zona-de-seguridad-en-la-frontera-con-ucrania-y-no-descarta-una-tregua-\">incluso Putin habl\u00f3 de ello con Xi Jinping durante su visita a China<\/a>&nbsp;y, seg\u00fan el mismo dijo, \u00abpocos pa\u00edses la suelen respetar\u00bb, por lo que&nbsp;<strong>parece no estar abierto<\/strong>&nbsp;a detener el&nbsp;<a href=\"https:\/\/es.euronews.com\/search?query=rusia-ucrania-invasion\">conflicto en curso en Ucrania<\/a>, aunque tampoco ha descartado la opci\u00f3n.<\/p>\n\n\n\n<h2 class=\"wp-block-heading\">&#8216;Ekecheira&#8217; en la etimolog\u00eda griega<\/h2>\n\n\n\n<p>No obstante, la realidad es que esta tregua o&nbsp;<strong>&#8216;ekecheira&#8217; en la etimolog\u00eda griega<\/strong>, era generalmente respetada en la antig\u00fcedad.&nbsp;<a href=\"https:\/\/es.euronews.com\/tag\/naciones-unidas\"><strong>Naciones Unidas<\/strong><\/a>&nbsp;ha intentado en varias ocasiones retomar aquella tradici\u00f3n, aunque no siempre con \u00e9xito.<\/p>\n\n\n\n<figure class=\"wp-block-image\"><img decoding=\"async\" src=\"https:\/\/img.connatix.com\/pid-7dbce684-fe81-4ff7-a029-615d308bcf91\/7dbce684-fe81-4ff7-a029-615d308bcf91\/s1.png?width=72&amp;height=72&amp;fit=bounds\" alt=\"symbol\"\/><\/figure>\n\n\n\n<p>00:0202:00M\u00e1s detalleshttps:\/\/imasdk.googleapis.com\/js\/core\/bridge3.646.1_en.html#goog_1444430480https:\/\/imasdk.googleapis.com\/js\/core\/bridge3.646.1_en.html#goog_1444430481https:\/\/imasdk.googleapis.com\/js\/core\/bridge3.646.1_en.html#goog_1444430482<\/p>\n\n\n\n<figure class=\"wp-block-image\"><img decoding=\"async\" src=\"https:\/\/static.euronews.com\/articles\/stories\/08\/51\/74\/06\/808x542_cmsv2_cb324010-f2f3-54e8-b152-e4191f658a13-8517406.jpg\" alt=\"Encendido de la llama ol\u00edmpica en Olimpia, donde se celebraban los Juegos Ol\u00edmpicos de la antig\u00fcedad.\"\/><figcaption><em>Encendido de la llama ol\u00edmpica en Olimpia, donde se celebraban los Juegos Ol\u00edmpicos de la antig\u00fcedad.<\/em>THANASSIS STAVRAKIS\/2009 AP<\/figcaption><\/figure>\n\n\n\n<p>Para la&nbsp;<a href=\"https:\/\/es.euronews.com\/tag\/juegos-olimpicos-de-paris-2024\">celebraci\u00f3n de los Juegos Ol\u00edmpicos de este a\u00f1o<\/a>, la Asamblea General adapt\u00f3 el 21 de noviembre de 2023 una resoluci\u00f3n instando a los pa\u00edses con conflictos a&nbsp;<strong>un alto el fuego<\/strong>&nbsp;mientras la competici\u00f3n estuviera en marcha.<\/p>\n\n\n\n<blockquote class=\"wp-block-quote is-layout-flow wp-block-quote-is-layout-flow\"><p>Por favor, demos una oportunidad a la paz<\/p><\/blockquote>\n\n\n\n<p>&nbsp;Thomas Bach&nbsp;Presidente del Comit\u00e9 Ol\u00edmpico Internacional<\/p>\n\n\n\n<p>Incluso el presidente del Comit\u00e9 Ol\u00edmpico Internacional pidi\u00f3 a las naciones participantes \u00abadoptar la resoluci\u00f3n en base al esp\u00edritu ol\u00edmpico y&nbsp;<strong>defender la noble tregua<\/strong>\u00bb durante un discurso que concluy\u00f3 rogando ante la ONU: \u00abPor favor, demos&nbsp;<strong>una oportunidad a la paz<\/strong>\u00ab.<\/p>\n\n\n\n<p>En cuanto a la posibilidad de que&nbsp;<a href=\"https:\/\/es.euronews.com\/2024\/02\/23\/guerra-en-ucrania-dos-anos-despues-no-hay-tregua-para-los-soldados-en-el-donbas\">la guerra en Ucrania se detenga<\/a>, desde el Comit\u00e9 Ol\u00edmpico reconocen que es remota. Tras ser consultados por &#8216;Euronews&#8217;, miembros de la organizaci\u00f3n aseguran que \u00abla invasi\u00f3n de Rusia a Ucrania se produjo durante los&nbsp;<a href=\"https:\/\/es.euronews.com\/tag\/juegos-olimpicos-de-invierno\"><strong>Juegos de Invierno de 2022<\/strong><\/a>, lo que ya constituy\u00f3 en su d\u00eda una&nbsp;<strong>violaci\u00f3n de la tregua ol\u00edmpica\u00bb<\/strong>. Con estos antecedentes sobre la mesa, no parece que Putin vaya a respetar los de este verano.<\/p>\n\n\n\n<h2 class=\"wp-block-heading\">\u00bfCu\u00e1ndo ha habido treguas ol\u00edmpicas?<\/h2>\n\n\n\n<p>La de 2023 no ha sido la \u00fanica ocasi\u00f3n en la que Naciones Unidas ha instado a los pa\u00edses a&nbsp;<strong>dejar las armas a un lado en favor de la paz y el deporte<\/strong>. El catedr\u00e1tico en Historia Antigua por la Universidad Aut\u00f3noma de Madrid, Adolfo Jer\u00f3nimo Dom\u00ednguez, recuerda a este medio que en el a\u00f1o 1993 \u00abla ONU retom\u00f3 el concepto de la tregua ol\u00edmpica e&nbsp;<strong>inst\u00f3 a los Estados a que la iniciaran siete d\u00edas antes de la inauguraci\u00f3n<\/strong>&nbsp;y la mantuvieran hasta que pasaran siete d\u00edas desde la clausura\u00bb.<\/p>\n\n\n\n<figure class=\"wp-block-image\"><img decoding=\"async\" src=\"https:\/\/static.euronews.com\/articles\/stories\/08\/51\/74\/06\/808x542_cmsv2_b8a55b4d-a74b-5eed-a65f-2d94c78d8c2c-8517406.jpg\" alt=\"El entonces secretario de la ONU, Kofi Annan y el entonces presidente del COI, Jacques Rogge, se re\u00fanen en 2006 para abordar una posible tregua ol\u00edmpica.\"\/><figcaption><em>El entonces secretario de la ONU, Kofi Annan y el entonces presidente del COI, Jacques Rogge, se re\u00fanen en 2006 para abordar una posible tregua ol\u00edmpica.<\/em>ANDREE-NOELLE POT\/AP<\/figcaption><\/figure>\n\n\n\n<p>\u00abHemos visto que&nbsp;<strong>el mundo moderno no siempre respeta la tregua<\/strong>. Cuando se ha intentado cumplir tambi\u00e9n ha habido un aspecto negativo que es el de los&nbsp;<strong>boicots<\/strong>; Estados que por la raz\u00f3n que sea no est\u00e1n de acuerdo con este ideal y la rompen\u00bb, a\u00f1ade el experto.<\/p>\n\n\n\n<h2 class=\"wp-block-heading\">\u00bfSe respetaba la tregua ol\u00edmpica en la antig\u00fcedad?<\/h2>\n\n\n\n<p>Esta circunstancia no es exclusiva del tiempo actual, aunque parece que en la antig\u00fcedad ten\u00edan m\u00e1s respeto a la decisi\u00f3n de detener los conflictos. La responsable de Asuntos Culturales de la Embajada de Grecia en Espa\u00f1a, Yioula Salesiotou, explica a &#8216;Euronews&#8217; que la tregua, \u00aba pesar de no ser obligatoria,&nbsp;<strong>se rompi\u00f3 solo en dos ocasiones<\/strong>&nbsp;en los 1.200 a\u00f1os de clebraci\u00f3n de los Juegos\u00bb.<\/p>\n\n\n\n<figure class=\"wp-block-image\"><img decoding=\"async\" src=\"https:\/\/static.euronews.com\/articles\/stories\/08\/51\/74\/06\/808x550_cmsv2_52baadbc-edb7-5f8d-9705-76b49440c5df-8517406.jpg\" alt=\"Templo de Olimpia en el que se celebraban los Juegos Ol\u00edmpicos en la Antig\u00fcedad.\"\/><figcaption><em>Templo de Olimpia en el que se celebraban los Juegos Ol\u00edmpicos en la Antig\u00fcedad.<\/em>PETROS GIANNAKOURIS\/AP<\/figcaption><\/figure>\n\n\n\n<p>Los griegos mantuvieron sus enfrentamientos solo \u00aben el a\u00f1o 420 a.C., cuando&nbsp;<strong>Esparta atac\u00f3 a L\u00e9preo<\/strong>&nbsp;(ciudad de la \u00c9lide), y en el 362 a.C., cuando&nbsp;<strong>la \u00c9lide luch\u00f3 contra Pisa<\/strong>&nbsp;(reino de la \u00c9lide) en&nbsp;<strong>territorio sagrado<\/strong>\u00ab, a\u00f1ade Salesiotou.<\/p>\n\n\n\n<h2 class=\"wp-block-heading\">Los Juegos Ol\u00edmpicos eran una celebraci\u00f3n religiosa y sagrada<\/h2>\n\n\n\n<p>Hay una raz\u00f3n que llevaba a esta civilizaci\u00f3n a respetar tanto el&nbsp;<a href=\"https:\/\/es.euronews.com\/tag\/alto-el-fuego\">alto el fuego<\/a>: los Juegos Ol\u00edmpicos eran&nbsp;<strong>una celebraci\u00f3n religiosa y sagrada.<\/strong>&nbsp;Como explica la responsable de Asuntos Culturales, \u00abera la fiesta religiosa m\u00e1s antigua&nbsp;<a href=\"https:\/\/es.euronews.com\/cultura\/2021\/06\/19\/dior-presenta-un-desfile-espectaculo-en-atenas\">en honor al dios Zeus<\/a>, el padre de los dioses\u00bb.<\/p>\n\n\n\n<p>El aspecto divino de estas competiciones lo conocen bien los historiadores. \u00abFormaban parte de un ritual, de un ritual religioso, no hay que olvidar que&nbsp;<strong>Olimpia, junto con Delfos eran santuarios<\/strong>. Uno en honor a Zeus y&nbsp;<a href=\"https:\/\/es.euronews.com\/cultura\/2024\/04\/12\/excepcional-descubrimiento-en-grecia-de-una-antiquisima-cabeza-de-marmol-de-apolo\">otro en honor a Apolo<\/a>\u00ab, nos explica el catedr\u00e1tico en Historia Antigua de la Universidad de Alcal\u00e1 Francisco Javier G\u00f3mez.<\/p>\n\n\n\n<blockquote class=\"wp-block-quote is-layout-flow wp-block-quote-is-layout-flow\"><p>Los atacantes pod\u00edan esperar un castigo de los dioses<\/p><\/blockquote>\n\n\n\n<p>&nbsp;Francisco Javier G\u00f3mez&nbsp;Catedr\u00e1tico de Historia Antigua<\/p>\n\n\n\n<p>La competici\u00f3n en s\u00ed se consideraba \u00abuna ceremonia religiosa y sagrada, si se rompe una tregua y se ataca a los peregrinos que iban en realidad a venerar a Zeus a trav\u00e9s de los Juegos,&nbsp;<strong>los atacantes pod\u00edan esperar un castigo de los dioses<\/strong>\u00ab, a\u00f1ade.<\/p>\n\n\n\n<p>No obstante, las&nbsp;<a href=\"https:\/\/es.euronews.com\/2020\/02\/29\/enfrentamientos-entre-refugiados-y-la-policia-griega-en-la-frontera-con-turquia\">hostilidades entre las polis en conflicto<\/a>&nbsp;segu\u00edan y \u00fanicamente se respetaba \u00abel&nbsp;<strong>tr\u00e1nsito seguro de los atletas y de los espectadores<\/strong>&nbsp;por sus territorios\u00bb dice Yioula Salesiotou, para permitir que todos ellos honraran a sus dioses. \u00abLa tregua se refer\u00eda a la protecci\u00f3n del derecho del tr\u00e1nsito de atletas y espectadores\u00bb, a\u00f1ade.<\/p>\n\n\n\n<figure class=\"wp-block-image\"><img decoding=\"async\" src=\"https:\/\/static.euronews.com\/articles\/stories\/08\/51\/74\/06\/808x542_cmsv2_31598d9e-bd79-5480-b931-364dc3773dc8-8517406.jpg\" alt=\"Templo de Olimpia en el que se celebraban los Juegos Ol\u00edmpicos en la Antig\u00fcedad.\"\/><figcaption><em>Templo de Olimpia en el que se celebraban los Juegos Ol\u00edmpicos en la Antig\u00fcedad.<\/em>PETROS GIANNAKOURIS\/AP2008<\/figcaption><\/figure>\n\n\n\n<p>Ahora bien, en un tiempo en el que&nbsp;<strong>las comunicaciones eran complicadas y las distancias muy grandes,<\/strong>&nbsp;exist\u00eda todo un protocolo para anunciar&nbsp;<a href=\"https:\/\/es.euronews.com\/2024\/06\/18\/francia-se-prepara-para-los-juegos-olimpicos-con-medidas-de-seguridad-sin-precedentes\">el inicio de los Juegos Ol\u00edmpicos<\/a>&nbsp;y, a su vez, del armisticio. Para ello,&nbsp;<strong>era fundamental el papel de los embajadores.<\/strong>&nbsp;\u00abEran sagrados y ten\u00edan esa especie de inmunidad para ir proclamando la tregua\u00bb, nos explica Francisco Javier G\u00f3mez.<\/p>\n\n\n\n<p>Adolfo Jer\u00f3nimo Dom\u00ednguez detalla que estos altos diplom\u00e1ticos de la antig\u00fcedad iban totalmente identificados.&nbsp;<strong>Llevaban carros y banderolas<\/strong>&nbsp;para que todo el mundo supiera que eran embajadores sagrados, pero a\u00fan as\u00ed hab\u00eda zonas en las que&nbsp;<strong>les pod\u00edan atacar<\/strong>,&nbsp;<a href=\"https:\/\/es.euronews.com\/2023\/12\/14\/aumentan-un-13-las-violaciones-graves-de-derechos-de-los-ninos-en-zonas-de-conflicto\">conocemos casos de secuestros&nbsp;<\/a>a estas personas a cambio de rescates\u00bb.<\/p>\n\n\n\n<h2 class=\"wp-block-heading\">\u00bfC\u00f3mo eran los Juegos Ol\u00edmpicos en la antiguedad?<\/h2>\n\n\n\n<p>No obstante, los Juegos Ol\u00edmpicos eran mayormente respetados por la gloria de sus propios dioses y los atletas eran \u00ablos grandes h\u00e9roes nacionales, sus victorias eran individuales, pero inmediatamente las &#8216;polis&#8217; las asum\u00edan como un elemento de prestigio porque&nbsp;<strong>tener muchos vencedores ol\u00edmpicos era un hecho muy importante<\/strong>, tanto que en ocasiones les otorgaban el derecho a ser alimentados con un cargo p\u00fablico durante toda su vida, les hac\u00edan monumentos y les cantaban canciones\u00bb, a\u00f1ade el catedr\u00e1tico.<\/p>\n\n\n\n<figure class=\"wp-block-image\"><img decoding=\"async\" src=\"https:\/\/static.euronews.com\/articles\/stories\/08\/51\/74\/06\/808x528_cmsv2_6e562dbc-407d-51af-bb9d-eee4f5ffee8a-8517406.jpg\" alt=\"Encendido de la llama ol\u00edmpica en Olimpia, Grecia, en 1976.\"\/><figcaption><em>Encendido de la llama ol\u00edmpica en Olimpia, Grecia, en 1976.<\/em>Anonymous\/1976 AP<\/figcaption><\/figure>\n\n\n\n<p>El deporte, para los griegos,&nbsp;<strong>era mucho m\u00e1s que una actividad f\u00edsica<\/strong>, raz\u00f3n por la que era tan importante el triunfo en estas competiciones. La responsable de Asuntos Culturales de la embajada de Grecia en Espa\u00f1a suscribe que el deporte era&nbsp;<strong>\u00abun elemento clave para la vida pol\u00edtica<\/strong>&nbsp;a trav\u00e9s del que inculcaban a los j\u00f3venes la fe en la patria y en los dioses as\u00ed como el sentimiento de pertenencia y de respeto a los mayores\u00bb.<\/p>\n\n\n\n<blockquote class=\"wp-block-quote is-layout-flow wp-block-quote-is-layout-flow\"><p>Se preparaban para el inminente servicio militar, la guerra y, por supuesto, la vida del ciudadano<\/p><\/blockquote>\n\n\n\n<p>&nbsp;Yioula Salesiotou&nbsp;Responsable de Asuntos Culturales de la Embajada de Grecia en Espa\u00f1a<\/p>\n\n\n\n<p>\u00abLos j\u00f3venes, a trav\u00e9s de las competiciones,&nbsp;<strong>se preparaban para el inminente servicio militar, la guerra<\/strong>&nbsp;y, por supuesto, la vida del ciudadano en general\u00bb, a\u00f1ade. Y por eso, el triunfo deportivo se asociaba tambi\u00e9n, dice Francisco Javier G\u00f3mez, \u00abcon el prestigio y la gloria de cada ciudad\u00bb.<\/p>\n\n\n\n<p>El historiador remarca que la tregua ol\u00edmpica \u00abes el\u00a0<strong>legado<\/strong>\u00a0que debemos tener del mundo antiguo y de los griegos\u00bb. Sin embargo, en vista de los \u00faltimos acontecimientos parece que esta tradici\u00f3n pacifista en honor de los dioses\u00a0<strong>est\u00e1 lejos de respetarse este a\u00f1o<\/strong>\u00a0en el que, si todo sigue como hasta ahora, los ataques no cesar\u00e1n en favor de la paz y el deporte.<\/p>\n\n\n\n<p>Fuente: <a href=\"https:\/\/es.euronews.com\/2024\/06\/20\/asi-eran-las-antiguas-ekecheiras-las-treguas-olimpicas-que-la-onu-quiere-recuperar\">https:\/\/es.euronews.com\/2024\/06\/20\/asi-eran-las-antiguas-ekecheiras-las-treguas-olimpicas-que-la-onu-quiere-recuperar<\/a><\/p>\n","protected":false},"excerpt":{"rendered":"<p>Una resoluci\u00f3n de la Asamblea General de las Naciones Unidas pidi\u00f3 en 2023 un alto el fuego en los conflictos [&hellip;]<\/p>\n","protected":false},"author":1,"featured_media":77361,"comment_status":"open","ping_status":"open","sticky":false,"template":"","format":"standard","meta":{"site-sidebar-layout":"default","site-content-layout":"","ast-site-content-layout":"default","site-content-style":"default","site-sidebar-style":"default","ast-global-header-display":"","ast-banner-title-visibility":"","ast-main-header-display":"","ast-hfb-above-header-display":"","ast-hfb-below-header-display":"","ast-hfb-mobile-header-display":"","site-post-title":"","ast-breadcrumbs-content":"","ast-featured-img":"","footer-sml-layout":"","theme-transparent-header-meta":"","adv-header-id-meta":"","stick-header-meta":"","header-above-stick-meta":"","header-main-stick-meta":"","header-below-stick-meta":"","astra-migrate-meta-layouts":"default","ast-page-background-enabled":"default","ast-page-background-meta":{"desktop":{"background-color":"var(--ast-global-color-4)","background-image":"","background-repeat":"repeat","background-position":"center center","background-size":"auto","background-attachment":"scroll","background-type":"","background-media":"","overlay-type":"","overlay-color":"","overlay-opacity":"","overlay-gradient":""},"tablet":{"background-color":"","background-image":"","background-repeat":"repeat","background-position":"center center","background-size":"auto","background-attachment":"scroll","background-type":"","background-media":"","overlay-type":"","overlay-color":"","overlay-opacity":"","overlay-gradient":""},"mobile":{"background-color":"","background-image":"","background-repeat":"repeat","background-position":"center center","background-size":"auto","background-attachment":"scroll","background-type":"","background-media":"","overlay-type":"","overlay-color":"","overlay-opacity":"","overlay-gradient":""}},"ast-content-background-meta":{"desktop":{"background-color":"var(--ast-global-color-5)","background-image":"","background-repeat":"repeat","background-position":"center center","background-size":"auto","background-attachment":"scroll","background-type":"","background-media":"","overlay-type":"","overlay-color":"","overlay-opacity":"","overlay-gradient":""},"tablet":{"background-color":"var(--ast-global-color-5)","background-image":"","background-repeat":"repeat","background-position":"center center","background-size":"auto","background-attachment":"scroll","background-type":"","background-media":"","overlay-type":"","overlay-color":"","overlay-opacity":"","overlay-gradient":""},"mobile":{"background-color":"var(--ast-global-color-5)","background-image":"","background-repeat":"repeat","background-position":"center center","background-size":"auto","background-attachment":"scroll","background-type":"","background-media":"","overlay-type":"","overlay-color":"","overlay-opacity":"","overlay-gradient":""}},"footnotes":""},"categories":[8],"tags":[26393,177,26394],"class_list":["post-77358","post","type-post","status-publish","format-standard","has-post-thumbnail","hentry","category-noticias","tag-ekecheiras-olimpicas","tag-onu","tag-treguas-olimpicas"],"_links":{"self":[{"href":"https:\/\/losperiodistas.com.mx\/portal\/wp-json\/wp\/v2\/posts\/77358","targetHints":{"allow":["GET"]}}],"collection":[{"href":"https:\/\/losperiodistas.com.mx\/portal\/wp-json\/wp\/v2\/posts"}],"about":[{"href":"https:\/\/losperiodistas.com.mx\/portal\/wp-json\/wp\/v2\/types\/post"}],"author":[{"embeddable":true,"href":"https:\/\/losperiodistas.com.mx\/portal\/wp-json\/wp\/v2\/users\/1"}],"replies":[{"embeddable":true,"href":"https:\/\/losperiodistas.com.mx\/portal\/wp-json\/wp\/v2\/comments?post=77358"}],"version-history":[{"count":1,"href":"https:\/\/losperiodistas.com.mx\/portal\/wp-json\/wp\/v2\/posts\/77358\/revisions"}],"predecessor-version":[{"id":77362,"href":"https:\/\/losperiodistas.com.mx\/portal\/wp-json\/wp\/v2\/posts\/77358\/revisions\/77362"}],"wp:featuredmedia":[{"embeddable":true,"href":"https:\/\/losperiodistas.com.mx\/portal\/wp-json\/wp\/v2\/media\/77361"}],"wp:attachment":[{"href":"https:\/\/losperiodistas.com.mx\/portal\/wp-json\/wp\/v2\/media?parent=77358"}],"wp:term":[{"taxonomy":"category","embeddable":true,"href":"https:\/\/losperiodistas.com.mx\/portal\/wp-json\/wp\/v2\/categories?post=77358"},{"taxonomy":"post_tag","embeddable":true,"href":"https:\/\/losperiodistas.com.mx\/portal\/wp-json\/wp\/v2\/tags?post=77358"}],"curies":[{"name":"wp","href":"https:\/\/api.w.org\/{rel}","templated":true}]}}