{"id":77344,"date":"2024-06-20T08:38:36","date_gmt":"2024-06-20T13:38:36","guid":{"rendered":"https:\/\/losperiodistas.com.mx\/portal\/?p=77344"},"modified":"2024-06-20T08:38:39","modified_gmt":"2024-06-20T13:38:39","slug":"sre-roban-mas-de-6-mil-libretas-para-pasaportes-sdp","status":"publish","type":"post","link":"https:\/\/losperiodistas.com.mx\/portal\/sre-roban-mas-de-6-mil-libretas-para-pasaportes-sdp\/","title":{"rendered":"SRE: Roban m\u00e1s de 6 mil libretas para pasaportes | SDP"},"content":{"rendered":"\n<p class=\"has-medium-font-size\">SRE solicit\u00f3 a su personal estar atento en caso de que se presenten folios de libretas de pasaportes robadas<\/p>\n\n\n\n<p><\/p>\n\n\n\n<figure class=\"wp-block-image size-large\"><img fetchpriority=\"high\" decoding=\"async\" width=\"1024\" height=\"572\" src=\"https:\/\/losperiodistas.com.mx\/portal\/wp-content\/uploads\/2024\/06\/Captura-de-Pantalla-2024-06-20-a-las-7.31.54-1024x572.jpg\" alt=\"\" class=\"wp-image-77345\" srcset=\"https:\/\/losperiodistas.com.mx\/portal\/wp-content\/uploads\/2024\/06\/Captura-de-Pantalla-2024-06-20-a-las-7.31.54-1024x572.jpg 1024w, https:\/\/losperiodistas.com.mx\/portal\/wp-content\/uploads\/2024\/06\/Captura-de-Pantalla-2024-06-20-a-las-7.31.54-300x168.jpg 300w, https:\/\/losperiodistas.com.mx\/portal\/wp-content\/uploads\/2024\/06\/Captura-de-Pantalla-2024-06-20-a-las-7.31.54-768x429.jpg 768w, https:\/\/losperiodistas.com.mx\/portal\/wp-content\/uploads\/2024\/06\/Captura-de-Pantalla-2024-06-20-a-las-7.31.54.jpg 1282w\" sizes=\"(max-width: 1024px) 100vw, 1024px\" \/><figcaption><strong>PASAPORTE MEXICANO\u00a0<\/strong>(VICTORIA VALTIERRA RUVALCABA\/CUARTOSCURO)<\/figcaption><\/figure>\n\n\n\n<p><\/p>\n\n\n\n<p class=\"has-vivid-red-color has-text-color has-medium-font-size\"><strong>Rodrigo EK \/ SDP Noticias<\/strong><\/p>\n\n\n\n<p>M\u00e1s de seis mil&nbsp;<strong>libretas para pasaportes<\/strong>&nbsp;fueron&nbsp;<strong>robadas<\/strong>&nbsp;a la&nbsp;<strong>Secretar\u00eda de Relaciones Exteriores<\/strong>&nbsp;(<a href=\"https:\/\/www.sdpnoticias.com\/internacional\/accidente-de-camion-con-migrantes-en-florida-sre-confirma-a-mexicanos-entre-las-victimas-reportan-al-menos-8-muertos\/\" target=\"_blank\" rel=\"noreferrer noopener\"><strong>SRE<\/strong><\/a>) durante la noche del mi\u00e9rcoles 19 de junio.<\/p>\n\n\n\n<p>Una comunicaci\u00f3n interna de la Direcci\u00f3n General de Servicios Consulares de la SRE inform\u00f3 que fueron robadas&nbsp;<strong>6 mil 177 libretas<\/strong>&nbsp;para&nbsp;<strong>pasaportes<\/strong>&nbsp;que hab\u00edan sido enviadas y ten\u00edan como destino oficinas de Quintana Roo, Tabasco, Tlaxcala, Veracruz y Yucat\u00e1n.<\/p>\n\n\n\n<figure class=\"wp-block-image\"><img decoding=\"async\" src=\"https:\/\/www.sdpnoticias.com\/resizer\/v2\/6BL33DI56VN3HKL7PQ5RKNNBEU.png?smart=true&amp;auth=b799c8dbff34e4f98e99b87b044d6e15bec9dca469767930f67dfb5416fc8a12&amp;width=1315&amp;height=740\" alt=\"Pasaporte\"\/><figcaption><strong>PASAPORTE&nbsp;<\/strong>(ARCHIVO CUARTOSCURO)<\/figcaption><\/figure>\n\n\n\n<h2 class=\"wp-block-heading\">SRE solicita a su personal estar atento en caso de que se presenten folios de libretas de pasaportes robadas<\/h2>\n\n\n\n<p>Tras el reporte de&nbsp;<strong>robo<\/strong>&nbsp;de m\u00e1s de seis mil&nbsp;<strong>libretas para pasaportes<\/strong>, la&nbsp;<strong>SRE&nbsp;<\/strong>solicit\u00f3 a su personal de embajadas y consulados en el pa\u00eds y el extranjero estar atentos en caso de que&nbsp;se presenten folios&nbsp;de las libretas hurtadas para que sean&nbsp;<strong>retenidas<\/strong>.<\/p>\n\n\n\n<p>Inicialmente, Servicios Consulares de la canciller\u00eda alertaba por el robo de 6 mil 311 libretas, pero m\u00e1s tarde confirm\u00f3 que 134 de ellas no contaban con un folio.<\/p>\n\n\n\n<p>Hasta la ma\u00f1ana de este jueves 20 de junio, la\u00a0<strong>SRE no ha brindado informaci\u00f3n sobre este nuevo robo de libretas para pasaportes<\/strong>.<\/p>\n\n\n\n<p>De tal manera que no se sabe con precisi\u00f3n c\u00f3mo ocurri\u00f3 el robo ni en qu\u00e9 lugar.<\/p>\n\n\n\n<figure class=\"wp-block-embed is-type-rich is-provider-twitter wp-block-embed-twitter\"><div class=\"wp-block-embed__wrapper\">\n<blockquote class=\"twitter-tweet\" data-width=\"500\" data-dnt=\"true\"><p lang=\"es\" dir=\"ltr\">\ud83d\udea8 Urgente: Roban m\u00e1s de 6 mil libretas para pasaporte a la Secretar\u00eda de Relaciones Exteriores (<a href=\"https:\/\/twitter.com\/SRE_mx?ref_src=twsrc%5Etfw\">@SRE_mx<\/a>). La Direcci\u00f3n General de Servicios Consulares pide a su personal estar atentos para identificar y retener estos folios. <a href=\"https:\/\/twitter.com\/hashtag\/Seguridad?src=hash&amp;ref_src=twsrc%5Etfw\">#Seguridad<\/a> <a href=\"https:\/\/twitter.com\/hashtag\/Pasaportes?src=hash&amp;ref_src=twsrc%5Etfw\">#Pasaportes<\/a> <a href=\"https:\/\/t.co\/LYQ6dy3fwf\">pic.twitter.com\/LYQ6dy3fwf<\/a><\/p>&mdash; LuisCardenasMX (@LuisCardenasMx) <a href=\"https:\/\/twitter.com\/LuisCardenasMx\/status\/1803656576928264441?ref_src=twsrc%5Etfw\">June 20, 2024<\/a><\/blockquote><script async src=\"https:\/\/platform.twitter.com\/widgets.js\" charset=\"utf-8\"><\/script>\n<\/div><\/figure>\n\n\n\n<h2 class=\"wp-block-heading\">No es el primer robo de libretas para pasaportes a la SRE; en 2021 ya hab\u00eda ocurrido<\/h2>\n\n\n\n<p>En 2021, la&nbsp;<strong>SRE<\/strong>&nbsp;tambi\u00e9n fue v\u00edctima de robo de&nbsp;<strong>libretas para pasaportes<\/strong>&nbsp;que se dirig\u00edan a Estados Unidos y China, espec\u00edficamente a los consulados de M\u00e9xico en&nbsp;las ciudades de&nbsp;<strong>Nueva York y Guangzhou<\/strong>.<\/p>\n\n\n\n<p>La canciller\u00eda alert\u00f3 que el robo de los materiales podr\u00eda ser usado para fabricar\u00a0pasaportes falsos en Estados Unidos.<\/p>\n\n\n\n<p>El material habr\u00eda sido robado a la SRE en la aduana ubicada en&nbsp;<strong>Memphis, Tennessee<\/strong>.<\/p>\n\n\n\n<p>El env\u00edo de los pasaportes consist\u00eda en 20 paquetes con 4 mil l\u00e1minas para pasaporte tipo G, los cuales ten\u00edan un peso aproximado de 7 kilos.<\/p>\n\n\n\n<p>Fuente: <a href=\"https:\/\/www.sdpnoticias.com\/mexico\/sre-roban-mas-de-6-mil-libretas-para-pasaportes\/\">https:\/\/www.sdpnoticias.com\/mexico\/sre-roban-mas-de-6-mil-libretas-para-pasaportes\/<\/a><\/p>\n","protected":false},"excerpt":{"rendered":"<p>SRE solicit\u00f3 a su personal estar atento en caso de que se presenten folios de libretas de pasaportes robadas Rodrigo [&hellip;]<\/p>\n","protected":false},"author":1,"featured_media":77345,"comment_status":"open","ping_status":"open","sticky":false,"template":"","format":"standard","meta":{"site-sidebar-layout":"default","site-content-layout":"","ast-site-content-layout":"default","site-content-style":"default","site-sidebar-style":"default","ast-global-header-display":"","ast-banner-title-visibility":"","ast-main-header-display":"","ast-hfb-above-header-display":"","ast-hfb-below-header-display":"","ast-hfb-mobile-header-display":"","site-post-title":"","ast-breadcrumbs-content":"","ast-featured-img":"","footer-sml-layout":"","theme-transparent-header-meta":"","adv-header-id-meta":"","stick-header-meta":"","header-above-stick-meta":"","header-main-stick-meta":"","header-below-stick-meta":"","astra-migrate-meta-layouts":"default","ast-page-background-enabled":"default","ast-page-background-meta":{"desktop":{"background-color":"var(--ast-global-color-4)","background-image":"","background-repeat":"repeat","background-position":"center center","background-size":"auto","background-attachment":"scroll","background-type":"","background-media":"","overlay-type":"","overlay-color":"","overlay-opacity":"","overlay-gradient":""},"tablet":{"background-color":"","background-image":"","background-repeat":"repeat","background-position":"center center","background-size":"auto","background-attachment":"scroll","background-type":"","background-media":"","overlay-type":"","overlay-color":"","overlay-opacity":"","overlay-gradient":""},"mobile":{"background-color":"","background-image":"","background-repeat":"repeat","background-position":"center center","background-size":"auto","background-attachment":"scroll","background-type":"","background-media":"","overlay-type":"","overlay-color":"","overlay-opacity":"","overlay-gradient":""}},"ast-content-background-meta":{"desktop":{"background-color":"var(--ast-global-color-5)","background-image":"","background-repeat":"repeat","background-position":"center center","background-size":"auto","background-attachment":"scroll","background-type":"","background-media":"","overlay-type":"","overlay-color":"","overlay-opacity":"","overlay-gradient":""},"tablet":{"background-color":"var(--ast-global-color-5)","background-image":"","background-repeat":"repeat","background-position":"center center","background-size":"auto","background-attachment":"scroll","background-type":"","background-media":"","overlay-type":"","overlay-color":"","overlay-opacity":"","overlay-gradient":""},"mobile":{"background-color":"var(--ast-global-color-5)","background-image":"","background-repeat":"repeat","background-position":"center center","background-size":"auto","background-attachment":"scroll","background-type":"","background-media":"","overlay-type":"","overlay-color":"","overlay-opacity":"","overlay-gradient":""}},"footnotes":""},"categories":[8],"tags":[26390,8384],"class_list":["post-77344","post","type-post","status-publish","format-standard","has-post-thumbnail","hentry","category-noticias","tag-roban-libretas-de-pasapoprtes-mexicanos","tag-sre"],"_links":{"self":[{"href":"https:\/\/losperiodistas.com.mx\/portal\/wp-json\/wp\/v2\/posts\/77344","targetHints":{"allow":["GET"]}}],"collection":[{"href":"https:\/\/losperiodistas.com.mx\/portal\/wp-json\/wp\/v2\/posts"}],"about":[{"href":"https:\/\/losperiodistas.com.mx\/portal\/wp-json\/wp\/v2\/types\/post"}],"author":[{"embeddable":true,"href":"https:\/\/losperiodistas.com.mx\/portal\/wp-json\/wp\/v2\/users\/1"}],"replies":[{"embeddable":true,"href":"https:\/\/losperiodistas.com.mx\/portal\/wp-json\/wp\/v2\/comments?post=77344"}],"version-history":[{"count":1,"href":"https:\/\/losperiodistas.com.mx\/portal\/wp-json\/wp\/v2\/posts\/77344\/revisions"}],"predecessor-version":[{"id":77346,"href":"https:\/\/losperiodistas.com.mx\/portal\/wp-json\/wp\/v2\/posts\/77344\/revisions\/77346"}],"wp:featuredmedia":[{"embeddable":true,"href":"https:\/\/losperiodistas.com.mx\/portal\/wp-json\/wp\/v2\/media\/77345"}],"wp:attachment":[{"href":"https:\/\/losperiodistas.com.mx\/portal\/wp-json\/wp\/v2\/media?parent=77344"}],"wp:term":[{"taxonomy":"category","embeddable":true,"href":"https:\/\/losperiodistas.com.mx\/portal\/wp-json\/wp\/v2\/categories?post=77344"},{"taxonomy":"post_tag","embeddable":true,"href":"https:\/\/losperiodistas.com.mx\/portal\/wp-json\/wp\/v2\/tags?post=77344"}],"curies":[{"name":"wp","href":"https:\/\/api.w.org\/{rel}","templated":true}]}}