{"id":77325,"date":"2024-06-20T07:00:24","date_gmt":"2024-06-20T12:00:24","guid":{"rendered":"https:\/\/losperiodistas.com.mx\/portal\/?p=77325"},"modified":"2024-06-20T07:00:26","modified_gmt":"2024-06-20T12:00:26","slug":"mexico-tiene-muchas-posibilidades-de-inversion-dice-citigroup-a-sheinbaum-la-jornada","status":"publish","type":"post","link":"https:\/\/losperiodistas.com.mx\/portal\/mexico-tiene-muchas-posibilidades-de-inversion-dice-citigroup-a-sheinbaum-la-jornada\/","title":{"rendered":"\u201cM\u00e9xico tiene muchas posibilidades de inversi\u00f3n\u201d, dice Citigroup a Sheinbaum | La Jornada"},"content":{"rendered":"\n<figure class=\"wp-block-image size-large\"><img fetchpriority=\"high\" decoding=\"async\" width=\"1024\" height=\"684\" src=\"https:\/\/losperiodistas.com.mx\/portal\/wp-content\/uploads\/2024\/06\/Captura-de-Pantalla-2024-06-20-a-las-5.54.21-1024x684.jpg\" alt=\"\" class=\"wp-image-77326\" srcset=\"https:\/\/losperiodistas.com.mx\/portal\/wp-content\/uploads\/2024\/06\/Captura-de-Pantalla-2024-06-20-a-las-5.54.21-1024x684.jpg 1024w, https:\/\/losperiodistas.com.mx\/portal\/wp-content\/uploads\/2024\/06\/Captura-de-Pantalla-2024-06-20-a-las-5.54.21-300x201.jpg 300w, https:\/\/losperiodistas.com.mx\/portal\/wp-content\/uploads\/2024\/06\/Captura-de-Pantalla-2024-06-20-a-las-5.54.21-768x513.jpg 768w, https:\/\/losperiodistas.com.mx\/portal\/wp-content\/uploads\/2024\/06\/Captura-de-Pantalla-2024-06-20-a-las-5.54.21-1536x1027.jpg 1536w, https:\/\/losperiodistas.com.mx\/portal\/wp-content\/uploads\/2024\/06\/Captura-de-Pantalla-2024-06-20-a-las-5.54.21.jpg 1598w\" sizes=\"(max-width: 1024px) 100vw, 1024px\" \/><figcaption>Tras el encuentro, Sheinbaum dijo a los medios que la directora del consorcio estadounidense le resalt\u00f3 que \u201cM\u00e9xico tiene ahora muchas posibilidades de inversi\u00f3n y hablamos de que no hay ning\u00fan problema con la reforma judicial\u201d. Foto tomada de X @Claudiashein<\/figcaption><\/figure>\n\n\n\n<p class=\"has-vivid-red-color has-text-color has-medium-font-size\"><strong>Alma E. Mu\u00f1oz \/ Julio Guti\u00e9rrez \/ La Jornada<\/strong><\/p>\n\n\n\n<p>Ciudad de M\u00e9xico. Jane Fraser, directora de Citigroup a nivel internacional, sostuvo una reuni\u00f3n con Claudia Sheinbaum, virtual presidenta electa de M\u00e9xico, a quien le manifest\u00f3 que el pa\u00eds ahora tiene \u201cmuchas posibilidades de inversi\u00f3n\u201d, en un d\u00eda en el que tambi\u00e9n mantuvo un encuentro con Rogelio Ram\u00edrez de la O, titular de la Secretar\u00eda de Hacienda y Cr\u00e9dito P\u00fablico (SHCP).<\/p>\n\n\n\n<p>Tras el encuentro, Sheinbaum dijo a los medios que la directora del consorcio estadounidense le resalt\u00f3 que \u201cM\u00e9xico tiene ahora muchas posibilidades de inversi\u00f3n y hablamos de que no hay ning\u00fan problema con la reforma judicial\u201d.<\/p>\n\n\n\n<p>Al ser cuestionada sobre si Fraser manifest\u00f3 preocupaci\u00f3n sobre la reforma al poder judicial, la virtual presidenta expres\u00f3 que \u201cal rev\u00e9s. M\u00e1s bien dijo que era importante que se difundiera lo que se requer\u00eda, que es lo que se estaba planteando y si eso ten\u00eda alg\u00fan impacto en las inversiones. Le explicamos que no tiene ninguno, que es una cuesti\u00f3n interna y que la ley de todas maneras se tiene que cumplir\u2026 Ella ve muy bien al pa\u00eds\u201d.<\/p>\n\n\n\n<p>Seg\u00fan Sheinbaum, el encuentro fue productivo y consider\u00f3 que Fraser \u201ces una mujer muy inteligente. La verdad es de las mujeres, yo creo, que m\u00e1s conoce la situaci\u00f3n, no solo financiera sino de pol\u00edtica mundial y muy interesante la conversaci\u00f3n y muy a la expectativa de M\u00e9xico\u201d.<\/p>\n\n\n\n<figure class=\"wp-block-embed is-type-rich is-provider-twitter wp-block-embed-twitter\"><div class=\"wp-block-embed__wrapper\">\n<blockquote class=\"twitter-tweet\" data-width=\"500\" data-dnt=\"true\"><p lang=\"es\" dir=\"ltr\">Me reun\u00ed con Jane Fraser, CEO de Citigroup. Una mujer muy inteligente y con reconocimiento por nuestro pa\u00eds. Me dio mucho gusto conversar con ella sobre el momento que vive M\u00e9xico y nuestro futuro promisorio. <a href=\"https:\/\/t.co\/F22g30bVA3\">pic.twitter.com\/F22g30bVA3<\/a><\/p>&mdash; Claudia Sheinbaum Pardo (@Claudiashein) <a href=\"https:\/\/twitter.com\/Claudiashein\/status\/1803601580874154383?ref_src=twsrc%5Etfw\">June 20, 2024<\/a><\/blockquote><script async src=\"https:\/\/platform.twitter.com\/widgets.js\" charset=\"utf-8\"><\/script>\n<\/div><\/figure>\n\n\n\n<p>Fraser y la virtual presidenta electa abordaron la situaci\u00f3n de Citibanamex, instituci\u00f3n que se encuentra en proceso de venta, y tambi\u00e9n sobre los proyectos del nuevo gobierno.<\/p>\n\n\n\n<p>Cuestionada sobre si la directora de Fraser le dio detalles sobre la venta de Banamex, Sheinbaum se\u00f1al\u00f3 que ese tema \u201clo vamos a platicar en una siguiente reuni\u00f3n, cuando yo entre al gobierno\u2026 Platicamos sobre la importancia de M\u00e9xico y como lo vemos nosotros, fue una reuni\u00f3n muy productiva\u201d.<\/p>\n\n\n\n<p>Por separado, Citi inform\u00f3 que Fraser felicit\u00f3 a Sheinbaum por su \u201chist\u00f3rico triunfo\u201d en los comicios del pasado 2 de junio y \u201ccelebr\u00f3 que \u00e9ste se haya dado en un ambiente democr\u00e1tico, expresando su benepl\u00e1cito porque M\u00e9xico tendr\u00e1 por primera ocasi\u00f3n una mujer presidenta\u201d.<\/p>\n\n\n\n<p>Sostuvo que Jane Fraser refrend\u00f3 al gobierno entrante el compromiso de la instituci\u00f3n con M\u00e9xico e intercambiaron ideas sobre las oportunidades que ofrece el pa\u00eds en los pr\u00f3ximos a\u00f1os y el respaldo del consorcio \u201ca los proyectos econ\u00f3micos sostenibles y con bienestar compartido que ha planteado la presidenta electa y que ambas l\u00edderes comparten\u201d.<\/p>\n\n\n\n<p>Al mismo tiempo, la banquera recalc\u00f3 que para el segundo semestre de este a\u00f1o, se dar\u00e1 la separaci\u00f3n de Citi y de Banamex, con lo que el consorcio estadounidense se quedar\u00e1 con las cuentas de alto y valor, y la parte mexicana, la que est\u00e1 en el proceso de venta, con la banca minorista.<\/p>\n\n\n\n<p>Sobre la reuni\u00f3n que tuvo Fraser con Ram\u00edrez de la O, en la que tambi\u00e9n estuvo presente Manuel Romo, director general de Citibanamex, y Ernesto Torres Cant\u00fa, director de Citi Internacional, no se dieron detalles.<\/p>\n\n\n\n<p>Fuente: <a href=\"https:\/\/www.jornada.com.mx\/noticia\/2024\/06\/19\/economia\/201cmexico-tiene-muchas-posibilidades-de-inversion201d-dice-citigroup-a-sheinbaum-3512\">https:\/\/www.jornada.com.mx\/noticia\/2024\/06\/19\/economia\/201cmexico-tiene-muchas-posibilidades-de-inversion201d-dice-citigroup-a-sheinbaum-3512<\/a><\/p>\n","protected":false},"excerpt":{"rendered":"<p>Alma E. Mu\u00f1oz \/ Julio Guti\u00e9rrez \/ La Jornada Ciudad de M\u00e9xico. Jane Fraser, directora de Citigroup a nivel internacional, [&hellip;]<\/p>\n","protected":false},"author":1,"featured_media":77326,"comment_status":"open","ping_status":"open","sticky":false,"template":"","format":"standard","meta":{"site-sidebar-layout":"default","site-content-layout":"","ast-site-content-layout":"default","site-content-style":"default","site-sidebar-style":"default","ast-global-header-display":"","ast-banner-title-visibility":"","ast-main-header-display":"","ast-hfb-above-header-display":"","ast-hfb-below-header-display":"","ast-hfb-mobile-header-display":"","site-post-title":"","ast-breadcrumbs-content":"","ast-featured-img":"","footer-sml-layout":"","theme-transparent-header-meta":"","adv-header-id-meta":"","stick-header-meta":"","header-above-stick-meta":"","header-main-stick-meta":"","header-below-stick-meta":"","astra-migrate-meta-layouts":"default","ast-page-background-enabled":"default","ast-page-background-meta":{"desktop":{"background-color":"var(--ast-global-color-4)","background-image":"","background-repeat":"repeat","background-position":"center center","background-size":"auto","background-attachment":"scroll","background-type":"","background-media":"","overlay-type":"","overlay-color":"","overlay-opacity":"","overlay-gradient":""},"tablet":{"background-color":"","background-image":"","background-repeat":"repeat","background-position":"center center","background-size":"auto","background-attachment":"scroll","background-type":"","background-media":"","overlay-type":"","overlay-color":"","overlay-opacity":"","overlay-gradient":""},"mobile":{"background-color":"","background-image":"","background-repeat":"repeat","background-position":"center center","background-size":"auto","background-attachment":"scroll","background-type":"","background-media":"","overlay-type":"","overlay-color":"","overlay-opacity":"","overlay-gradient":""}},"ast-content-background-meta":{"desktop":{"background-color":"var(--ast-global-color-5)","background-image":"","background-repeat":"repeat","background-position":"center center","background-size":"auto","background-attachment":"scroll","background-type":"","background-media":"","overlay-type":"","overlay-color":"","overlay-opacity":"","overlay-gradient":""},"tablet":{"background-color":"var(--ast-global-color-5)","background-image":"","background-repeat":"repeat","background-position":"center center","background-size":"auto","background-attachment":"scroll","background-type":"","background-media":"","overlay-type":"","overlay-color":"","overlay-opacity":"","overlay-gradient":""},"mobile":{"background-color":"var(--ast-global-color-5)","background-image":"","background-repeat":"repeat","background-position":"center center","background-size":"auto","background-attachment":"scroll","background-type":"","background-media":"","overlay-type":"","overlay-color":"","overlay-opacity":"","overlay-gradient":""}},"footnotes":""},"categories":[8],"tags":[6844,6945,5097],"class_list":["post-77325","post","type-post","status-publish","format-standard","has-post-thumbnail","hentry","category-noticias","tag-citigroup","tag-jane-fraser","tag-mexico-inversiones"],"_links":{"self":[{"href":"https:\/\/losperiodistas.com.mx\/portal\/wp-json\/wp\/v2\/posts\/77325","targetHints":{"allow":["GET"]}}],"collection":[{"href":"https:\/\/losperiodistas.com.mx\/portal\/wp-json\/wp\/v2\/posts"}],"about":[{"href":"https:\/\/losperiodistas.com.mx\/portal\/wp-json\/wp\/v2\/types\/post"}],"author":[{"embeddable":true,"href":"https:\/\/losperiodistas.com.mx\/portal\/wp-json\/wp\/v2\/users\/1"}],"replies":[{"embeddable":true,"href":"https:\/\/losperiodistas.com.mx\/portal\/wp-json\/wp\/v2\/comments?post=77325"}],"version-history":[{"count":1,"href":"https:\/\/losperiodistas.com.mx\/portal\/wp-json\/wp\/v2\/posts\/77325\/revisions"}],"predecessor-version":[{"id":77327,"href":"https:\/\/losperiodistas.com.mx\/portal\/wp-json\/wp\/v2\/posts\/77325\/revisions\/77327"}],"wp:featuredmedia":[{"embeddable":true,"href":"https:\/\/losperiodistas.com.mx\/portal\/wp-json\/wp\/v2\/media\/77326"}],"wp:attachment":[{"href":"https:\/\/losperiodistas.com.mx\/portal\/wp-json\/wp\/v2\/media?parent=77325"}],"wp:term":[{"taxonomy":"category","embeddable":true,"href":"https:\/\/losperiodistas.com.mx\/portal\/wp-json\/wp\/v2\/categories?post=77325"},{"taxonomy":"post_tag","embeddable":true,"href":"https:\/\/losperiodistas.com.mx\/portal\/wp-json\/wp\/v2\/tags?post=77325"}],"curies":[{"name":"wp","href":"https:\/\/api.w.org\/{rel}","templated":true}]}}