{"id":77317,"date":"2024-06-20T06:38:48","date_gmt":"2024-06-20T11:38:48","guid":{"rendered":"https:\/\/losperiodistas.com.mx\/portal\/?p=77317"},"modified":"2024-06-20T06:38:51","modified_gmt":"2024-06-20T11:38:51","slug":"empresas-garantizan-42000-millones-de-dolares-de-inversion-inmediata-el-economista%ef%bf%bc","status":"publish","type":"post","link":"https:\/\/losperiodistas.com.mx\/portal\/empresas-garantizan-42000-millones-de-dolares-de-inversion-inmediata-el-economista%ef%bf%bc\/","title":{"rendered":"Empresas garantizan 42,000 millones de d\u00f3lares de inversi\u00f3n inmediata | El Economista\ufffc"},"content":{"rendered":"\n<p class=\"has-medium-font-size\">El presidente del CCE, Francisco Cervantes, dijo la ma\u00f1ana de este mi\u00e9rcoles que los empresarios est\u00e1n dispuestos a abordar con apertura la agenda de reformas constitucionales del oficialismo, en reuni\u00f3n de la IP\u00a0nacional con la virtual presidenta electa de M\u00e9xico,\u00a0Claudia Sheinbaum.<a href=\"https:\/\/api.whatsapp.com\/send?text=https%3A%2F%2Fwww.eleconomista.com.mx%2Fempresas%2FCCE-a-Sheinbaum-Hay-disposicion-de-abordar-con-apertura-la-agenda-de-reformas-constitucionales-20240619-0033.html\" target=\"_blank\" rel=\"noreferrer noopener\"><\/a><a href=\"https:\/\/twitter.com\/intent\/tweet?text=Empresas%20garantizan%2042%2C000%20millones%20de%20d%C3%B3lares%20de%20inversi%C3%B3n%20inmediata&amp;url=https%3A%2F%2Fwww.eleconomista.com.mx%2Fempresas%2FCCE-a-Sheinbaum-Hay-disposicion-de-abordar-con-apertura-la-agenda-de-reformas-constitucionales-20240619-0033.html\" target=\"_blank\" rel=\"noreferrer noopener\"><\/a><a href=\"https:\/\/www.facebook.com\/sharer\/sharer.php?u=https%3A%2F%2Fwww.eleconomista.com.mx%2Fempresas%2FCCE-a-Sheinbaum-Hay-disposicion-de-abordar-con-apertura-la-agenda-de-reformas-constitucionales-20240619-0033.html\" target=\"_blank\" rel=\"noreferrer noopener\"><\/a><a href=\"https:\/\/www.linkedin.com\/sharing\/share-offsite\/?url=https%3A%2F%2Fwww.eleconomista.com.mx%2Fempresas%2FCCE-a-Sheinbaum-Hay-disposicion-de-abordar-con-apertura-la-agenda-de-reformas-constitucionales-20240619-0033.html\" target=\"_blank\" rel=\"noreferrer noopener\"><\/a><\/p>\n\n\n\n<p><\/p>\n\n\n\n<figure class=\"wp-block-image size-large\"><img fetchpriority=\"high\" decoding=\"async\" width=\"1024\" height=\"637\" src=\"https:\/\/losperiodistas.com.mx\/portal\/wp-content\/uploads\/2024\/06\/Captura-de-Pantalla-2024-06-20-a-las-5.31.50-1024x637.jpg\" alt=\"\" class=\"wp-image-77318\" srcset=\"https:\/\/losperiodistas.com.mx\/portal\/wp-content\/uploads\/2024\/06\/Captura-de-Pantalla-2024-06-20-a-las-5.31.50-1024x637.jpg 1024w, https:\/\/losperiodistas.com.mx\/portal\/wp-content\/uploads\/2024\/06\/Captura-de-Pantalla-2024-06-20-a-las-5.31.50-300x187.jpg 300w, https:\/\/losperiodistas.com.mx\/portal\/wp-content\/uploads\/2024\/06\/Captura-de-Pantalla-2024-06-20-a-las-5.31.50-768x478.jpg 768w, https:\/\/losperiodistas.com.mx\/portal\/wp-content\/uploads\/2024\/06\/Captura-de-Pantalla-2024-06-20-a-las-5.31.50.jpg 1514w\" sizes=\"(max-width: 1024px) 100vw, 1024px\" \/><figcaption>Claudia Sheinbaum, virtual presidenta electa, y Francisco Cervantes, ayer mi\u00e9rcoles. Foto Especial<\/figcaption><\/figure>\n\n\n\n<p class=\"has-vivid-red-color has-text-color has-medium-font-size\"><strong>Lilia Gonz\u00e1lez \/ Arturo Rojas \/ El Economista<\/strong><\/p>\n\n\n\n<p>El presidente del\u00a0<strong>Consejo Coordinador Empresarial<\/strong>\u00a0(CCE),\u00a0<strong>Francisco Cervantes<\/strong>, dijo la ma\u00f1ana de este mi\u00e9rcoles que los empresarios est\u00e1n dispuestos a abordar con apertura la\u00a0<a href=\"https:\/\/www.eleconomista.com.mx\/empresas\/Fast-track-a-reforma-judicial-mala-senal-para-inversion-IP-20240616-0084.html\" target=\"_blank\" rel=\"noreferrer noopener\">agenda de reformas constitucionales<\/a>\u00a0del oficialismo, en reuni\u00f3n de la IP nacional con la virtual presidenta electa de M\u00e9xico,\u00a0<strong>Claudia Sheinbaum<\/strong>.<\/p>\n\n\n\n<p>Cervantes Diaz prometi\u00f3 con la presidenta electa de M\u00e9xico inversiones superiores a los 40,000 millones de d\u00f3lares, pero conmin\u00f3 a no \u201cequivocarse\u201d con la&nbsp;<strong>reforma judicial<\/strong>, pues la certeza jur\u00eddica es indispensable para los capitales.<\/p>\n\n\n\n<p>En su primera reuni\u00f3n con la virtual Presidenta del pa\u00eds, el CCE y un grupo amplio de empresarios, entre ellos los de&nbsp;<strong>FEMSA<\/strong>,&nbsp;<strong>Coppel<\/strong>,&nbsp;<strong>Cin\u00e9polis<\/strong>,&nbsp;<strong>Maseca<\/strong>, entre otros, adem\u00e1s de la presencia del embajador de Estados Unidos en M\u00e9xico,&nbsp;<strong>Ken Salazar<\/strong>, Cervantes D\u00edaz se comprometi\u00f3 a construir un futuro promisorio y que atienda retos.<\/p>\n\n\n\n<p>\u201cLa certeza jur\u00eddica es indispensable para seguir construyendo un pa\u00eds verdaderamente justo, para trabajadores y empresarios, para los j\u00f3venes que ven con esperanza el futuro, para las mujeres que demandan vivir con tranquilidad\u201d, le record\u00f3 el dirigente del CCE a Sheinbaum.<br><br>Reconoci\u00f3 las&nbsp;<a href=\"https:\/\/www.eleconomista.com.mx\/politica\/Seis-de-10-confia-algo-o-mucho-en-los-jueces-del-pais-20240617-0146.html\" target=\"_blank\" rel=\"noreferrer noopener\">fallas al sistema de justicia<\/a>, \u201cque nadie puede negar, socaban gravemente la convivencia arm\u00f3nica, lo sabemos y confirmamos todos los d\u00edas, por eso no tenemos margen para equivocarnos\u201d, en referencia a la pr\u00f3xima discusi\u00f3n de la reforma judicial.<\/p>\n\n\n\n<p>Durante su discurso, Francisco Cervantes dijo, \u201ctenemos coincidencia en abordar con apertura la agenda de reformas constitucionales planteadas, entre ellas la del Poder Judicial\u201d. Expuso que el \u00fanico camino que para trabajar en la agenda p\u00fablica es el di\u00e1logo, por lo que \u201ces muy importante sacar una buena reforma (judicial)\u201d.<\/p>\n\n\n\n<p>El presidente del CCE mencion\u00f3 que existen cuantiosas inversiones en curso, debido al potencial de crecimiento de M\u00e9xico, que son superiores a los 40,000 millones de d\u00f3lares.<\/p>\n\n\n\n<p>\u201cPara que vea el apoyo del sector y principalmente la confianza que hay en usted se\u00f1ora presidenta electa, en M\u00e9xico tenemos (inversiones ) por mencionar nada m\u00e1s algunas, quiero empezar por&nbsp;<strong>Femsa<\/strong>&nbsp;por encima de los 9,000 millones de d\u00f3lares, de&nbsp;<strong>TransCanada<\/strong>&nbsp;con 4,500 millones de d\u00f3lares, adem\u00e1s por&nbsp;<strong>Grupo M\u00e9xico<\/strong>, bastante interesante la inversi\u00f3n\u201d, se\u00f1al\u00f3.<\/p>\n\n\n\n<h2 class=\"wp-block-heading\">Sheinbaum&nbsp;buscar\u00e1 reducir d\u00e9ficit fiscal en 2025, descarta reforma fiscal<\/h2>\n\n\n\n<p>La presidenta electa dijo este mi\u00e9rcoles que el objetivo de gobierno que liderar\u00e1 a partir del 1 de octubre ser\u00e1 reducir el&nbsp;<a href=\"https:\/\/www.eleconomista.com.mx\/economia\/Termina-AMLO-con-el-mayor-deficit-fiscal-en-cuatro-sexenios-20240417-0024.html\" target=\"_blank\" rel=\"noreferrer noopener\">d\u00e9ficit fiscal<\/a>&nbsp;a un m\u00e1ximo de 3.5% del PIB en 2025 e inform\u00f3 que el indicador cerrar\u00e1 en un 5% en 2024 por el gasto para concluir varias obras gubernamentales.<\/p>\n\n\n\n<p>Sheinbaum Pardo descart\u00f3 tambi\u00e9n realizar una&nbsp;<strong>reforma fiscal<\/strong>&nbsp;y detall\u00f3 que buscar\u00e1 nuevos recursos para las arcas del Estado a partir de la digitalizaci\u00f3n del&nbsp;<strong>Servicio de Administraci\u00f3n Tributari<\/strong>a (SAT) y las aduanas nacionales.<\/p>\n\n\n\n<p>\u00abEstamos haciendo un presupuesto muy responsable. Nuestro objetivo es que el d\u00e9ficit en el 2025 llegue a un m\u00e1ximo del 3.5% del PIB, este a\u00f1o estar\u00e1 cerrando a m\u00e1s del 5%\u00bb, dijo la futura mandataria en el encuentro organizado por el CCE.<\/p>\n\n\n\n<p>Ya estamos trabajando en el presupuesto del 2025, vamos a reducir el d\u00e9ficit y nos va a permitir la planeaci\u00f3n de las obras estrat\u00e9gicas a partir del 2026&#8243;, agreg\u00f3.<\/p>\n\n\n\n<p><em>(Con informaci\u00f3n de Reuters)<\/em><\/p>\n\n\n\n<p>Fuente: <a href=\"https:\/\/www.eleconomista.com.mx\/empresas\/CCE-a-Sheinbaum-Hay-disposicion-de-abordar-con-apertura-la-agenda-de-reformas-constitucionales-20240619-0033.html\">https:\/\/www.eleconomista.com.mx\/empresas\/CCE-a-Sheinbaum-Hay-disposicion-de-abordar-con-apertura-la-agenda-de-reformas-constitucionales-20240619-0033.html<\/a><\/p>\n","protected":false},"excerpt":{"rendered":"<p>El presidente del CCE, Francisco Cervantes, dijo la ma\u00f1ana de este mi\u00e9rcoles que los empresarios est\u00e1n dispuestos a abordar con [&hellip;]<\/p>\n","protected":false},"author":1,"featured_media":77318,"comment_status":"open","ping_status":"open","sticky":false,"template":"","format":"standard","meta":{"site-sidebar-layout":"default","site-content-layout":"","ast-site-content-layout":"default","site-content-style":"default","site-sidebar-style":"default","ast-global-header-display":"","ast-banner-title-visibility":"","ast-main-header-display":"","ast-hfb-above-header-display":"","ast-hfb-below-header-display":"","ast-hfb-mobile-header-display":"","site-post-title":"","ast-breadcrumbs-content":"","ast-featured-img":"","footer-sml-layout":"","theme-transparent-header-meta":"","adv-header-id-meta":"","stick-header-meta":"","header-above-stick-meta":"","header-main-stick-meta":"","header-below-stick-meta":"","astra-migrate-meta-layouts":"default","ast-page-background-enabled":"default","ast-page-background-meta":{"desktop":{"background-color":"var(--ast-global-color-4)","background-image":"","background-repeat":"repeat","background-position":"center center","background-size":"auto","background-attachment":"scroll","background-type":"","background-media":"","overlay-type":"","overlay-color":"","overlay-opacity":"","overlay-gradient":""},"tablet":{"background-color":"","background-image":"","background-repeat":"repeat","background-position":"center center","background-size":"auto","background-attachment":"scroll","background-type":"","background-media":"","overlay-type":"","overlay-color":"","overlay-opacity":"","overlay-gradient":""},"mobile":{"background-color":"","background-image":"","background-repeat":"repeat","background-position":"center center","background-size":"auto","background-attachment":"scroll","background-type":"","background-media":"","overlay-type":"","overlay-color":"","overlay-opacity":"","overlay-gradient":""}},"ast-content-background-meta":{"desktop":{"background-color":"var(--ast-global-color-5)","background-image":"","background-repeat":"repeat","background-position":"center center","background-size":"auto","background-attachment":"scroll","background-type":"","background-media":"","overlay-type":"","overlay-color":"","overlay-opacity":"","overlay-gradient":""},"tablet":{"background-color":"var(--ast-global-color-5)","background-image":"","background-repeat":"repeat","background-position":"center center","background-size":"auto","background-attachment":"scroll","background-type":"","background-media":"","overlay-type":"","overlay-color":"","overlay-opacity":"","overlay-gradient":""},"mobile":{"background-color":"var(--ast-global-color-5)","background-image":"","background-repeat":"repeat","background-position":"center center","background-size":"auto","background-attachment":"scroll","background-type":"","background-media":"","overlay-type":"","overlay-color":"","overlay-opacity":"","overlay-gradient":""}},"footnotes":""},"categories":[8],"tags":[26376,26377,8264,26378,16903],"class_list":["post-77317","post","type-post","status-publish","format-standard","has-post-thumbnail","hentry","category-noticias","tag-42mmp-inversion-inmediata","tag-apertura-cce","tag-cce","tag-francisco-cervantes","tag-sheinbaum"],"_links":{"self":[{"href":"https:\/\/losperiodistas.com.mx\/portal\/wp-json\/wp\/v2\/posts\/77317","targetHints":{"allow":["GET"]}}],"collection":[{"href":"https:\/\/losperiodistas.com.mx\/portal\/wp-json\/wp\/v2\/posts"}],"about":[{"href":"https:\/\/losperiodistas.com.mx\/portal\/wp-json\/wp\/v2\/types\/post"}],"author":[{"embeddable":true,"href":"https:\/\/losperiodistas.com.mx\/portal\/wp-json\/wp\/v2\/users\/1"}],"replies":[{"embeddable":true,"href":"https:\/\/losperiodistas.com.mx\/portal\/wp-json\/wp\/v2\/comments?post=77317"}],"version-history":[{"count":1,"href":"https:\/\/losperiodistas.com.mx\/portal\/wp-json\/wp\/v2\/posts\/77317\/revisions"}],"predecessor-version":[{"id":77319,"href":"https:\/\/losperiodistas.com.mx\/portal\/wp-json\/wp\/v2\/posts\/77317\/revisions\/77319"}],"wp:featuredmedia":[{"embeddable":true,"href":"https:\/\/losperiodistas.com.mx\/portal\/wp-json\/wp\/v2\/media\/77318"}],"wp:attachment":[{"href":"https:\/\/losperiodistas.com.mx\/portal\/wp-json\/wp\/v2\/media?parent=77317"}],"wp:term":[{"taxonomy":"category","embeddable":true,"href":"https:\/\/losperiodistas.com.mx\/portal\/wp-json\/wp\/v2\/categories?post=77317"},{"taxonomy":"post_tag","embeddable":true,"href":"https:\/\/losperiodistas.com.mx\/portal\/wp-json\/wp\/v2\/tags?post=77317"}],"curies":[{"name":"wp","href":"https:\/\/api.w.org\/{rel}","templated":true}]}}