{"id":77310,"date":"2024-06-20T00:10:59","date_gmt":"2024-06-20T05:10:59","guid":{"rendered":"http:\/\/losperiodistas.com.mx\/portal\/?p=77310"},"modified":"2024-06-20T00:11:01","modified_gmt":"2024-06-20T05:11:01","slug":"gobierno-del-estado-toma-posesion-de-ex-hacienda-de-chautla-tras-vencerse-concesion","status":"publish","type":"post","link":"https:\/\/losperiodistas.com.mx\/portal\/gobierno-del-estado-toma-posesion-de-ex-hacienda-de-chautla-tras-vencerse-concesion\/","title":{"rendered":"Gobierno del estado toma posesi\u00f3n de la Ex Hacienda de Chautla tras vencerse concesi\u00f3n | El Sol de Puebla"},"content":{"rendered":"\n<p>El lugar hab\u00eda sido concesionado por el gobernador Rafael Moreno por 10 a\u00f1os a la cadena hotelera Misi\u00f3n.<\/p>\n\n\n\n<figure class=\"wp-block-image size-full\"><img fetchpriority=\"high\" decoding=\"async\" width=\"768\" height=\"479\" src=\"https:\/\/losperiodistas.com.mx\/portal\/wp-content\/uploads\/2024\/06\/EdoTomaPosesionDeExHaciendaDeChautla.jpg\" alt=\"Concesi\u00f3n Ex Hacienda de Chautla\" class=\"wp-image-77311\" srcset=\"https:\/\/losperiodistas.com.mx\/portal\/wp-content\/uploads\/2024\/06\/EdoTomaPosesionDeExHaciendaDeChautla.jpg 768w, https:\/\/losperiodistas.com.mx\/portal\/wp-content\/uploads\/2024\/06\/EdoTomaPosesionDeExHaciendaDeChautla-300x187.jpg 300w\" sizes=\"(max-width: 768px) 100vw, 768px\" \/><figcaption>En el lugar se not\u00f3 la presencia de elementos de la Polic\u00eda Estatal resguardando el inmueble. Foto: Pedro Alonso \/ El Sol de Puebla<\/figcaption><\/figure>\n\n\n\n<p class=\"has-vivid-red-color has-text-color\">Pedro Alonso \/ El Sol de Puebla<\/p>\n\n\n\n<p>Con el apoyo de la <strong>Polic\u00eda Estatal<\/strong>, el <strong>gobierno del estado tom\u00f3 posesi\u00f3n en su totalidad de la Ex Hacienda de Chautla<\/strong>, donde varios inmuebles fueron acondicionados como hotel, spa y alberca, los cuales eran operados por la<strong> cadena Misi\u00f3n<\/strong>. Como consecuencia, <strong>cientos de trabajadores se quedaron sin empleo <\/strong>al desconocer que no se renov\u00f3 la concesi\u00f3n.<\/p>\n\n\n\n<p>Es importante se\u00f1alar que en el <strong>Peri\u00f3dico Oficial del Estado de Puebla<\/strong>, con fecha 18 de junio del presente a\u00f1o, se declar\u00f3 la extinci\u00f3n del <strong><em>\u00abt\u00edtulo de concesi\u00f3n con fecha 23 de mayo de 2014\u00bb, <\/em><\/strong>otorgado por el organismo Convenciones y Parques a favor de la persona moral denominada Prohomi S.A. de C.V.<\/p>\n\n\n\n<p>Por lo tanto, se fij\u00f3 como fecha de restituci\u00f3n inmediata el mi\u00e9rcoles 19 de junio. Ese d\u00eda se not\u00f3 la <strong>presencia de elementos de la Polic\u00eda Estatal<\/strong> resguardando el inmueble, as\u00ed como trabajadores sacando sus pertenencias.<\/p>\n\n\n\n<p>Uno de los trabajadores coment\u00f3:<strong><em> \u201cMa\u00f1ana va a llegar un grupo de 150 personas, \u00bfqu\u00e9 les vamos a decir?\u201d. <\/em><\/strong>Otro de sus compa\u00f1eros agreg\u00f3: \u201cEl fin de semana el hotel estaba lleno\u201d.<\/p>\n\n\n\n<p>Es importante recordar que seg\u00fan la cadena hotelera \u00abMisi\u00f3n\u00bb, el inmueble era promocionado en su p\u00e1gina de internet como un <strong>hotel de lujo con 120 habitaciones sofisticadas y lujosas<\/strong>, donde el costo por noche superaba los mil pesos.<\/p>\n\n\n\n<p>Tras<strong> invertir 140 millones de pesos <\/strong>en la construcci\u00f3n del ramal de la autopista M\u00e9xico-Puebla para conectar con la <strong>Ex Hacienda de Chautla<\/strong>, as\u00ed como en el rescate del edificio hist\u00f3rico y la rehabilitaci\u00f3n de lagos, troje y \u00e1rea administrativa, este fue concesionado por el gobernador Rafael Moreno por 10 a\u00f1os.<\/p>\n\n\n\n<p>Finalmente, mediante un breve comunicado, Convenciones y Parques del gobierno estatal inform\u00f3 que <em>\u201cpara cualquier duda o aclaraci\u00f3n sobre reservaciones, adeudos y acreedores del hotel, se sugiere contactar directamente a la p\u00e1gina web y\/o n\u00famero de tel\u00e9fono oficial del Hotel Misi\u00f3n\u201d<\/em>.<\/p>\n\n\n\n<p>El comunicado concluye: \u201c<em><strong>No obstante, la operaci\u00f3n del castillo, caba\u00f1as, restaurante y las atracciones al interior de la Ex Hacienda de Chautla continuar\u00e1n funcionando de manera normal, en los d\u00edas y horarios habituales\u201d.<\/strong><\/em><\/p>\n\n\n\n<p>Fuente: <a href=\"https:\/\/www.elsoldepuebla.com.mx\/local\/estado\/gobierno-del-estado-toma-posesion-de-la-ex-hacienda-de-chautla-tras-vencerse-concesion-12112501.html\" target=\"_blank\" rel=\"noreferrer noopener\">El Sol de Puebla<\/a><\/p>\n","protected":false},"excerpt":{"rendered":"<p>El lugar hab\u00eda sido concesionado por el gobernador Rafael Moreno por 10 a\u00f1os a la cadena hotelera Misi\u00f3n <\/p>\n","protected":false},"author":1,"featured_media":77311,"comment_status":"open","ping_status":"open","sticky":false,"template":"","format":"standard","meta":{"site-sidebar-layout":"default","site-content-layout":"","ast-site-content-layout":"default","site-content-style":"default","site-sidebar-style":"default","ast-global-header-display":"","ast-banner-title-visibility":"","ast-main-header-display":"","ast-hfb-above-header-display":"","ast-hfb-below-header-display":"","ast-hfb-mobile-header-display":"","site-post-title":"","ast-breadcrumbs-content":"","ast-featured-img":"","footer-sml-layout":"","theme-transparent-header-meta":"","adv-header-id-meta":"","stick-header-meta":"","header-above-stick-meta":"","header-main-stick-meta":"","header-below-stick-meta":"","astra-migrate-meta-layouts":"default","ast-page-background-enabled":"default","ast-page-background-meta":{"desktop":{"background-color":"var(--ast-global-color-4)","background-image":"","background-repeat":"repeat","background-position":"center center","background-size":"auto","background-attachment":"scroll","background-type":"","background-media":"","overlay-type":"","overlay-color":"","overlay-opacity":"","overlay-gradient":""},"tablet":{"background-color":"","background-image":"","background-repeat":"repeat","background-position":"center center","background-size":"auto","background-attachment":"scroll","background-type":"","background-media":"","overlay-type":"","overlay-color":"","overlay-opacity":"","overlay-gradient":""},"mobile":{"background-color":"","background-image":"","background-repeat":"repeat","background-position":"center center","background-size":"auto","background-attachment":"scroll","background-type":"","background-media":"","overlay-type":"","overlay-color":"","overlay-opacity":"","overlay-gradient":""}},"ast-content-background-meta":{"desktop":{"background-color":"var(--ast-global-color-5)","background-image":"","background-repeat":"repeat","background-position":"center center","background-size":"auto","background-attachment":"scroll","background-type":"","background-media":"","overlay-type":"","overlay-color":"","overlay-opacity":"","overlay-gradient":""},"tablet":{"background-color":"var(--ast-global-color-5)","background-image":"","background-repeat":"repeat","background-position":"center center","background-size":"auto","background-attachment":"scroll","background-type":"","background-media":"","overlay-type":"","overlay-color":"","overlay-opacity":"","overlay-gradient":""},"mobile":{"background-color":"var(--ast-global-color-5)","background-image":"","background-repeat":"repeat","background-position":"center center","background-size":"auto","background-attachment":"scroll","background-type":"","background-media":"","overlay-type":"","overlay-color":"","overlay-opacity":"","overlay-gradient":""}},"footnotes":""},"categories":[8],"tags":[26374,26373,26375,3437],"class_list":["post-77310","post","type-post","status-publish","format-standard","has-post-thumbnail","hentry","category-noticias","tag-concesion","tag-ex-hacienda-de-chautla","tag-hotel-mision","tag-rafael-moreno-valle"],"_links":{"self":[{"href":"https:\/\/losperiodistas.com.mx\/portal\/wp-json\/wp\/v2\/posts\/77310","targetHints":{"allow":["GET"]}}],"collection":[{"href":"https:\/\/losperiodistas.com.mx\/portal\/wp-json\/wp\/v2\/posts"}],"about":[{"href":"https:\/\/losperiodistas.com.mx\/portal\/wp-json\/wp\/v2\/types\/post"}],"author":[{"embeddable":true,"href":"https:\/\/losperiodistas.com.mx\/portal\/wp-json\/wp\/v2\/users\/1"}],"replies":[{"embeddable":true,"href":"https:\/\/losperiodistas.com.mx\/portal\/wp-json\/wp\/v2\/comments?post=77310"}],"version-history":[{"count":1,"href":"https:\/\/losperiodistas.com.mx\/portal\/wp-json\/wp\/v2\/posts\/77310\/revisions"}],"predecessor-version":[{"id":77312,"href":"https:\/\/losperiodistas.com.mx\/portal\/wp-json\/wp\/v2\/posts\/77310\/revisions\/77312"}],"wp:featuredmedia":[{"embeddable":true,"href":"https:\/\/losperiodistas.com.mx\/portal\/wp-json\/wp\/v2\/media\/77311"}],"wp:attachment":[{"href":"https:\/\/losperiodistas.com.mx\/portal\/wp-json\/wp\/v2\/media?parent=77310"}],"wp:term":[{"taxonomy":"category","embeddable":true,"href":"https:\/\/losperiodistas.com.mx\/portal\/wp-json\/wp\/v2\/categories?post=77310"},{"taxonomy":"post_tag","embeddable":true,"href":"https:\/\/losperiodistas.com.mx\/portal\/wp-json\/wp\/v2\/tags?post=77310"}],"curies":[{"name":"wp","href":"https:\/\/api.w.org\/{rel}","templated":true}]}}