{"id":77307,"date":"2024-06-19T23:48:40","date_gmt":"2024-06-20T04:48:40","guid":{"rendered":"http:\/\/losperiodistas.com.mx\/portal\/?p=77307"},"modified":"2024-06-19T23:48:43","modified_gmt":"2024-06-20T04:48:43","slug":"fomentara-gobierno-estatal-diversidad-social-con-festival-colores-2024","status":"publish","type":"post","link":"https:\/\/losperiodistas.com.mx\/portal\/fomentara-gobierno-estatal-diversidad-social-con-festival-colores-2024\/","title":{"rendered":"Fomentar\u00e1 gobierno estatal diversidad social con \u201cFestival Colores\u201d 2024"},"content":{"rendered":"\n<p><em>Ser\u00e1 realizado del 25 al 29 de junio en la Casa de la Cultura \u201cProfesor Pedro \u00c1ngel Palou P\u00e9rez\u201d y el Parque Benito Ju\u00e1rez<\/em><\/p>\n\n\n\n<figure class=\"wp-block-image size-large\"><img fetchpriority=\"high\" decoding=\"async\" width=\"1024\" height=\"683\" src=\"https:\/\/losperiodistas.com.mx\/portal\/wp-content\/uploads\/2024\/06\/RP_COLORES_2-1024x683.jpg\" alt=\"Festival Colores 2024\" class=\"wp-image-77308\" srcset=\"https:\/\/losperiodistas.com.mx\/portal\/wp-content\/uploads\/2024\/06\/RP_COLORES_2-1024x683.jpg 1024w, https:\/\/losperiodistas.com.mx\/portal\/wp-content\/uploads\/2024\/06\/RP_COLORES_2-300x200.jpg 300w, https:\/\/losperiodistas.com.mx\/portal\/wp-content\/uploads\/2024\/06\/RP_COLORES_2-768x512.jpg 768w, https:\/\/losperiodistas.com.mx\/portal\/wp-content\/uploads\/2024\/06\/RP_COLORES_2-1536x1024.jpg 1536w, https:\/\/losperiodistas.com.mx\/portal\/wp-content\/uploads\/2024\/06\/RP_COLORES_2-2048x1365.jpg 2048w\" sizes=\"(max-width: 1024px) 100vw, 1024px\" \/><figcaption>Festival Colores 2024<\/figcaption><\/figure>\n\n\n\n<p class=\"has-vivid-red-color has-text-color\">Redacci\u00f3n<\/p>\n\n\n\n<p>Para conmemorar el D\u00eda Internacional del Orgullo LGBT (28 de junio) y la libre expresi\u00f3n de orientaci\u00f3n sexual, el gobierno presente de Sergio Salom\u00f3n, a trav\u00e9s de la Secretar\u00eda de Cultura, realizar\u00e1 del 25 al 29 de junio la cuarta edici\u00f3n del Festival \u201cColores\u201d, que contempla 14 actividades de danza, m\u00fasica, cine, teatro y literatura para el p\u00fablico en general.<\/p>\n\n\n\n<p>Durante la presentaci\u00f3n de la iniciativa, el titular de la dependencia, Enrique Glockner Corte, manifest\u00f3 que el \u201cFestival Colores\u201d demuestra que desde el arte y la cultura es posible visibilizar el trabajo y talento de la comunidad LGBTTTIQ+, y que, adem\u00e1s, permite crear un espacio para fomentar una sociedad equitativa a trav\u00e9s de la inclusi\u00f3n, tolerancia y respeto hacia todas las personas.<\/p>\n\n\n\n<p>Inform\u00f3 que este a\u00f1o el festival contar\u00e1 con cuatro presentaciones musicales, tres obras de teatro, un taller de literatura, dos tendederos po\u00e9ticos, una presentaci\u00f3n de libro, dos presentaciones de danza y performance y un ciclo de cine que abarca siete pel\u00edculas; que tendr\u00e1n como sede la Casa de la Cultura \u201cProfesor Pedro \u00c1ngel Palou P\u00e9rez\u201d (5 Oriente n\u00famero 5) y el Parque Benito Ju\u00e1rez (Bulevar 5 de mayo).<\/p>\n\n\n\n<p>En dichas actividades, est\u00e1 la participaci\u00f3n de la cantante oaxaque\u00f1a \u201cAriel y su Venadito Son\u201d, cuyo trabajo est\u00e1 enfocado en el rescate de la m\u00fasica en lenguas originarias y en el activismo en pro de los derechos de la comunidad; tendederos po\u00e9ticos y una fiesta musical durante el cierre del festival, con artistas que han trascendido local, nacional e internacionalmente.<\/p>\n\n\n\n<p>La programaci\u00f3n con fechas y horarios de cada actividad est\u00e1 disponible en la cartelera del sitio web de la dependencia (<a href=\"https:\/\/sc.puebla.gob.mx\/\">sc.puebla.gob.mx<\/a>); as\u00ed como en las redes sociales <a href=\"https:\/\/www.facebook.com\/CulturaGobPue\/?locale=es_LA\">Facebook (Secretar\u00eda de Cultura Puebla)<\/a>, <a href=\"https:\/\/x.com\/culturagobpue?lang=es\">X (@Culturagobpue)<\/a> e <a href=\"https:\/\/www.instagram.com\/culturagobpuebla\/?hl=es\">Instagram (@culturagobpuebla)<\/a><\/p>\n","protected":false},"excerpt":{"rendered":"<p>a programaci\u00f3n est\u00e1 compuesta por danza, m\u00fasica, cine, teatro y literatura hecha por la comunidad LGBTTTIQ+ para todo p\u00fablico<\/p>\n","protected":false},"author":1,"featured_media":77308,"comment_status":"open","ping_status":"open","sticky":false,"template":"","format":"standard","meta":{"site-sidebar-layout":"default","site-content-layout":"","ast-site-content-layout":"default","site-content-style":"default","site-sidebar-style":"default","ast-global-header-display":"","ast-banner-title-visibility":"","ast-main-header-display":"","ast-hfb-above-header-display":"","ast-hfb-below-header-display":"","ast-hfb-mobile-header-display":"","site-post-title":"","ast-breadcrumbs-content":"","ast-featured-img":"","footer-sml-layout":"","theme-transparent-header-meta":"","adv-header-id-meta":"","stick-header-meta":"","header-above-stick-meta":"","header-main-stick-meta":"","header-below-stick-meta":"","astra-migrate-meta-layouts":"default","ast-page-background-enabled":"default","ast-page-background-meta":{"desktop":{"background-color":"var(--ast-global-color-4)","background-image":"","background-repeat":"repeat","background-position":"center center","background-size":"auto","background-attachment":"scroll","background-type":"","background-media":"","overlay-type":"","overlay-color":"","overlay-opacity":"","overlay-gradient":""},"tablet":{"background-color":"","background-image":"","background-repeat":"repeat","background-position":"center center","background-size":"auto","background-attachment":"scroll","background-type":"","background-media":"","overlay-type":"","overlay-color":"","overlay-opacity":"","overlay-gradient":""},"mobile":{"background-color":"","background-image":"","background-repeat":"repeat","background-position":"center center","background-size":"auto","background-attachment":"scroll","background-type":"","background-media":"","overlay-type":"","overlay-color":"","overlay-opacity":"","overlay-gradient":""}},"ast-content-background-meta":{"desktop":{"background-color":"var(--ast-global-color-5)","background-image":"","background-repeat":"repeat","background-position":"center center","background-size":"auto","background-attachment":"scroll","background-type":"","background-media":"","overlay-type":"","overlay-color":"","overlay-opacity":"","overlay-gradient":""},"tablet":{"background-color":"var(--ast-global-color-5)","background-image":"","background-repeat":"repeat","background-position":"center center","background-size":"auto","background-attachment":"scroll","background-type":"","background-media":"","overlay-type":"","overlay-color":"","overlay-opacity":"","overlay-gradient":""},"mobile":{"background-color":"var(--ast-global-color-5)","background-image":"","background-repeat":"repeat","background-position":"center center","background-size":"auto","background-attachment":"scroll","background-type":"","background-media":"","overlay-type":"","overlay-color":"","overlay-opacity":"","overlay-gradient":""}},"footnotes":""},"categories":[8],"tags":[26371,26370,17338,26369,26372],"class_list":["post-77307","post","type-post","status-publish","format-standard","has-post-thumbnail","hentry","category-noticias","tag-casa-de-la-cultura","tag-diversidad-social","tag-enrique-glockner","tag-festival-colores-2024","tag-lgbtttiq-2"],"_links":{"self":[{"href":"https:\/\/losperiodistas.com.mx\/portal\/wp-json\/wp\/v2\/posts\/77307","targetHints":{"allow":["GET"]}}],"collection":[{"href":"https:\/\/losperiodistas.com.mx\/portal\/wp-json\/wp\/v2\/posts"}],"about":[{"href":"https:\/\/losperiodistas.com.mx\/portal\/wp-json\/wp\/v2\/types\/post"}],"author":[{"embeddable":true,"href":"https:\/\/losperiodistas.com.mx\/portal\/wp-json\/wp\/v2\/users\/1"}],"replies":[{"embeddable":true,"href":"https:\/\/losperiodistas.com.mx\/portal\/wp-json\/wp\/v2\/comments?post=77307"}],"version-history":[{"count":1,"href":"https:\/\/losperiodistas.com.mx\/portal\/wp-json\/wp\/v2\/posts\/77307\/revisions"}],"predecessor-version":[{"id":77309,"href":"https:\/\/losperiodistas.com.mx\/portal\/wp-json\/wp\/v2\/posts\/77307\/revisions\/77309"}],"wp:featuredmedia":[{"embeddable":true,"href":"https:\/\/losperiodistas.com.mx\/portal\/wp-json\/wp\/v2\/media\/77308"}],"wp:attachment":[{"href":"https:\/\/losperiodistas.com.mx\/portal\/wp-json\/wp\/v2\/media?parent=77307"}],"wp:term":[{"taxonomy":"category","embeddable":true,"href":"https:\/\/losperiodistas.com.mx\/portal\/wp-json\/wp\/v2\/categories?post=77307"},{"taxonomy":"post_tag","embeddable":true,"href":"https:\/\/losperiodistas.com.mx\/portal\/wp-json\/wp\/v2\/tags?post=77307"}],"curies":[{"name":"wp","href":"https:\/\/api.w.org\/{rel}","templated":true}]}}