{"id":77304,"date":"2024-06-19T23:24:14","date_gmt":"2024-06-20T04:24:14","guid":{"rendered":"http:\/\/losperiodistas.com.mx\/portal\/?p=77304"},"modified":"2024-06-19T23:24:16","modified_gmt":"2024-06-20T04:24:16","slug":"tres-de-cinco-magistrados-dispuestos-a-debatir-reforma-judicial","status":"publish","type":"post","link":"https:\/\/losperiodistas.com.mx\/portal\/tres-de-cinco-magistrados-dispuestos-a-debatir-reforma-judicial\/","title":{"rendered":"Tres de cinco magistrados de TEPJF, dispuestos a debatir en foro la reforma judicial | La Jornada"},"content":{"rendered":"\n<figure class=\"wp-block-image size-large\"><img fetchpriority=\"high\" decoding=\"async\" width=\"1024\" height=\"642\" src=\"https:\/\/losperiodistas.com.mx\/portal\/wp-content\/uploads\/2024\/06\/Captura-de-pantalla-2024-06-19-221517-1024x642.png\" alt=\"Magistrados del TEPJF\" class=\"wp-image-77305\" srcset=\"https:\/\/losperiodistas.com.mx\/portal\/wp-content\/uploads\/2024\/06\/Captura-de-pantalla-2024-06-19-221517-1024x642.png 1024w, https:\/\/losperiodistas.com.mx\/portal\/wp-content\/uploads\/2024\/06\/Captura-de-pantalla-2024-06-19-221517-300x188.png 300w, https:\/\/losperiodistas.com.mx\/portal\/wp-content\/uploads\/2024\/06\/Captura-de-pantalla-2024-06-19-221517-768x482.png 768w, https:\/\/losperiodistas.com.mx\/portal\/wp-content\/uploads\/2024\/06\/Captura-de-pantalla-2024-06-19-221517.png 1162w\" sizes=\"(max-width: 1024px) 100vw, 1024px\" \/><figcaption>Magistrados del TEPJF mostraron inter\u00e9s por participar en la discusi\u00f3n sobre la reforma judicial. Foto Yazm\u00edn Ortega<\/figcaption><\/figure>\n\n\n\n<p class=\"has-vivid-red-color has-text-color\">Lilian Hern\u00e1ndez y Fabiola Mart\u00ednez \/ La Jornada<\/p>\n\n\n\n<p>Aunque la elecci\u00f3n de jueces, magistrados y ministros por voto popular \u201ces mala idea\u201d, tres de los cinco magistrados del Tribunal Electoral del Poder Judicial de la Federaci\u00f3n (TEPJF) manifestaron que s\u00ed est\u00e1n dispuestos a acudir a los foros de discusi\u00f3n para la reforma judicial que realizar\u00e1 el Congreso de la Uni\u00f3n.<\/p>\n\n\n\n<p>Ante la posibilidad de que los cambios constitucionales pudieran concretarse en septiembre de este a\u00f1o, la magistrada presidenta de la Sala Superior, M\u00f3nica Soto Fregoso y los magistrados Felipe Fuentes Barrera y Felipe de la Mata Piza\u00f1a, aseguraron que tienen toda la disposici\u00f3n para formar parte del debate sobre lo que plantea el gobierno federal.<\/p>\n\n\n\n<p>Los magistrados han se\u00f1alado en ocasiones anteriores que s\u00ed es necesario hacer ajustes al Poder Judicial; sin embargo, Felipe de la Mata reiter\u00f3 que no est\u00e1 de acuerdo en que esta reforma determine la elecci\u00f3n de jueces, magistrados y ministros por voto popular, pues romper\u00eda con la autonom\u00eda e independencia.<\/p>\n\n\n\n<p>En conferencia de prensa, los tres magistrados que han constituido un bloque desde enero de este a\u00f1o, se\u00f1alaron estar dispuestos a ser parte de la discusi\u00f3n, aunque todav\u00eda no han sido invitados, pero conf\u00edan en que puedan ser considerados cuando se lleven a cabo, pues est\u00e1n programados para iniciar entre el 25 o 26 de junio y que concluyan el 6 de agosto.<\/p>\n\n\n\n<p>Fuente: <a href=\"https:\/\/www.jornada.com.mx\/noticia\/2024\/06\/19\/politica\/tres-de-los-cinco-magistrados-del-tepjf-dispuestos-a-foro-abierto-sobre-reforma-judicial-6083\" target=\"_blank\" rel=\"noreferrer noopener\">La Jornada<\/a><\/p>\n","protected":false},"excerpt":{"rendered":"<p>Lilian Hern\u00e1ndez y Fabiola Mart\u00ednez \/ La Jornada Aunque la elecci\u00f3n de jueces, magistrados y ministros por voto popular \u201ces [&hellip;]<\/p>\n","protected":false},"author":1,"featured_media":77305,"comment_status":"open","ping_status":"open","sticky":false,"template":"","format":"standard","meta":{"site-sidebar-layout":"default","site-content-layout":"","ast-site-content-layout":"default","site-content-style":"default","site-sidebar-style":"default","ast-global-header-display":"","ast-banner-title-visibility":"","ast-main-header-display":"","ast-hfb-above-header-display":"","ast-hfb-below-header-display":"","ast-hfb-mobile-header-display":"","site-post-title":"","ast-breadcrumbs-content":"","ast-featured-img":"","footer-sml-layout":"","theme-transparent-header-meta":"","adv-header-id-meta":"","stick-header-meta":"","header-above-stick-meta":"","header-main-stick-meta":"","header-below-stick-meta":"","astra-migrate-meta-layouts":"default","ast-page-background-enabled":"default","ast-page-background-meta":{"desktop":{"background-color":"var(--ast-global-color-4)","background-image":"","background-repeat":"repeat","background-position":"center center","background-size":"auto","background-attachment":"scroll","background-type":"","background-media":"","overlay-type":"","overlay-color":"","overlay-opacity":"","overlay-gradient":""},"tablet":{"background-color":"","background-image":"","background-repeat":"repeat","background-position":"center center","background-size":"auto","background-attachment":"scroll","background-type":"","background-media":"","overlay-type":"","overlay-color":"","overlay-opacity":"","overlay-gradient":""},"mobile":{"background-color":"","background-image":"","background-repeat":"repeat","background-position":"center center","background-size":"auto","background-attachment":"scroll","background-type":"","background-media":"","overlay-type":"","overlay-color":"","overlay-opacity":"","overlay-gradient":""}},"ast-content-background-meta":{"desktop":{"background-color":"var(--ast-global-color-5)","background-image":"","background-repeat":"repeat","background-position":"center center","background-size":"auto","background-attachment":"scroll","background-type":"","background-media":"","overlay-type":"","overlay-color":"","overlay-opacity":"","overlay-gradient":""},"tablet":{"background-color":"var(--ast-global-color-5)","background-image":"","background-repeat":"repeat","background-position":"center center","background-size":"auto","background-attachment":"scroll","background-type":"","background-media":"","overlay-type":"","overlay-color":"","overlay-opacity":"","overlay-gradient":""},"mobile":{"background-color":"var(--ast-global-color-5)","background-image":"","background-repeat":"repeat","background-position":"center center","background-size":"auto","background-attachment":"scroll","background-type":"","background-media":"","overlay-type":"","overlay-color":"","overlay-opacity":"","overlay-gradient":""}},"footnotes":""},"categories":[8],"tags":[26367,26368,26365,26193,26366,1042],"class_list":["post-77304","post","type-post","status-publish","format-standard","has-post-thumbnail","hentry","category-noticias","tag-barrera","tag-de-la-mata","tag-magistrados","tag-reforma-judicial","tag-soto","tag-tepjf"],"_links":{"self":[{"href":"https:\/\/losperiodistas.com.mx\/portal\/wp-json\/wp\/v2\/posts\/77304","targetHints":{"allow":["GET"]}}],"collection":[{"href":"https:\/\/losperiodistas.com.mx\/portal\/wp-json\/wp\/v2\/posts"}],"about":[{"href":"https:\/\/losperiodistas.com.mx\/portal\/wp-json\/wp\/v2\/types\/post"}],"author":[{"embeddable":true,"href":"https:\/\/losperiodistas.com.mx\/portal\/wp-json\/wp\/v2\/users\/1"}],"replies":[{"embeddable":true,"href":"https:\/\/losperiodistas.com.mx\/portal\/wp-json\/wp\/v2\/comments?post=77304"}],"version-history":[{"count":1,"href":"https:\/\/losperiodistas.com.mx\/portal\/wp-json\/wp\/v2\/posts\/77304\/revisions"}],"predecessor-version":[{"id":77306,"href":"https:\/\/losperiodistas.com.mx\/portal\/wp-json\/wp\/v2\/posts\/77304\/revisions\/77306"}],"wp:featuredmedia":[{"embeddable":true,"href":"https:\/\/losperiodistas.com.mx\/portal\/wp-json\/wp\/v2\/media\/77305"}],"wp:attachment":[{"href":"https:\/\/losperiodistas.com.mx\/portal\/wp-json\/wp\/v2\/media?parent=77304"}],"wp:term":[{"taxonomy":"category","embeddable":true,"href":"https:\/\/losperiodistas.com.mx\/portal\/wp-json\/wp\/v2\/categories?post=77304"},{"taxonomy":"post_tag","embeddable":true,"href":"https:\/\/losperiodistas.com.mx\/portal\/wp-json\/wp\/v2\/tags?post=77304"}],"curies":[{"name":"wp","href":"https:\/\/api.w.org\/{rel}","templated":true}]}}