{"id":7725,"date":"2021-05-07T08:14:57","date_gmt":"2021-05-07T13:14:57","guid":{"rendered":"http:\/\/losperiodistas.com.mx\/portal\/?p=7725"},"modified":"2021-05-07T08:14:58","modified_gmt":"2021-05-07T13:14:58","slug":"como-creen-que-me-voy-a-quedar-callado-si-compran-votos-la-jornada","status":"publish","type":"post","link":"https:\/\/losperiodistas.com.mx\/portal\/como-creen-que-me-voy-a-quedar-callado-si-compran-votos-la-jornada\/","title":{"rendered":"\u201c\u00bfC\u00f3mo creen que me voy a quedar callado si compran votos?\u201d | La Jornada"},"content":{"rendered":"\n<figure class=\"wp-block-image size-large\"><img fetchpriority=\"high\" decoding=\"async\" width=\"1024\" height=\"720\" src=\"https:\/\/losperiodistas.com.mx\/portal\/wp-content\/uploads\/2021\/05\/Captura-de-Pantalla-2021-05-07-a-las-8.11.43-1024x720.jpg\" alt=\"\" class=\"wp-image-7726\" srcset=\"https:\/\/losperiodistas.com.mx\/portal\/wp-content\/uploads\/2021\/05\/Captura-de-Pantalla-2021-05-07-a-las-8.11.43-1024x720.jpg 1024w, https:\/\/losperiodistas.com.mx\/portal\/wp-content\/uploads\/2021\/05\/Captura-de-Pantalla-2021-05-07-a-las-8.11.43-300x211.jpg 300w, https:\/\/losperiodistas.com.mx\/portal\/wp-content\/uploads\/2021\/05\/Captura-de-Pantalla-2021-05-07-a-las-8.11.43-768x540.jpg 768w, https:\/\/losperiodistas.com.mx\/portal\/wp-content\/uploads\/2021\/05\/Captura-de-Pantalla-2021-05-07-a-las-8.11.43-1536x1080.jpg 1536w, https:\/\/losperiodistas.com.mx\/portal\/wp-content\/uploads\/2021\/05\/Captura-de-Pantalla-2021-05-07-a-las-8.11.43.jpg 1920w\" sizes=\"(max-width: 1024px) 100vw, 1024px\" \/><\/figure>\n\n\n\n<p><\/p>\n\n\n\n<p class=\"has-vivid-cyan-blue-color has-text-color has-medium-font-size\">ROBERTO GARDU\u00d1O \/ FABIOLA MART\u00cdNEZ \/ LA JORNADA<\/p>\n\n\n\n<p><em>Ciudad de M\u00e9xico.<\/em>&nbsp;Al confirmar que el candidato del Partido Revolucionario Institucional (PRI) al gobierno de Nuevo Le\u00f3n, Adri\u00e1n de la Garza, ofrece mil 500 pesos bimestrales a quien le otorgue su voto el 6 de junio, el presidente Andr\u00e9s Manuel L\u00f3pez Obrador se dirigi\u00f3 a la c\u00e1mara de televisi\u00f3n de su conferencia de prensa y expuso: \u201cA ver. A la gente. Que el Presidente que viene de una lucha de a\u00f1os por hacer valer la democracia no denuncie esto, porque es injerencia en lo electoral, \u00bfqu\u00e9, no todos los mexicanos tenemos la obligaci\u00f3n de hacer realidad la democracia? \u00bfc\u00f3mo creen que me voy a quedar callado si esto es lo que m\u00e1s ha da\u00f1ado a la democracia?\u201d<\/p>\n\n\n\n<p>Al reclamo sum\u00f3 una advertencia: \u201c\u00a1\u00e9stas tienen que ser las elecciones m\u00e1s limpias y libres en la historia de M\u00e9xico\u201d. En Palacio Nacional, adem\u00e1s de mantener sus reclamos al Tribunal Electoral del Poder Judicial de la Federaci\u00f3n y al Instituto Nacional Electoral (INE) porque \u201chan sido los m\u00e1s tenaces violadores de la democracia\u201d, pregunt\u00f3 d\u00f3nde est\u00e1 la Fiscal\u00eda Electoral. \u201cLa paradoja es que el INE, en vez de garantizar la democracia, ha sido creado y funciona en los hechos para impedirla. Se hacen de la vista gorda\u201d.<\/p>\n\n\n\n<p>Por tercer d\u00eda consecutivo mantuvo el duelo y el p\u00e9same por las v\u00edctimas en la tragedia en la l\u00ednea 12 del Metro, y subray\u00f3 el apoyo a la jefa de Gobierno de la Ciudad de M\u00e9xico, Claudia Sheinbaum. \u201cCuenta con todo nuestro respaldo y est\u00e1 atendiendo personalmente a los familiares de las v\u00edctimas de esta tremenda y dolorosa tragedia. Ya iniciaron las investigaciones para conocer las causas de este incidente, accidente, lo que se demuestre que sucedi\u00f3 para, a partir de esa investigaci\u00f3n, castigar a los responsables\u201d.<\/p>\n\n\n\n<p>En una de sus respuestas fustigaron a los \u201ccorruptos\u201d identific\u00e1ndolos por nombre y apellido: \u201cAhora est\u00e1n desatados Roberto Madrazo, Diego Fern\u00e1ndez de Cevallos, puras fin\u00edsimas personas, atac\u00e1ndonos, sobre todo porque vienen las elecciones y le est\u00e1n subiendo el volumen. Est\u00e1n desesperados, ofuscados, porque est\u00e1n viendo que la gente ya ha tomado conciencia\u201d.<\/p>\n\n\n\n<p>Entonces cuestion\u00f3 la veracidad de la propaganda de Adri\u00e1n de la Garza: \u201c\u00bfY qu\u00e9 pas\u00f3 con el que entregaba dinero a cambio de votos? A ver, pon la imagen\u201d, le desplegaron la fotograf\u00eda de una tarjeta rosa en la que el pri\u00edsta se compromete a entregar dinero por medio de una tarjeta, y la reacci\u00f3n del tabasque\u00f1o fue un, \u201c\u00a1\u00e1ndele!\u201d<\/p>\n\n\n\n<h2 class=\"wp-block-heading\">Hay que denunciar las amenazas<\/h2>\n\n\n\n<p>Se dirigi\u00f3 a quienes le siguen en los medios y las redes sociales. \u201c\u00bfC\u00f3mo me voy a quedar callado ante la compra del voto? Si hay acciones fraudulentas se tienen que denunciar. Hay que denunciar la entrega de despensas, la entrega de dinero, las amenazas, todo, todos tenemos que ayudar\u201d.<\/p>\n\n\n\n<p>Despu\u00e9s de la \u00e1cida cr\u00edtica al INE, el subsecretario de Salud, Hugo L\u00f3pez-Gatell resalt\u00f3 que, para enfrentar el proceso electoral del 6 de junio, el instituto hab\u00eda anticipado la situaci\u00f3n.<\/p>\n\n\n\n<p>\u201cHace ya varios d\u00edas el INE nos comparti\u00f3 la versi\u00f3n revisada de su documento. Hemos visto que est\u00e1 muy bien hecho y que asegura las condiciones favorables para tener elecciones en condiciones de seguridad sanitaria.\u201d<\/p>\n\n\n\n<p>Fuente: https:\/\/www.jornada.com.mx\/notas\/2021\/05\/07\/politica\/como-creen-que-me-voy-a-quedar-callado-si-compran-votos\/<\/p>\n","protected":false},"excerpt":{"rendered":"<p>ROBERTO GARDU\u00d1O \/ FABIOLA MART\u00cdNEZ \/ LA JORNADA Ciudad de M\u00e9xico.&nbsp;Al confirmar que el candidato del Partido Revolucionario Institucional (PRI) [&hellip;]<\/p>\n","protected":false},"author":1,"featured_media":7726,"comment_status":"open","ping_status":"open","sticky":false,"template":"","format":"standard","meta":{"site-sidebar-layout":"default","site-content-layout":"","ast-site-content-layout":"default","site-content-style":"default","site-sidebar-style":"default","ast-global-header-display":"","ast-banner-title-visibility":"","ast-main-header-display":"","ast-hfb-above-header-display":"","ast-hfb-below-header-display":"","ast-hfb-mobile-header-display":"","site-post-title":"","ast-breadcrumbs-content":"","ast-featured-img":"","footer-sml-layout":"","theme-transparent-header-meta":"","adv-header-id-meta":"","stick-header-meta":"","header-above-stick-meta":"","header-main-stick-meta":"","header-below-stick-meta":"","astra-migrate-meta-layouts":"default","ast-page-background-enabled":"default","ast-page-background-meta":{"desktop":{"background-color":"var(--ast-global-color-4)","background-image":"","background-repeat":"repeat","background-position":"center center","background-size":"auto","background-attachment":"scroll","background-type":"","background-media":"","overlay-type":"","overlay-color":"","overlay-opacity":"","overlay-gradient":""},"tablet":{"background-color":"","background-image":"","background-repeat":"repeat","background-position":"center center","background-size":"auto","background-attachment":"scroll","background-type":"","background-media":"","overlay-type":"","overlay-color":"","overlay-opacity":"","overlay-gradient":""},"mobile":{"background-color":"","background-image":"","background-repeat":"repeat","background-position":"center center","background-size":"auto","background-attachment":"scroll","background-type":"","background-media":"","overlay-type":"","overlay-color":"","overlay-opacity":"","overlay-gradient":""}},"ast-content-background-meta":{"desktop":{"background-color":"var(--ast-global-color-5)","background-image":"","background-repeat":"repeat","background-position":"center center","background-size":"auto","background-attachment":"scroll","background-type":"","background-media":"","overlay-type":"","overlay-color":"","overlay-opacity":"","overlay-gradient":""},"tablet":{"background-color":"var(--ast-global-color-5)","background-image":"","background-repeat":"repeat","background-position":"center center","background-size":"auto","background-attachment":"scroll","background-type":"","background-media":"","overlay-type":"","overlay-color":"","overlay-opacity":"","overlay-gradient":""},"mobile":{"background-color":"var(--ast-global-color-5)","background-image":"","background-repeat":"repeat","background-position":"center center","background-size":"auto","background-attachment":"scroll","background-type":"","background-media":"","overlay-type":"","overlay-color":"","overlay-opacity":"","overlay-gradient":""}},"footnotes":""},"categories":[8],"tags":[1365,1366,1367],"class_list":["post-7725","post","type-post","status-publish","format-standard","has-post-thumbnail","hentry","category-noticias","tag-adrian-de-la-garza","tag-amlo-no-se-queda-callado-ante-la-compra-de-votos","tag-candidato-nuevo-leon-ofrece-1500-pesos-bimestrales-por-el-voto"],"_links":{"self":[{"href":"https:\/\/losperiodistas.com.mx\/portal\/wp-json\/wp\/v2\/posts\/7725","targetHints":{"allow":["GET"]}}],"collection":[{"href":"https:\/\/losperiodistas.com.mx\/portal\/wp-json\/wp\/v2\/posts"}],"about":[{"href":"https:\/\/losperiodistas.com.mx\/portal\/wp-json\/wp\/v2\/types\/post"}],"author":[{"embeddable":true,"href":"https:\/\/losperiodistas.com.mx\/portal\/wp-json\/wp\/v2\/users\/1"}],"replies":[{"embeddable":true,"href":"https:\/\/losperiodistas.com.mx\/portal\/wp-json\/wp\/v2\/comments?post=7725"}],"version-history":[{"count":1,"href":"https:\/\/losperiodistas.com.mx\/portal\/wp-json\/wp\/v2\/posts\/7725\/revisions"}],"predecessor-version":[{"id":7727,"href":"https:\/\/losperiodistas.com.mx\/portal\/wp-json\/wp\/v2\/posts\/7725\/revisions\/7727"}],"wp:featuredmedia":[{"embeddable":true,"href":"https:\/\/losperiodistas.com.mx\/portal\/wp-json\/wp\/v2\/media\/7726"}],"wp:attachment":[{"href":"https:\/\/losperiodistas.com.mx\/portal\/wp-json\/wp\/v2\/media?parent=7725"}],"wp:term":[{"taxonomy":"category","embeddable":true,"href":"https:\/\/losperiodistas.com.mx\/portal\/wp-json\/wp\/v2\/categories?post=7725"},{"taxonomy":"post_tag","embeddable":true,"href":"https:\/\/losperiodistas.com.mx\/portal\/wp-json\/wp\/v2\/tags?post=7725"}],"curies":[{"name":"wp","href":"https:\/\/api.w.org\/{rel}","templated":true}]}}