{"id":7722,"date":"2021-05-07T08:05:52","date_gmt":"2021-05-07T13:05:52","guid":{"rendered":"http:\/\/losperiodistas.com.mx\/portal\/?p=7722"},"modified":"2021-05-07T08:05:54","modified_gmt":"2021-05-07T13:05:54","slug":"por-que-colombia-vive-un-estallido-de-violencia-el-mundo","status":"publish","type":"post","link":"https:\/\/losperiodistas.com.mx\/portal\/por-que-colombia-vive-un-estallido-de-violencia-el-mundo\/","title":{"rendered":"Por qu\u00e9 Colombia vive un estallido de violencia | El Mundo"},"content":{"rendered":"\n<p><\/p>\n\n\n\n<p><\/p>\n\n\n\n<figure class=\"wp-block-image size-large\"><img fetchpriority=\"high\" decoding=\"async\" width=\"1024\" height=\"709\" src=\"https:\/\/losperiodistas.com.mx\/portal\/wp-content\/uploads\/2021\/05\/Captura-de-Pantalla-2021-05-07-a-las-8.03.21-1024x709.jpg\" alt=\"\" class=\"wp-image-7723\" srcset=\"https:\/\/losperiodistas.com.mx\/portal\/wp-content\/uploads\/2021\/05\/Captura-de-Pantalla-2021-05-07-a-las-8.03.21-1024x709.jpg 1024w, https:\/\/losperiodistas.com.mx\/portal\/wp-content\/uploads\/2021\/05\/Captura-de-Pantalla-2021-05-07-a-las-8.03.21-300x208.jpg 300w, https:\/\/losperiodistas.com.mx\/portal\/wp-content\/uploads\/2021\/05\/Captura-de-Pantalla-2021-05-07-a-las-8.03.21-768x531.jpg 768w, https:\/\/losperiodistas.com.mx\/portal\/wp-content\/uploads\/2021\/05\/Captura-de-Pantalla-2021-05-07-a-las-8.03.21-1536x1063.jpg 1536w, https:\/\/losperiodistas.com.mx\/portal\/wp-content\/uploads\/2021\/05\/Captura-de-Pantalla-2021-05-07-a-las-8.03.21.jpg 1980w\" sizes=\"(max-width: 1024px) 100vw, 1024px\" \/><\/figure>\n\n\n\n<p class=\"has-vivid-cyan-blue-color has-text-color has-medium-font-size\">SALUD HERN\u00c1NDEZ-MORA \/ EL MUNDO<\/p>\n\n\n\n<p>Desde el pasado 28 de abril, Colombia vive jornadas de un&nbsp;<a href=\"https:\/\/www.elmundo.es\/internacional\/2021\/05\/01\/608d9800fc6c837e488b45c4.html\">paro nacional que se ha tornado muy violento<\/a>&nbsp;y se ha cobrado 17 vidas, cientos de heridos y cuantiosos da\u00f1os materiales hasta el momento.<\/p>\n\n\n\n<p><a href=\"https:\/\/www.elmundo.es\/internacional\/2021\/05\/02\/608ee2b1fc6c83186a8b4660.html\">Iv\u00e1n Duque<\/a>&nbsp;retir\u00f3 su pol\u00e9mica reforma tributaria, como ped\u00edan, y ha convocado al di\u00e1logo, pero no ha logrado desactivar los bloqueos de carreteras nacionales y siguen las protestas callejeras.<\/p>\n\n\n\n<p><strong>\u00bfQui\u00e9n convoc\u00f3 el paro nacional?<\/strong><\/p>\n\n\n\n<p>El Comit\u00e9 Nacional del Paro (CNP) lo integran los principales sindicatos (CUT, CGT, CTC, FECODE etc), confederaciones de pensionados, movimientos estudiantiles, ind\u00edgenas, feministas y medioambientales.<\/p>\n\n\n\n<p><strong>\u00bfCu\u00e1l es el origen del estallido social?<\/strong><\/p>\n\n\n\n<p>Aunque no lo conoc\u00eda el Comit\u00e9 cuando establecieron el 28 de abril como fecha para el paro, el proyecto de ley de reforma tributaria, que afectaba a las clases medias, enfureci\u00f3 a la ciudadan\u00eda. Retirarlo y la dimisi\u00f3n del ministro de Hacienda, Alberto Carrasquilla, se convirtieron en las principales reivindicaciones.<\/p>\n\n\n\n<p><strong>\u00bfPor qu\u00e9 contin\u00faa el paro nacional?<\/strong><\/p>\n\n\n\n<p>Iv\u00e1n Duque acept\u00f3 tanto desechar la reforma tributaria como la posterior dimisi\u00f3n de Carrasquilla. Pero los manifestantes ahora pretenden cargarse la reforma a la Salud y lograr otras exigencias.<\/p>\n\n\n\n<p>Pescan, adem\u00e1s, en las aguas del descontento por la profunda desigualdad social y la crisis econ\u00f3mica. Las restricciones por la pandemia aumentaron en tres millones el n\u00famero de colombianos pobres. Ya son 21 millones, el 42% de la poblaci\u00f3n.<\/p>\n\n\n\n<p><strong>\u00bfCu\u00e1l es el n\u00famero de v\u00edctimas?<\/strong><\/p>\n\n\n\n<p>La Defensor\u00eda del Pueblo report\u00f3 24 homicidios durante las protestas y la Fiscal\u00eda General estableci\u00f3 que once tuvieron que ver con ellas, de siete necesitan averiguar m\u00e1s y seis no tienen relaci\u00f3n alguna con el paro. De momento, imputar\u00e1n tres homicidios a la Polic\u00eda Nacional.<\/p>\n\n\n\n<p>En cuanto a heridos de diversa consideraci\u00f3n, el Ministerio de Defensa se\u00f1ala que van 250 civiles y 457 polic\u00edas.<\/p>\n\n\n\n<p>La misma cartera notific\u00f3 que 69 estaciones de transporte, 36 cajeros autom\u00e1ticos, 94 bancos, 14 peajes, 313 establecimientos comerciales sufrieron destrozos y saqueos. Habr\u00eda que sumar da\u00f1os importantes a estaciones de polic\u00eda, autobuses, p\u00fablicos y privados, adem\u00e1s de barricadas en carreteras nacionales y calles cortadas que causan escasez de suministros. Y los n\u00fameros siguen subiendo.<\/p>\n\n\n\n<p><strong>\u00bfPor qu\u00e9 tanta violencia?<\/strong><\/p>\n\n\n\n<p>Defensa asevera que las nuevas FARC y c\u00e9lulas urbanas del ELN est\u00e1n detr\u00e1s de los hechos m\u00e1s violentos. En las hordas destructoras y en las barricadas tambi\u00e9n participan activistas de extrema izquierda, j\u00f3venes sin futuro y otros que a su precaria situaci\u00f3n econ\u00f3mica unen el hartazgo por los aislamientos del Covid. Y en los saqueos estar\u00edan ciudadanos de escasos recursos, migrantes venezolanos pobres y ladrones.<\/p>\n\n\n\n<p>El Presidente ecuatoriano, Lenin Moreno, y algunos analistas, acusan a Nicol\u00e1s Maduro de financiar la violencia con el objetivo de desestabilizar Colombia, como ya hicieron antes con Chile.<\/p>\n\n\n\n<figure class=\"wp-block-embed is-type-video is-provider-youtube wp-block-embed-youtube wp-embed-aspect-16-9 wp-has-aspect-ratio\"><div class=\"wp-block-embed__wrapper\">\n<iframe title=\"\u00bfQu\u00e9 est\u00e1 pasando en Colombia?\" width=\"500\" height=\"281\" src=\"https:\/\/www.youtube.com\/embed\/b1gmnlN3GxI?feature=oembed\" frameborder=\"0\" allow=\"accelerometer; autoplay; clipboard-write; encrypted-media; gyroscope; picture-in-picture; web-share\" referrerpolicy=\"strict-origin-when-cross-origin\" allowfullscreen><\/iframe>\n<\/div><\/figure>\n\n\n\n<p><strong>\u00bfQu\u00e9 salidas tiene la crisis?<\/strong><\/p>\n\n\n\n<p>Duque ha comenzado una serie de encuentros con diferentes interlocutores sociales, pol\u00edticos, judiciales y gremiales. En suma, algunas de las voces que en su d\u00eda y le advirtieron que su reforma tributaria causar\u00eda un tsunami.<\/p>\n\n\n\n<p>El Senado (la C\u00e1mara legislativa m\u00e1s importante), por su parte, decidi\u00f3 celebrar una sesi\u00f3n extraordinaria para escuchar a los promotores del paro y a portavoces del gobierno.<\/p>\n\n\n\n<p>Y la Defensor\u00eda del Pueblo y la Cruz Roja colombiana han acordado con los manifestantes establecer corredores humanitarios para pasar la carga de ox\u00edgeno medicinal, medicamentos y algunos alimentos.<\/p>\n\n\n\n<p><strong>\u00bfQui\u00e9n sale beneficiado?<\/strong><\/p>\n\n\n\n<p>Con las elecciones presidenciales del 2022 en el horizonte, la figura de Gustavo Petro, un l\u00edder populista de extrema izquierda, que pidi\u00f3 el voto para Pablo Iglesias en las recientes elecciones y en el 2019 azuz\u00f3 los ataques a la polic\u00eda, ser\u00eda la beneficiada. Lidera las encuestas, sus alfiles est\u00e1n en el paro y sus seguidores le ven como el \u00fanico candidato que conecta con el descontento popular.<\/p>\n\n\n\n<p><strong>\u00bfCu\u00e1les son los antecedentes?<\/strong><\/p>\n\n\n\n<p>En noviembre del 2019, cuando las cifras econ\u00f3micas eran buenas, el Comit\u00e9 Nacional del Paro organiz\u00f3 una huelga general que cont\u00f3 con amplio respaldo popular y tambi\u00e9n degener\u00f3 en des\u00f3rdenes callejeros, pero no fue tan prolongada.<\/p>\n\n\n\n<p>El gobierno acept\u00f3 negociar con los convocantes y el pliego inicial de trece puntos lo ampliaron a 120. Al inicio ped\u00edan cambios en pol\u00edtica econ\u00f3mica, social, derechos humanos y eliminar la polic\u00eda antidisturbios, pero luego agregaron un c\u00f3ctel variopinto que inclu\u00eda salir de la OCDE o liberar a los presos pol\u00edticos (guerrilleros autores de cr\u00edmenes), entre otros. Mantuvieron reuniones, nunca concretaron nada y la aparici\u00f3n del Covid sepult\u00f3 las conversaciones.<\/p>\n\n\n\n<p>En septiembre del 2020, la muerte de un estudiante de Derecho, a manos de la polic\u00eda, gener\u00f3 una violenta ola de protestas en Bogot\u00e1 que derivaron en la muerte de ocho civiles por presuntos disparos de la polic\u00eda.<\/p>\n\n\n\n<p>Si bien la lucha contra la pandemia pareci\u00f3 relegar a un segundo plano el descontento social, la realidad es que la crisis econ\u00f3mica por el Covid enardeci\u00f3 los \u00e1nimos.<\/p>\n\n\n\n<p>Fuente: https:\/\/www.elmundo.es\/internacional\/2021\/05\/06\/60940afefdddff889c8b4678.html<\/p>\n","protected":false},"excerpt":{"rendered":"<p>SALUD HERN\u00c1NDEZ-MORA \/ EL MUNDO Desde el pasado 28 de abril, Colombia vive jornadas de un&nbsp;paro nacional que se ha [&hellip;]<\/p>\n","protected":false},"author":1,"featured_media":7723,"comment_status":"open","ping_status":"open","sticky":false,"template":"","format":"standard","meta":{"site-sidebar-layout":"default","site-content-layout":"","ast-site-content-layout":"default","site-content-style":"default","site-sidebar-style":"default","ast-global-header-display":"","ast-banner-title-visibility":"","ast-main-header-display":"","ast-hfb-above-header-display":"","ast-hfb-below-header-display":"","ast-hfb-mobile-header-display":"","site-post-title":"","ast-breadcrumbs-content":"","ast-featured-img":"","footer-sml-layout":"","theme-transparent-header-meta":"","adv-header-id-meta":"","stick-header-meta":"","header-above-stick-meta":"","header-main-stick-meta":"","header-below-stick-meta":"","astra-migrate-meta-layouts":"default","ast-page-background-enabled":"default","ast-page-background-meta":{"desktop":{"background-color":"var(--ast-global-color-4)","background-image":"","background-repeat":"repeat","background-position":"center center","background-size":"auto","background-attachment":"scroll","background-type":"","background-media":"","overlay-type":"","overlay-color":"","overlay-opacity":"","overlay-gradient":""},"tablet":{"background-color":"","background-image":"","background-repeat":"repeat","background-position":"center center","background-size":"auto","background-attachment":"scroll","background-type":"","background-media":"","overlay-type":"","overlay-color":"","overlay-opacity":"","overlay-gradient":""},"mobile":{"background-color":"","background-image":"","background-repeat":"repeat","background-position":"center center","background-size":"auto","background-attachment":"scroll","background-type":"","background-media":"","overlay-type":"","overlay-color":"","overlay-opacity":"","overlay-gradient":""}},"ast-content-background-meta":{"desktop":{"background-color":"var(--ast-global-color-5)","background-image":"","background-repeat":"repeat","background-position":"center center","background-size":"auto","background-attachment":"scroll","background-type":"","background-media":"","overlay-type":"","overlay-color":"","overlay-opacity":"","overlay-gradient":""},"tablet":{"background-color":"var(--ast-global-color-5)","background-image":"","background-repeat":"repeat","background-position":"center center","background-size":"auto","background-attachment":"scroll","background-type":"","background-media":"","overlay-type":"","overlay-color":"","overlay-opacity":"","overlay-gradient":""},"mobile":{"background-color":"var(--ast-global-color-5)","background-image":"","background-repeat":"repeat","background-position":"center center","background-size":"auto","background-attachment":"scroll","background-type":"","background-media":"","overlay-type":"","overlay-color":"","overlay-opacity":"","overlay-gradient":""}},"footnotes":""},"categories":[8],"tags":[1364,1363],"class_list":["post-7722","post","type-post","status-publish","format-standard","has-post-thumbnail","hentry","category-noticias","tag-paro-nacional-colombia","tag-violencia-colombia"],"_links":{"self":[{"href":"https:\/\/losperiodistas.com.mx\/portal\/wp-json\/wp\/v2\/posts\/7722","targetHints":{"allow":["GET"]}}],"collection":[{"href":"https:\/\/losperiodistas.com.mx\/portal\/wp-json\/wp\/v2\/posts"}],"about":[{"href":"https:\/\/losperiodistas.com.mx\/portal\/wp-json\/wp\/v2\/types\/post"}],"author":[{"embeddable":true,"href":"https:\/\/losperiodistas.com.mx\/portal\/wp-json\/wp\/v2\/users\/1"}],"replies":[{"embeddable":true,"href":"https:\/\/losperiodistas.com.mx\/portal\/wp-json\/wp\/v2\/comments?post=7722"}],"version-history":[{"count":1,"href":"https:\/\/losperiodistas.com.mx\/portal\/wp-json\/wp\/v2\/posts\/7722\/revisions"}],"predecessor-version":[{"id":7724,"href":"https:\/\/losperiodistas.com.mx\/portal\/wp-json\/wp\/v2\/posts\/7722\/revisions\/7724"}],"wp:featuredmedia":[{"embeddable":true,"href":"https:\/\/losperiodistas.com.mx\/portal\/wp-json\/wp\/v2\/media\/7723"}],"wp:attachment":[{"href":"https:\/\/losperiodistas.com.mx\/portal\/wp-json\/wp\/v2\/media?parent=7722"}],"wp:term":[{"taxonomy":"category","embeddable":true,"href":"https:\/\/losperiodistas.com.mx\/portal\/wp-json\/wp\/v2\/categories?post=7722"},{"taxonomy":"post_tag","embeddable":true,"href":"https:\/\/losperiodistas.com.mx\/portal\/wp-json\/wp\/v2\/tags?post=7722"}],"curies":[{"name":"wp","href":"https:\/\/api.w.org\/{rel}","templated":true}]}}