{"id":77198,"date":"2024-06-18T09:18:23","date_gmt":"2024-06-18T14:18:23","guid":{"rendered":"https:\/\/losperiodistas.com.mx\/portal\/?p=77198"},"modified":"2024-06-18T09:18:25","modified_gmt":"2024-06-18T14:18:25","slug":"la-desconocida-propiedad-de-la-canela-que-te-ayuda-con-tu-dieta-tambien-ocurre-con-el-vinagre-de-manzana-cope","status":"publish","type":"post","link":"https:\/\/losperiodistas.com.mx\/portal\/la-desconocida-propiedad-de-la-canela-que-te-ayuda-con-tu-dieta-tambien-ocurre-con-el-vinagre-de-manzana-cope\/","title":{"rendered":"La desconocida propiedad de la canela que te ayuda con tu dieta: \u00abTambi\u00e9n ocurre con el vinagre de manzana\u00bb | COPE"},"content":{"rendered":"\n<h2 class=\"wp-block-heading\">El nutricionista V\u00edctor Serrano ofrece unos consejos para acelerar la p\u00e9rdida de peso<\/h2>\n\n\n\n<figure class=\"wp-block-image size-large\"><img fetchpriority=\"high\" decoding=\"async\" width=\"1024\" height=\"579\" src=\"https:\/\/losperiodistas.com.mx\/portal\/wp-content\/uploads\/2024\/06\/Captura-de-Pantalla-2024-06-18-a-las-8.14.56-1024x579.jpg\" alt=\"\" class=\"wp-image-77199\" srcset=\"https:\/\/losperiodistas.com.mx\/portal\/wp-content\/uploads\/2024\/06\/Captura-de-Pantalla-2024-06-18-a-las-8.14.56-1024x579.jpg 1024w, https:\/\/losperiodistas.com.mx\/portal\/wp-content\/uploads\/2024\/06\/Captura-de-Pantalla-2024-06-18-a-las-8.14.56-300x170.jpg 300w, https:\/\/losperiodistas.com.mx\/portal\/wp-content\/uploads\/2024\/06\/Captura-de-Pantalla-2024-06-18-a-las-8.14.56-768x434.jpg 768w, https:\/\/losperiodistas.com.mx\/portal\/wp-content\/uploads\/2024\/06\/Captura-de-Pantalla-2024-06-18-a-las-8.14.56-1536x868.jpg 1536w, https:\/\/losperiodistas.com.mx\/portal\/wp-content\/uploads\/2024\/06\/Captura-de-Pantalla-2024-06-18-a-las-8.14.56.jpg 1688w\" sizes=\"(max-width: 1024px) 100vw, 1024px\" \/><figcaption><a href=\"https:\/\/cope-cdnmed.cope.es\/resources\/mp3\/4\/7\/1718620549674.mp3\">https:\/\/cope-cdnmed.cope.es\/resources\/mp3\/4\/7\/1718620549674.mp3<\/a><\/figcaption><\/figure>\n\n\n\n<p class=\"has-vivid-red-color has-text-color has-medium-font-size\"><strong>MAITE FERN\u00c1NDEZ \/ COPE<\/strong><\/p>\n\n\n\n<p>Llegado el mes de junio,\u00a0<strong>muchas personas se afanan en cuidar su dieta para intentar acelerar la p\u00e9rdida de peso y lucir algo mejor en las vacaciones, ahora que se llevar\u00e1 menos ropa y que las piscinas y las playas son escenarios de los d\u00edas de descanso<\/strong>. No siendo lo ideal, es cierto que hay peque\u00f1os trucos para conseguirlo y bajar un poco m\u00e1s r\u00e1pido si se elige una buena combinaci\u00f3n de alimentos.<\/p>\n\n\n\n<p>Siguiendo una peque\u00f1a pauta, se pueden obtener resultados algo m\u00e1s agresivos en la reducci\u00f3n de peso y especialmente de la grasa, que siempre cuesta algo m\u00e1s de eliminar.<strong>&nbsp;V\u00edctor Serrano, ofrece una serie de recomendaciones para ayudar en este objetivo.<\/strong><\/p>\n\n\n\n<p>Acelerar el metabolismo no es un milagro, pero hay opciones para conseguirlo de forma sana y natural y sin consumir productos farmac\u00e9uticos, aunque tambi\u00e9n se pueden encontrar algunas posibilidades.<\/p>\n\n\n\n<h2 class=\"wp-block-heading\"><strong>Acelerar el proceso<\/strong><\/h2>\n\n\n\n<p><strong>El primer paso es sencillo de entender, porque&nbsp;<\/strong>se trata de reducir de forma sustancial las calor\u00edas que se ingieren, de forma que se gaste m\u00e1s de lo que se ha consumido. Sin embargo, no es algo que solo influya en la cantidad de comida, sino en qu\u00e9 tipo de alimentos se escogen para ello.<strong><\/strong><strong><\/strong><\/p>\n\n\n\n<p>Serrano nos da las primeras claves para conseguir este equilibrio. As\u00ed, la dieta debe cumplir unos par\u00e1metros claros<strong>. \u00abDebe ser rica en prote\u00ednas, moderada en carbohidratos (Lenta absorci\u00f3n) y baja en grasas\u00bb, aunque ah\u00ed hay una excepci\u00f3n \u00absalvo e<\/strong><a href=\"https:\/\/www.cope.es\/emisoras\/region-de-murcia\/murcia-provincia\/cartagena\/noticias\/lista-alimentos-con-que-retrasaras-envejecimiento-20240118_3098760\" rel=\"noreferrer noopener\" target=\"_blank\"><strong>l omega-3<\/strong><\/a><strong>\u00ab. Y es que \u00ab<\/strong>Incrementa el metabolismo basal, mejora sensibilidad a la insulina y, por tanto, hace una mejor utilizaci\u00f3n de glucosa\u00bb.about:blank<\/p>\n\n\n\n<p>Adem\u00e1s, tiene efecto antiinflamatorio, sirve para la regulaci\u00f3n del apetito y produce un aumento de la oxidaci\u00f3n de grasas en ejercicio y tambi\u00e9n en reposo, como explica el experto. Se encuentra en el pescado blanco.<\/p>\n\n\n\n<figure class=\"wp-block-image\"><img decoding=\"async\" src=\"https:\/\/cope-cdnmed.cope.es\/resources\/jpg\/0\/7\/1718623106670.jpg\" alt=\"ctv-8pp-ai-generated-7747601 1280\" title=\"ctv-8pp-ai-generated-7747601 1280\"\/><\/figure>\n\n\n\n<p>Las infusiones y el caf\u00e9 ayudan tambi\u00e9n a esta causa, aunque Serrano recomienda especialmente el t\u00e9 verde, porque la te\u00edna incrementa el metabolismo basal y la cafe\u00edna del caf\u00e9 puede traer tambi\u00e9n alg\u00fan problema si se toma en exceso. Obviamente, los edulcorantes cuanto menos se tomen mucho mejor.<\/p>\n\n\n\n<h3 class=\"wp-block-heading\"><strong>No es solo afrodis\u00edaca<\/strong><\/h3>\n\n\n\n<p><a href=\"https:\/\/www.cope.es\/actualidad\/sociedad\/noticias\/canela-puede-mejorar-control-del-azucar-sangre-personas-con-prediabetes-20200721_825019\" rel=\"noreferrer noopener\" target=\"_blank\"><strong>La Canela<\/strong><\/a><strong>es una buena v\u00eda para regular la insulina en sangre&nbsp;<\/strong>y \u00absi la insulina la tenemos regulada, nuestro cuerpo va a utilizar mejor los \u00e1cidos grasos como fuente de energ\u00eda, algo que tambi\u00e9n ocurre con el vinagre de&nbsp;<a href=\"https:\/\/www.cope.es\/actualidad\/sociedad\/noticias\/canela-puede-mejorar-control-del-azucar-sangre-personas-con-prediabetes-20200721_825019\" rel=\"noreferrer noopener\" target=\"_blank\">manzana<\/a>\u00ab.<\/p>\n\n\n\n<p>Para las semanas en las que el objetivo fijado es perder peso con m\u00e1s intensidad, hay tambi\u00e9n un producto de que ya hemos hablado de su capacidad de saciar.&nbsp;<a href=\"https:\/\/www.cope.es\/emisoras\/region-de-murcia\/murcia-provincia\/cartagena\/noticias\/los-copos-avena-gran-aliado-antes-las-comidas-navidenas-truco-20231228_3067652\" rel=\"noreferrer noopener\" target=\"_blank\">Los copos de avena<\/a>&nbsp;contienen un tipo de fibra que se llama betaglucano (fibra soluble). Forma una especie de pel\u00edcula viscosa en el intestino, por lo que genera mayor sensaci\u00f3n de saciedad con un bajo \u00edndice gluc\u00e9mico. Su fibra promueve la termog\u00e9nesis.<\/p>\n\n\n\n<p><a href=\"https:\/\/www.cope.es\/emisoras\/region-de-murcia\/murcia-provincia\/cartagena\/noticias\/por-que-veces-comemos-cuando-que-tenemos-sed-aviso-nutricionista-20240529_3319808\" rel=\"noreferrer noopener\" target=\"_blank\"><strong>El agua vuelve a ser un elemento controlador del peso,<\/strong><\/a><strong>&nbsp;porque tambi\u00e9n evitar\u00e1 el que se confunda el hambre con la sed, que es un proceso que no tan dif\u00edcil de que ocurra.<\/strong><\/p>\n\n\n\n<p>Por \u00faltimo, ya ajeno a la alimentaci\u00f3n convencional,\u00a0<strong>el nutricionista explica las bondades de la prote\u00edna de suero<\/strong>, que es la que toman los deportistas en sus batidos. Aumentan la sensaci\u00f3n de saciedad al tiempo que produce el aumento de masa muscular y ello conlleva la quema de grasa.<\/p>\n\n\n\n<p>Fuente: <a href=\"https:\/\/www.cope.es\/emisoras\/region-de-murcia\/murcia-provincia\/cartagena\/noticias\/desconocida-propiedad-canela-que-ayuda-con-dieta-tambien-ocurre-con-vinagre-manzana-20240618_3354972\">https:\/\/www.cope.es\/emisoras\/region-de-murcia\/murcia-provincia\/cartagena\/noticias\/desconocida-propiedad-canela-que-ayuda-con-dieta-tambien-ocurre-con-vinagre-manzana-20240618_3354972<\/a><\/p>\n","protected":false},"excerpt":{"rendered":"<p>El nutricionista V\u00edctor Serrano ofrece unos consejos para acelerar la p\u00e9rdida de peso MAITE FERN\u00c1NDEZ \/ COPE Llegado el mes [&hellip;]<\/p>\n","protected":false},"author":1,"featured_media":77199,"comment_status":"open","ping_status":"open","sticky":false,"template":"","format":"standard","meta":{"site-sidebar-layout":"default","site-content-layout":"","ast-site-content-layout":"default","site-content-style":"default","site-sidebar-style":"default","ast-global-header-display":"","ast-banner-title-visibility":"","ast-main-header-display":"","ast-hfb-above-header-display":"","ast-hfb-below-header-display":"","ast-hfb-mobile-header-display":"","site-post-title":"","ast-breadcrumbs-content":"","ast-featured-img":"","footer-sml-layout":"","theme-transparent-header-meta":"","adv-header-id-meta":"","stick-header-meta":"","header-above-stick-meta":"","header-main-stick-meta":"","header-below-stick-meta":"","astra-migrate-meta-layouts":"default","ast-page-background-enabled":"default","ast-page-background-meta":{"desktop":{"background-color":"var(--ast-global-color-4)","background-image":"","background-repeat":"repeat","background-position":"center center","background-size":"auto","background-attachment":"scroll","background-type":"","background-media":"","overlay-type":"","overlay-color":"","overlay-opacity":"","overlay-gradient":""},"tablet":{"background-color":"","background-image":"","background-repeat":"repeat","background-position":"center center","background-size":"auto","background-attachment":"scroll","background-type":"","background-media":"","overlay-type":"","overlay-color":"","overlay-opacity":"","overlay-gradient":""},"mobile":{"background-color":"","background-image":"","background-repeat":"repeat","background-position":"center center","background-size":"auto","background-attachment":"scroll","background-type":"","background-media":"","overlay-type":"","overlay-color":"","overlay-opacity":"","overlay-gradient":""}},"ast-content-background-meta":{"desktop":{"background-color":"var(--ast-global-color-5)","background-image":"","background-repeat":"repeat","background-position":"center center","background-size":"auto","background-attachment":"scroll","background-type":"","background-media":"","overlay-type":"","overlay-color":"","overlay-opacity":"","overlay-gradient":""},"tablet":{"background-color":"var(--ast-global-color-5)","background-image":"","background-repeat":"repeat","background-position":"center center","background-size":"auto","background-attachment":"scroll","background-type":"","background-media":"","overlay-type":"","overlay-color":"","overlay-opacity":"","overlay-gradient":""},"mobile":{"background-color":"var(--ast-global-color-5)","background-image":"","background-repeat":"repeat","background-position":"center center","background-size":"auto","background-attachment":"scroll","background-type":"","background-media":"","overlay-type":"","overlay-color":"","overlay-opacity":"","overlay-gradient":""}},"footnotes":""},"categories":[8],"tags":[21273,7585],"class_list":["post-77198","post","type-post","status-publish","format-standard","has-post-thumbnail","hentry","category-noticias","tag-canela","tag-dieta"],"_links":{"self":[{"href":"https:\/\/losperiodistas.com.mx\/portal\/wp-json\/wp\/v2\/posts\/77198","targetHints":{"allow":["GET"]}}],"collection":[{"href":"https:\/\/losperiodistas.com.mx\/portal\/wp-json\/wp\/v2\/posts"}],"about":[{"href":"https:\/\/losperiodistas.com.mx\/portal\/wp-json\/wp\/v2\/types\/post"}],"author":[{"embeddable":true,"href":"https:\/\/losperiodistas.com.mx\/portal\/wp-json\/wp\/v2\/users\/1"}],"replies":[{"embeddable":true,"href":"https:\/\/losperiodistas.com.mx\/portal\/wp-json\/wp\/v2\/comments?post=77198"}],"version-history":[{"count":1,"href":"https:\/\/losperiodistas.com.mx\/portal\/wp-json\/wp\/v2\/posts\/77198\/revisions"}],"predecessor-version":[{"id":77200,"href":"https:\/\/losperiodistas.com.mx\/portal\/wp-json\/wp\/v2\/posts\/77198\/revisions\/77200"}],"wp:featuredmedia":[{"embeddable":true,"href":"https:\/\/losperiodistas.com.mx\/portal\/wp-json\/wp\/v2\/media\/77199"}],"wp:attachment":[{"href":"https:\/\/losperiodistas.com.mx\/portal\/wp-json\/wp\/v2\/media?parent=77198"}],"wp:term":[{"taxonomy":"category","embeddable":true,"href":"https:\/\/losperiodistas.com.mx\/portal\/wp-json\/wp\/v2\/categories?post=77198"},{"taxonomy":"post_tag","embeddable":true,"href":"https:\/\/losperiodistas.com.mx\/portal\/wp-json\/wp\/v2\/tags?post=77198"}],"curies":[{"name":"wp","href":"https:\/\/api.w.org\/{rel}","templated":true}]}}