{"id":7719,"date":"2021-05-07T07:56:42","date_gmt":"2021-05-07T12:56:42","guid":{"rendered":"http:\/\/losperiodistas.com.mx\/portal\/?p=7719"},"modified":"2021-05-07T07:56:43","modified_gmt":"2021-05-07T12:56:43","slug":"mexico-envio-nota-diplomatica-a-eeuu-por-presunto-financiamiento-de-su-embajada-a-organizaciones-contra-la-corrupcion-infobae","status":"publish","type":"post","link":"https:\/\/losperiodistas.com.mx\/portal\/mexico-envio-nota-diplomatica-a-eeuu-por-presunto-financiamiento-de-su-embajada-a-organizaciones-contra-la-corrupcion-infobae\/","title":{"rendered":"M\u00e9xico envi\u00f3 nota diplom\u00e1tica a EEUU por presunto financiamiento de su embajada a organizaciones contra la corrupci\u00f3n | Infobae"},"content":{"rendered":"\n<p style=\"font-size:18px\"><em>AMLO calific\u00f3 la situaci\u00f3n como \u201creprobable\u201d y de un intento de \u201cgolpismo\u201d a su gobierno<\/em><\/p>\n\n\n\n<p><\/p>\n\n\n\n<figure class=\"wp-block-image size-large\"><img fetchpriority=\"high\" decoding=\"async\" width=\"1024\" height=\"729\" src=\"https:\/\/losperiodistas.com.mx\/portal\/wp-content\/uploads\/2021\/05\/Captura-de-Pantalla-2021-05-07-a-las-7.54.29-1024x729.jpg\" alt=\"\" class=\"wp-image-7720\" srcset=\"https:\/\/losperiodistas.com.mx\/portal\/wp-content\/uploads\/2021\/05\/Captura-de-Pantalla-2021-05-07-a-las-7.54.29-1024x729.jpg 1024w, https:\/\/losperiodistas.com.mx\/portal\/wp-content\/uploads\/2021\/05\/Captura-de-Pantalla-2021-05-07-a-las-7.54.29-300x214.jpg 300w, https:\/\/losperiodistas.com.mx\/portal\/wp-content\/uploads\/2021\/05\/Captura-de-Pantalla-2021-05-07-a-las-7.54.29-768x547.jpg 768w, https:\/\/losperiodistas.com.mx\/portal\/wp-content\/uploads\/2021\/05\/Captura-de-Pantalla-2021-05-07-a-las-7.54.29.jpg 1516w\" sizes=\"(max-width: 1024px) 100vw, 1024px\" \/><\/figure>\n\n\n\n<p><\/p>\n\n\n\n<p class=\"has-vivid-cyan-blue-color has-text-color has-medium-font-size\">INFOBAE<\/p>\n\n\n\n<p>Este viernes, el presidente Andr\u00e9s Manuel L\u00f3pez Obrador anunci\u00f3 que su gobierno&nbsp;<strong>envi\u00f3 una nota diplom\u00e1tica al gobierno de Estados Unidos<\/strong>&nbsp;luego de que comprobara que&nbsp;<strong>una agencia gubernamental de ese pa\u00eds, financia econ\u00f3micamente al grupo \u201cMexicanos contra la Corrupci\u00f3n e Impunidad\u201d<\/strong>, que encabeza Claudio X. Gonz\u00e1lez.<\/p>\n\n\n\n<p>Durante su tradicional conferencia de prensa en el Sal\u00f3n Tesorer\u00eda de Palacio Nacional,\u00a0<strong>el mandatario mexicano calific\u00f3 como \u201creprobable\u201d que un gobierno extranjero est\u00e9 financiando a un grupo opositor<\/strong>\u00a0a la actual administraci\u00f3n lopezobradorista.\u00a0<\/p>\n\n\n\n<p><strong>\u201cEs algo reprobable que un grupo opositor a nuestro gobierno que se ha dedicado a obstaculizar todas las obras que se est\u00e1n llevando a cabo mediante la promoci\u00f3n de amparos, como fue en el caso del Aeropuerto de la Ciudad de M\u00e9xico, el Tren Maya, se den estos financiamientos de un gobierno extranjero\u201d<\/strong>, destac\u00f3.<\/p>\n\n\n\n<p>Detall\u00f3 que el jueves el secretario de Relaciones Exteriores, Marcelo Ebrard, envi\u00f3 una nota diplom\u00e1tica pidiendo una explicaci\u00f3n al gobierno estadounidense.<\/p>\n\n\n\n<p><strong>\u201cEs un acto de intervencionismo que viola nuestra soberan\u00eda. Por eso estamos pidiendo que nos aclaren. Ning\u00fan gobierno extranjero puede entregar dinero a grupos pol\u00edticos de otro pa\u00eds. La Constituci\u00f3n lo proh\u00edbe. No se puede recibir dinero de otro pa\u00eds para prop\u00f3sitos pol\u00edticos\u201d<\/strong>, asegur\u00f3.<\/p>\n\n\n\n<p><em><strong>Informaci\u00f3n en desarrollo&#8230;<\/strong><\/em><\/p>\n\n\n\n<p>Fuente: https:\/\/www.infobae.com\/america\/mexico\/2021\/05\/07\/mexico-envio-nota-diplomatica-a-eeuu-por-presunto-financiamiento-de-su-embajada-a-organizaciones-contra-la-corrupcion\/<\/p>\n","protected":false},"excerpt":{"rendered":"<p>AMLO calific\u00f3 la situaci\u00f3n como \u201creprobable\u201d y de un intento de \u201cgolpismo\u201d a su gobierno INFOBAE Este viernes, el presidente [&hellip;]<\/p>\n","protected":false},"author":1,"featured_media":7720,"comment_status":"open","ping_status":"open","sticky":false,"template":"","format":"standard","meta":{"site-sidebar-layout":"default","site-content-layout":"","ast-site-content-layout":"default","site-content-style":"default","site-sidebar-style":"default","ast-global-header-display":"","ast-banner-title-visibility":"","ast-main-header-display":"","ast-hfb-above-header-display":"","ast-hfb-below-header-display":"","ast-hfb-mobile-header-display":"","site-post-title":"","ast-breadcrumbs-content":"","ast-featured-img":"","footer-sml-layout":"","theme-transparent-header-meta":"","adv-header-id-meta":"","stick-header-meta":"","header-above-stick-meta":"","header-main-stick-meta":"","header-below-stick-meta":"","astra-migrate-meta-layouts":"default","ast-page-background-enabled":"default","ast-page-background-meta":{"desktop":{"background-color":"var(--ast-global-color-4)","background-image":"","background-repeat":"repeat","background-position":"center center","background-size":"auto","background-attachment":"scroll","background-type":"","background-media":"","overlay-type":"","overlay-color":"","overlay-opacity":"","overlay-gradient":""},"tablet":{"background-color":"","background-image":"","background-repeat":"repeat","background-position":"center center","background-size":"auto","background-attachment":"scroll","background-type":"","background-media":"","overlay-type":"","overlay-color":"","overlay-opacity":"","overlay-gradient":""},"mobile":{"background-color":"","background-image":"","background-repeat":"repeat","background-position":"center center","background-size":"auto","background-attachment":"scroll","background-type":"","background-media":"","overlay-type":"","overlay-color":"","overlay-opacity":"","overlay-gradient":""}},"ast-content-background-meta":{"desktop":{"background-color":"var(--ast-global-color-5)","background-image":"","background-repeat":"repeat","background-position":"center center","background-size":"auto","background-attachment":"scroll","background-type":"","background-media":"","overlay-type":"","overlay-color":"","overlay-opacity":"","overlay-gradient":""},"tablet":{"background-color":"var(--ast-global-color-5)","background-image":"","background-repeat":"repeat","background-position":"center center","background-size":"auto","background-attachment":"scroll","background-type":"","background-media":"","overlay-type":"","overlay-color":"","overlay-opacity":"","overlay-gradient":""},"mobile":{"background-color":"var(--ast-global-color-5)","background-image":"","background-repeat":"repeat","background-position":"center center","background-size":"auto","background-attachment":"scroll","background-type":"","background-media":"","overlay-type":"","overlay-color":"","overlay-opacity":"","overlay-gradient":""}},"footnotes":""},"categories":[8],"tags":[1359,1361,1362,1360],"class_list":["post-7719","post","type-post","status-publish","format-standard","has-post-thumbnail","hentry","category-noticias","tag-amlo-nota-diplomatica-a-eeuu","tag-claudio-x-gonzalez","tag-dinero-agencia-eeuu-para-grupos-contra-gobierno-mexico","tag-mexicanos-contra-la-corrupcion-e-impunidad"],"_links":{"self":[{"href":"https:\/\/losperiodistas.com.mx\/portal\/wp-json\/wp\/v2\/posts\/7719","targetHints":{"allow":["GET"]}}],"collection":[{"href":"https:\/\/losperiodistas.com.mx\/portal\/wp-json\/wp\/v2\/posts"}],"about":[{"href":"https:\/\/losperiodistas.com.mx\/portal\/wp-json\/wp\/v2\/types\/post"}],"author":[{"embeddable":true,"href":"https:\/\/losperiodistas.com.mx\/portal\/wp-json\/wp\/v2\/users\/1"}],"replies":[{"embeddable":true,"href":"https:\/\/losperiodistas.com.mx\/portal\/wp-json\/wp\/v2\/comments?post=7719"}],"version-history":[{"count":1,"href":"https:\/\/losperiodistas.com.mx\/portal\/wp-json\/wp\/v2\/posts\/7719\/revisions"}],"predecessor-version":[{"id":7721,"href":"https:\/\/losperiodistas.com.mx\/portal\/wp-json\/wp\/v2\/posts\/7719\/revisions\/7721"}],"wp:featuredmedia":[{"embeddable":true,"href":"https:\/\/losperiodistas.com.mx\/portal\/wp-json\/wp\/v2\/media\/7720"}],"wp:attachment":[{"href":"https:\/\/losperiodistas.com.mx\/portal\/wp-json\/wp\/v2\/media?parent=7719"}],"wp:term":[{"taxonomy":"category","embeddable":true,"href":"https:\/\/losperiodistas.com.mx\/portal\/wp-json\/wp\/v2\/categories?post=7719"},{"taxonomy":"post_tag","embeddable":true,"href":"https:\/\/losperiodistas.com.mx\/portal\/wp-json\/wp\/v2\/tags?post=7719"}],"curies":[{"name":"wp","href":"https:\/\/api.w.org\/{rel}","templated":true}]}}