{"id":77189,"date":"2024-06-18T08:37:41","date_gmt":"2024-06-18T13:37:41","guid":{"rendered":"https:\/\/losperiodistas.com.mx\/portal\/?p=77189"},"modified":"2024-06-18T08:37:43","modified_gmt":"2024-06-18T13:37:43","slug":"mexico-queda-por-debajo-del-promedio-de-los-paises-de-la-ocde-en-pensamiento-creativo-de-prueba-pisa-animal-politico","status":"publish","type":"post","link":"https:\/\/losperiodistas.com.mx\/portal\/mexico-queda-por-debajo-del-promedio-de-los-paises-de-la-ocde-en-pensamiento-creativo-de-prueba-pisa-animal-politico\/","title":{"rendered":"M\u00e9xico queda por debajo del promedio de los pa\u00edses de la OCDE en pensamiento creativo de prueba PISA | Animal Pol\u00edtico"},"content":{"rendered":"\n<p class=\"has-medium-font-size\">Por primera vez, la prueba PISA eval\u00fao el \u2018pensamiento creativo\u2019 en 2022 y M\u00e9xico tuvo un resultado \u00absignificativamente menor al promedio\u00bb de los pa\u00edses de la OCDE.<\/p>\n\n\n\n<figure class=\"wp-block-image size-large\"><img fetchpriority=\"high\" decoding=\"async\" width=\"1024\" height=\"683\" src=\"https:\/\/losperiodistas.com.mx\/portal\/wp-content\/uploads\/2024\/06\/prueba-PISA-Mexico-pensamiento-creativo-ocde-1024x683.webp\" alt=\"\" class=\"wp-image-77190\" srcset=\"https:\/\/losperiodistas.com.mx\/portal\/wp-content\/uploads\/2024\/06\/prueba-PISA-Mexico-pensamiento-creativo-ocde-1024x683.webp 1024w, https:\/\/losperiodistas.com.mx\/portal\/wp-content\/uploads\/2024\/06\/prueba-PISA-Mexico-pensamiento-creativo-ocde-300x200.webp 300w, https:\/\/losperiodistas.com.mx\/portal\/wp-content\/uploads\/2024\/06\/prueba-PISA-Mexico-pensamiento-creativo-ocde-768x512.webp 768w, https:\/\/losperiodistas.com.mx\/portal\/wp-content\/uploads\/2024\/06\/prueba-PISA-Mexico-pensamiento-creativo-ocde.webp 1200w\" sizes=\"(max-width: 1024px) 100vw, 1024px\" \/><\/figure>\n\n\n\n<p class=\"has-vivid-red-color has-text-color has-medium-font-size\"><strong>Er\u00e9ndira Aquino \/ Animal Pol\u00edtico<\/strong><\/p>\n\n\n\n<p><\/p>\n\n\n\n<p>Por primera vez, la\u00a0<a href=\"https:\/\/www.animalpolitico.com\/sociedad\/poder-judicial-sep-prueba-pisa-2025-mexico?rtbref=rtb_a4yis5xjxbqg5eonaiiu_1714885476027\" target=\"_blank\" rel=\"noreferrer noopener\">prueba PISA<\/a>\u00a0evalu\u00f3 en 2022 el\u00a0<strong>pensamiento creativo<\/strong>\u00a0de los estudiantes de 15 a\u00f1os que viven en pa\u00edses pertenecientes a la Organizaci\u00f3n para la Cooperaci\u00f3n y el Desarrollo Econ\u00f3mico (<strong>OCDE<\/strong>), entre los cuales\u00a0<strong>M\u00e9xico<\/strong>\u00a0no alcanz\u00f3 el porcentaje promedio.<\/p>\n\n\n\n<p>De acuerdo con el r\u00e1nking publicado este martes, M\u00e9xico se encuentra entre los pa\u00edses con un resultado \u201csignificativamente menor al promedio de la&nbsp;<strong>OCDE<\/strong>\u201c,<strong>&nbsp;al haber obtenido 29 puntos en la evaluaci\u00f3n de la creatividad<\/strong>, es decir, el abordaje de actividades cotidianas de una manera no convencional, con niveles similares a los de Serbia, Uruguay y los Emiratos \u00c1rabes Unidos.<\/p>\n\n\n\n<p>Los pa\u00edses que obtuvieron las mayores puntuaciones -entre 41 y 34- fueron Singapur, Corea del Sur, Canad\u00e1, Australia, Nueva Zelanda, Estonia, Finlandia, Dinamarca, Latvia, B\u00e9lgica, Polonia y Portugal. El puntaje promedio fue de 33 puntos.<\/p>\n\n\n\n<p>Lee |&nbsp;<a href=\"https:\/\/animalpolitico.com\/sociedad\/prueba-pisa-mexico-resultados\" target=\"_blank\" rel=\"noreferrer noopener\">M\u00e9xico lleva 15 a\u00f1os a la baja en la prueba PISA entre reformas educativas, recortes al presupuesto y la pandemia<\/a><\/p>\n\n\n\n<p>La&nbsp;<strong>evaluaci\u00f3n<\/strong>&nbsp;de este rubro en la&nbsp;<a href=\"https:\/\/www.animalpolitico.com\/sociedad\/poder-judicial-sep-prueba-pisa-2025-mexico?rtbref=rtb_a4yis5xjxbqg5eonaiiu_1714885476027\" target=\"_blank\" rel=\"noreferrer noopener\">prueba PISA<\/a>&nbsp;incluy\u00f3 cuatro dominios: expresi\u00f3n escrita, expresi\u00f3n visual, resoluci\u00f3n de problemas sociales y resoluci\u00f3n de problemas cient\u00edficos. De acuerdo con la&nbsp;<strong>OCDE<\/strong>, los estudiantes participaron en actividades \u201cabiertas\u201d, es decir, que no ten\u00edan una \u00fanica respuesta correcta, de tal forma que las distintas soluciones \u201cno convencionales\u201d.<\/p>\n\n\n\n<p>Seg\u00fan la medici\u00f3n de la&nbsp;<strong>OCDE<\/strong>, en promedio, alrededor de 1 de cada 2 estudiantes de los pa\u00edses evaluados pudieron pensar en ideas originales y diversas en contextos familiares, lo que refleja que&nbsp;<strong>la mitad de los j\u00f3venes tuvo dificultades para pensar en ideas diferentes en situaciones cotidianas<\/strong>.<\/p>\n\n\n\n<figure class=\"wp-block-image\" id=\"attachment_1414580\"><img decoding=\"async\" src=\"https:\/\/ap-cdn.sfo3.cdn.digitaloceanspaces.com\/uploads\/2024\/06\/prueba-PISA-Mexico-pensamiento-creativo-ocde-1.jpg\" alt=\"prueba PISA M\u00e9xico pensamiento creativo ocde\" class=\"wp-image-1414580\"\/><figcaption>Foto: Cuartoscuro\/Archivo<\/figcaption><\/figure>\n\n\n\n<h2 class=\"wp-block-heading\">El pensamiento creativo en M\u00e9xico<\/h2>\n\n\n\n<p>La&nbsp;<strong>OCDE<\/strong>&nbsp;coloc\u00f3 a M\u00e9xico en un grupo de siete pa\u00edses (junto con Chile, Nueva Zelanda, Costa Rica, Canad\u00e1 y El Salvador) en los que los estudiantes tuvieron 4.5 puntos por arriba de lo esperado en&nbsp;<strong>pensamiento creativo<\/strong>, por lo que fue clasificado con un \u201cfuerte desempe\u00f1o relativo\u201d.<\/p>\n\n\n\n<p>Por actividad evaluada, nuestro pa\u00eds obtuvo un puntaje por encima del promedio en expresi\u00f3n visual, mientras que en expresi\u00f3n escrita se ubic\u00f3 en el promedio.<\/p>\n\n\n\n<p>Las \u00e1reas en las que tuvo resultados por debajo del promedio de la&nbsp;<strong>OCDE<\/strong>&nbsp;fueron la generaci\u00f3n de ideas diversas, la generaci\u00f3n de ideas creativas, la implementaci\u00f3n y&nbsp;<strong>evaluaci\u00f3n<\/strong>&nbsp;de estas ideas, resoluci\u00f3n de problemas sociales, as\u00ed como la resoluci\u00f3n de problemas cient\u00edficos.<\/p>\n\n\n\n<figure class=\"wp-block-image\" id=\"attachment_1414569\"><img decoding=\"async\" src=\"https:\/\/ap-cdn.sfo3.cdn.digitaloceanspaces.com\/uploads\/2024\/06\/OCDE-1.png\" alt=\"prueba pisa ocde\" class=\"wp-image-1414569\"\/><figcaption>Imagen: especial<\/figcaption><\/figure>\n\n\n\n<p>En cuanto a las diferencias de puntaje por g\u00e9nero, la organizaci\u00f3n indic\u00f3 que M\u00e9xico es el pa\u00eds con menor diferencia en el puntaje por g\u00e9nero, ya que no se observaron variaciones en los resultados de ni\u00f1os y ni\u00f1as, excepto en la resoluci\u00f3n de problemas cient\u00edficos, donde los hombres tuvieron mejor desempe\u00f1o.<\/p>\n\n\n\n<figure class=\"wp-block-image\" id=\"attachment_1414568\"><img decoding=\"async\" src=\"https:\/\/ap-cdn.sfo3.cdn.digitaloceanspaces.com\/uploads\/2024\/06\/ocde-2.png\" alt=\"prueba pisa ocde\" class=\"wp-image-1414568\"\/><figcaption>Imagen: especial<\/figcaption><\/figure>\n\n\n\n<p>Los resultados tambi\u00e9n mostraron que las ni\u00f1as, m\u00e1s que los ni\u00f1os, estuvieron de acuerdo en que es posible ser creativo en cualquier tema y no solo en los relacionados con la expresi\u00f3n art\u00edstica.<\/p>\n\n\n\n<h2 class=\"wp-block-heading\">La influencia de factores econ\u00f3micos<\/h2>\n\n\n\n<p>Los resultados de la&nbsp;<strong>evaluaci\u00f3n<\/strong>&nbsp;tambi\u00e9n mostraron que un factor que influye en la diferencia de puntajes de&nbsp;<strong>pensamiento creativo<\/strong>&nbsp;entre los estudiantes es el ingreso econ\u00f3mico: en todos los casos, aquellos que se encuentran entre los percentiles m\u00e1s altos tienen puntajes mayores.<\/p>\n\n\n\n<p>Lee m\u00e1s |&nbsp;<a href=\"https:\/\/animalpolitico.com\/sociedad\/mexico-retrocede-matematicas-lectura-ciencias-prueba-pisa-2022\" target=\"_blank\" rel=\"noreferrer noopener\">M\u00e9xico retrocede en matem\u00e1ticas, lectura y ciencias en prueba PISA 2022; niveles son menores al promedio de la OCDE<\/a><\/p>\n\n\n\n<p>En el caso de M\u00e9xico, aquellos estudiantes en los 10 percentiles m\u00e1s bajos tuvieron alrededor de 15 puntos, seguidos de los que se ubican en el percentil 25, con poco m\u00e1s de veinte puntos.<\/p>\n\n\n\n<figure class=\"wp-block-image\" id=\"attachment_1414567\"><img decoding=\"async\" src=\"https:\/\/ap-cdn.sfo3.cdn.digitaloceanspaces.com\/uploads\/2024\/06\/ocde-3.png\" alt=\"prueba pisa ocde\" class=\"wp-image-1414567\"\/><figcaption>Imagen: especial<\/figcaption><\/figure>\n\n\n\n<p>La diferencia que hay entre estos estudiantes y los que se encuentran en el percentil 75 son significativas y, seg\u00fan la&nbsp;<strong>OCDE<\/strong>, equivalen a una diferencia de entre tres y cuatro niveles de competencia en&nbsp;<strong>pensamiento creativo<\/strong>, ya que estos tuvieron un puntaje de 35, y aquellos del percentil 90 alcanzaron arriba de 40.<\/p>\n\n\n\n<p>La organizaci\u00f3n hizo un reconocimiento especial a los \u201cestudiantes acad\u00e9micamente resilientes\u201d, es decir, que a pesar de su desventaja socioecon\u00f3mica han alcanzado la excelencia educativa en comparaci\u00f3n con estudiantes en su propio pa\u00eds. En M\u00e9xico, aproximadamente el 12% de los evaluados fueron incluidos en esta clasificaci\u00f3n.<\/p>\n\n\n\n<h2 class=\"wp-block-heading\">El retroceso de M\u00e9xico en matem\u00e1ticas, lectura y ciencias<\/h2>\n\n\n\n<p>En diciembre pasado, la&nbsp;<strong>OCDE<\/strong>&nbsp;public\u00f3 los&nbsp;<a href=\"https:\/\/animalpolitico.com\/sociedad\/mexico-retrocede-matematicas-lectura-ciencias-prueba-pisa-2022?rtbref=rtb_4gurnbwvrrlarxo4dksi_1713218647231\">primeros resultados de la prueba PISA 2022<\/a>&nbsp;en matem\u00e1ticas, lectura y ciencias, rubros en los que M\u00e9xico se ubic\u00f3 en la antepen\u00faltima posici\u00f3n.<\/p>\n\n\n\n<p>El pa\u00eds obtuvo 395 puntos en matem\u00e1ticas, lo que signific\u00f3 un retroceso de 14 respecto de los resultados de 2018; en lectura tuvo 415 puntos, 5 menos, y en el caso de ciencias tuvo 410, 9 puntos menos.<\/p>\n\n\n\n<p>El retroceso m\u00e1s pronunciado se dio en la&nbsp;<strong>evaluaci\u00f3n<\/strong>&nbsp;de matem\u00e1ticas, en las que el pa\u00eds volvi\u00f3 a los niveles observados en 2003, mientras que lectura y ciencias tuvieron resultados a la baja menos pronunciados, que se mantuvieron con niveles similares a los que se registraron en 2012.<\/p>\n\n\n\n<p>Ent\u00e9rate |&nbsp;<a href=\"https:\/\/www.animalpolitico.com\/sociedad\/poder-judicial-sep-prueba-pisa-2025-mexico?rtbref=rtb_a4yis5xjxbqg5eonaiiu_1714885476027\" target=\"_blank\" rel=\"noreferrer noopener\">Poder Judicial ordena a la SEP realizar la prueba PISA 2025 en M\u00e9xico<\/a><\/p>\n\n\n\n<figure class=\"wp-block-image\" id=\"attachment_1414579\"><img decoding=\"async\" src=\"https:\/\/ap-cdn.sfo3.cdn.digitaloceanspaces.com\/uploads\/2024\/06\/prueba-PISA-Mexico-pensamiento-creativo-ocde-2.jpg\" alt=\"prueba PISA M\u00e9xico pensamiento creativo ocde\" class=\"wp-image-1414579\"\/><figcaption>Foto: Cuartoscuro\/Archivo<\/figcaption><\/figure>\n\n\n\n<p>De acuerdo con especialistas, estos resultados muestran que&nbsp;<a href=\"https:\/\/animalpolitico.com\/sociedad\/prueba-pisa-mexico-resultados\">M\u00e9xico lleva al menos 15 a\u00f1os con una disminuci\u00f3n en los conocimientos<\/a>&nbsp;y habilidades de matem\u00e1ticas, lectura y ciencias, una tendencia que se agudiz\u00f3 con la pandemia de COVID-19.<\/p>\n\n\n\n<p>Tras darse a conocer estos primeros resultados, la Secretar\u00eda de Educaci\u00f3n P\u00fablica (SEP) asegur\u00f3 que&nbsp;<strong>PISA<\/strong>&nbsp;es una prueba estandarizada que \u201cno considera las condiciones reales en las que se desarrolla el trabajo docente\u201d.<\/p>\n\n\n\n<p>Mediante un comunicado, la SEP desestim\u00f3 los resultados y dijo que no demuestran cambios significativos respecto a las ediciones anteriores de esta\u00a0<strong>evaluaci\u00f3n<\/strong>.<\/p>\n\n\n\n<p>Fuente: <a href=\"https:\/\/www.animalpolitico.com\/internacional\/bbc\/netanyahu-disuelve-en-israel-su-gabinete-de-guerra-tras-la-salida-de-dos-integrantes-clave-por-diferencias-sobre-gaza\">https:\/\/www.animalpolitico.com\/internacional\/bbc\/netanyahu-disuelve-en-israel-su-gabinete-de-guerra-tras-la-salida-de-dos-integrantes-clave-por-diferencias-sobre-gaza<\/a><\/p>\n","protected":false},"excerpt":{"rendered":"<p>Por primera vez, la prueba PISA eval\u00fao el \u2018pensamiento creativo\u2019 en 2022 y M\u00e9xico tuvo un resultado \u00absignificativamente menor al [&hellip;]<\/p>\n","protected":false},"author":1,"featured_media":77190,"comment_status":"open","ping_status":"open","sticky":false,"template":"","format":"standard","meta":{"site-sidebar-layout":"default","site-content-layout":"","ast-site-content-layout":"default","site-content-style":"default","site-sidebar-style":"default","ast-global-header-display":"","ast-banner-title-visibility":"","ast-main-header-display":"","ast-hfb-above-header-display":"","ast-hfb-below-header-display":"","ast-hfb-mobile-header-display":"","site-post-title":"","ast-breadcrumbs-content":"","ast-featured-img":"","footer-sml-layout":"","theme-transparent-header-meta":"","adv-header-id-meta":"","stick-header-meta":"","header-above-stick-meta":"","header-main-stick-meta":"","header-below-stick-meta":"","astra-migrate-meta-layouts":"default","ast-page-background-enabled":"default","ast-page-background-meta":{"desktop":{"background-color":"var(--ast-global-color-4)","background-image":"","background-repeat":"repeat","background-position":"center center","background-size":"auto","background-attachment":"scroll","background-type":"","background-media":"","overlay-type":"","overlay-color":"","overlay-opacity":"","overlay-gradient":""},"tablet":{"background-color":"","background-image":"","background-repeat":"repeat","background-position":"center center","background-size":"auto","background-attachment":"scroll","background-type":"","background-media":"","overlay-type":"","overlay-color":"","overlay-opacity":"","overlay-gradient":""},"mobile":{"background-color":"","background-image":"","background-repeat":"repeat","background-position":"center center","background-size":"auto","background-attachment":"scroll","background-type":"","background-media":"","overlay-type":"","overlay-color":"","overlay-opacity":"","overlay-gradient":""}},"ast-content-background-meta":{"desktop":{"background-color":"var(--ast-global-color-5)","background-image":"","background-repeat":"repeat","background-position":"center center","background-size":"auto","background-attachment":"scroll","background-type":"","background-media":"","overlay-type":"","overlay-color":"","overlay-opacity":"","overlay-gradient":""},"tablet":{"background-color":"var(--ast-global-color-5)","background-image":"","background-repeat":"repeat","background-position":"center center","background-size":"auto","background-attachment":"scroll","background-type":"","background-media":"","overlay-type":"","overlay-color":"","overlay-opacity":"","overlay-gradient":""},"mobile":{"background-color":"var(--ast-global-color-5)","background-image":"","background-repeat":"repeat","background-position":"center center","background-size":"auto","background-attachment":"scroll","background-type":"","background-media":"","overlay-type":"","overlay-color":"","overlay-opacity":"","overlay-gradient":""}},"footnotes":""},"categories":[8],"tags":[2218,26316,26317],"class_list":["post-77189","post","type-post","status-publish","format-standard","has-post-thumbnail","hentry","category-noticias","tag-ocde","tag-pensamiento-creatrivo","tag-prueba-pisa"],"_links":{"self":[{"href":"https:\/\/losperiodistas.com.mx\/portal\/wp-json\/wp\/v2\/posts\/77189","targetHints":{"allow":["GET"]}}],"collection":[{"href":"https:\/\/losperiodistas.com.mx\/portal\/wp-json\/wp\/v2\/posts"}],"about":[{"href":"https:\/\/losperiodistas.com.mx\/portal\/wp-json\/wp\/v2\/types\/post"}],"author":[{"embeddable":true,"href":"https:\/\/losperiodistas.com.mx\/portal\/wp-json\/wp\/v2\/users\/1"}],"replies":[{"embeddable":true,"href":"https:\/\/losperiodistas.com.mx\/portal\/wp-json\/wp\/v2\/comments?post=77189"}],"version-history":[{"count":1,"href":"https:\/\/losperiodistas.com.mx\/portal\/wp-json\/wp\/v2\/posts\/77189\/revisions"}],"predecessor-version":[{"id":77191,"href":"https:\/\/losperiodistas.com.mx\/portal\/wp-json\/wp\/v2\/posts\/77189\/revisions\/77191"}],"wp:featuredmedia":[{"embeddable":true,"href":"https:\/\/losperiodistas.com.mx\/portal\/wp-json\/wp\/v2\/media\/77190"}],"wp:attachment":[{"href":"https:\/\/losperiodistas.com.mx\/portal\/wp-json\/wp\/v2\/media?parent=77189"}],"wp:term":[{"taxonomy":"category","embeddable":true,"href":"https:\/\/losperiodistas.com.mx\/portal\/wp-json\/wp\/v2\/categories?post=77189"},{"taxonomy":"post_tag","embeddable":true,"href":"https:\/\/losperiodistas.com.mx\/portal\/wp-json\/wp\/v2\/tags?post=77189"}],"curies":[{"name":"wp","href":"https:\/\/api.w.org\/{rel}","templated":true}]}}