{"id":77186,"date":"2024-06-18T09:19:17","date_gmt":"2024-06-18T14:19:17","guid":{"rendered":"https:\/\/losperiodistas.com.mx\/portal\/?p=77186"},"modified":"2024-06-18T09:21:41","modified_gmt":"2024-06-18T14:21:41","slug":"potencial-ciclon-tropical-se-convertira-en-las-proximas-horas-en-tormenta-tropical-alberto-amenaza-costas-mexicanas-el-heraldo-de-mexico","status":"publish","type":"post","link":"https:\/\/losperiodistas.com.mx\/portal\/potencial-ciclon-tropical-se-convertira-en-las-proximas-horas-en-tormenta-tropical-alberto-amenaza-costas-mexicanas-el-heraldo-de-mexico\/","title":{"rendered":"Potencial Cicl\u00f3n Tropical se convertir\u00e1 en las pr\u00f3ximas horas en Tormenta Tropical Alberto; amenaza costas mexicanas | El Heraldo de M\u00e9xico"},"content":{"rendered":"\n<h2 class=\"wp-block-heading\">Prev\u00e9n que esta tarde el cicl\u00f3n evolucione y toque tierra en M\u00e9xico<\/h2>\n\n\n\n<figure class=\"wp-block-image\"><img decoding=\"async\" src=\"https:\/\/heraldodemexico.com.mx\/u\/fotografias\/m\/2024\/6\/18\/f960x540-961096_1035171_5050.jpg\" alt=\"Temporada de huracanes\"\/><figcaption>Temporada de huracanesCr\u00e9ditos: NASa<\/figcaption><\/figure>\n\n\n\n<p class=\"has-vivid-red-color has-text-color has-medium-font-size\"><strong><a href=\"https:\/\/heraldodemexico.com.mx\/autor\/carolina-lopez.html\">CAROLINA L\u00d3PEZ<\/a> \/ EL HERALDO DE M\u00c9XICO<\/strong><\/p>\n\n\n\n<p><\/p>\n\n\n\n<p>El servicio Meteorol\u00f3gico Nacional (SMN) inform\u00f3 que el&nbsp;<a href=\"https:\/\/heraldodemexico.com.mx\/nacional\/\"><strong>Potencial Cicl\u00f3n Tropical Uno<\/strong><\/a>&nbsp;se convertir\u00e1 en las pr\u00f3ximas horas en la&nbsp;<strong>Tormenta Tropical Alberto<\/strong>, el primer nombre en la lista del Atl\u00e1ntico de 2023. &nbsp;<\/p>\n\n\n\n<p>De acuerdo con el SMN, se espera que el cicl\u00f3n se fortalezca hasta convertirse en tormenta tropical&nbsp;durante la tarde de este 18 de junio, antes de tocar tierra en&nbsp;Tamaulipas durante la noche del mi\u00e9rcoles o principios del jueves.&nbsp; &nbsp;<\/p>\n\n\n\n<figure class=\"wp-block-image\"><img decoding=\"async\" src=\"https:\/\/heraldodemexico.com.mx\/u\/fotografias\/m\/2024\/6\/18\/f768x400-961100_1005003_5050.jpg\" alt=\"\"\/><figcaption>Cicl\u00f3n tropical y su evoluci\u00f3n. Foto: Conagua<\/figcaption><\/figure>\n\n\n\n<p>Sigue leyendo:&nbsp;<\/p>\n\n\n\n<p><a href=\"https:\/\/heraldodemexico.com.mx\/nacional\/2024\/6\/18\/olas-de-hasta-metros-lluvias-fuertes-se-esperan-en-tamaulipas-hoy-18-de-junio-613266.html\">Olas de hasta 4 metros y lluvias fuertes se esperan en Tamaulipas hoy, 18 de junio<\/a><\/p>\n\n\n\n<p><a href=\"https:\/\/heraldodemexico.com.mx\/nacional\/2024\/6\/18\/en-que-estados-se-registraran-lluvias-de-fuertes-torrenciales-hoy-martes-18-de-junio-613096.html\">\u00bfEn qu\u00e9 estados se registrar\u00e1n lluvias de fuertes a torrenciales hoy, martes 18 de junio?<\/a><\/p>\n\n\n\n<h2 class=\"wp-block-heading\">\u00bfD\u00f3nde se encuentra el cicl\u00f3n tropical?<\/h2>\n\n\n\n<p>Se\u00f1al\u00f3 que inform\u00f3 que el Potencial Cicl\u00f3n Tropical Uno se localiza a 275 kil\u00f3metros al oeste de Celest\u00fan, Yucat\u00e1n y a 565 kil\u00f3metros al este-sureste de La Pesca, Tamaulipas. \u00a0<\/p>\n\n\n\n<p>Dicho fen\u00f3meno producir\u00e1 lluvias puntuales intensas en&nbsp;Tamaulipas, Veracruz, Puebla, Oaxaca, Chiapas, Campeche, Yucat\u00e1n y Quintana Roo; as\u00ed como lluvias puntuales a muy fuertes en Tabasco, San Luis Potos\u00ed e Hidalgo y&nbsp;lluvias puntuales fuertes en Nuevo Le\u00f3n. &nbsp;<\/p>\n\n\n\n<p>A su vez, se pronostican vientos con rachas de 50 a 70 km\/h y posible formaci\u00f3n de trombas marinas en las costas de Tamaulipas, Oaxaca, Chiapas, Yucat\u00e1n y Quintana Roo. &nbsp;<\/p>\n\n\n\n<p>Rachas de 40 a 60 km\/h y posible formaci\u00f3n de trombas marinas en las costas de Veracruz, Tabasco y Campeche; simult\u00e1neamente se prev\u00e9 oleaje de 2 a 4 metros de altura en las costas de Tamaulipas y de 1 a 3 metros de altura en las costas de Veracruz, Oaxaca, Chiapas, Tabasco y la Pen\u00ednsula de Yucat\u00e1n.\u00a0<\/p>\n\n\n\n<p>Fuente: <a href=\"https:\/\/heraldodemexico.com.mx\/nacional\/2024\/6\/18\/potencial-ciclon-tropical-se-convertira-en-las-proximas-horas-en-tormenta-tropical-alberto-amenaza-costas-mexicanas-613281.html\">https:\/\/heraldodemexico.com.mx\/nacional\/2024\/6\/18\/potencial-ciclon-tropical-se-convertira-en-las-proximas-horas-en-tormenta-tropical-alberto-amenaza-costas-mexicanas-613281.html<\/a><\/p>\n","protected":false},"excerpt":{"rendered":"<p>Prev\u00e9n que esta tarde el cicl\u00f3n evolucione y toque tierra en M\u00e9xico CAROLINA L\u00d3PEZ \/ EL HERALDO DE M\u00c9XICO El [&hellip;]<\/p>\n","protected":false},"author":1,"featured_media":77187,"comment_status":"open","ping_status":"open","sticky":false,"template":"","format":"standard","meta":{"site-sidebar-layout":"default","site-content-layout":"","ast-site-content-layout":"default","site-content-style":"default","site-sidebar-style":"default","ast-global-header-display":"","ast-banner-title-visibility":"","ast-main-header-display":"","ast-hfb-above-header-display":"","ast-hfb-below-header-display":"","ast-hfb-mobile-header-display":"","site-post-title":"","ast-breadcrumbs-content":"","ast-featured-img":"","footer-sml-layout":"","theme-transparent-header-meta":"","adv-header-id-meta":"","stick-header-meta":"","header-above-stick-meta":"","header-main-stick-meta":"","header-below-stick-meta":"","astra-migrate-meta-layouts":"default","ast-page-background-enabled":"default","ast-page-background-meta":{"desktop":{"background-color":"var(--ast-global-color-4)","background-image":"","background-repeat":"repeat","background-position":"center center","background-size":"auto","background-attachment":"scroll","background-type":"","background-media":"","overlay-type":"","overlay-color":"","overlay-opacity":"","overlay-gradient":""},"tablet":{"background-color":"","background-image":"","background-repeat":"repeat","background-position":"center center","background-size":"auto","background-attachment":"scroll","background-type":"","background-media":"","overlay-type":"","overlay-color":"","overlay-opacity":"","overlay-gradient":""},"mobile":{"background-color":"","background-image":"","background-repeat":"repeat","background-position":"center center","background-size":"auto","background-attachment":"scroll","background-type":"","background-media":"","overlay-type":"","overlay-color":"","overlay-opacity":"","overlay-gradient":""}},"ast-content-background-meta":{"desktop":{"background-color":"var(--ast-global-color-5)","background-image":"","background-repeat":"repeat","background-position":"center center","background-size":"auto","background-attachment":"scroll","background-type":"","background-media":"","overlay-type":"","overlay-color":"","overlay-opacity":"","overlay-gradient":""},"tablet":{"background-color":"var(--ast-global-color-5)","background-image":"","background-repeat":"repeat","background-position":"center center","background-size":"auto","background-attachment":"scroll","background-type":"","background-media":"","overlay-type":"","overlay-color":"","overlay-opacity":"","overlay-gradient":""},"mobile":{"background-color":"var(--ast-global-color-5)","background-image":"","background-repeat":"repeat","background-position":"center center","background-size":"auto","background-attachment":"scroll","background-type":"","background-media":"","overlay-type":"","overlay-color":"","overlay-opacity":"","overlay-gradient":""}},"footnotes":""},"categories":[8],"tags":[26315],"class_list":["post-77186","post","type-post","status-publish","format-standard","has-post-thumbnail","hentry","category-noticias","tag-tormenta-tropical-alberto"],"_links":{"self":[{"href":"https:\/\/losperiodistas.com.mx\/portal\/wp-json\/wp\/v2\/posts\/77186","targetHints":{"allow":["GET"]}}],"collection":[{"href":"https:\/\/losperiodistas.com.mx\/portal\/wp-json\/wp\/v2\/posts"}],"about":[{"href":"https:\/\/losperiodistas.com.mx\/portal\/wp-json\/wp\/v2\/types\/post"}],"author":[{"embeddable":true,"href":"https:\/\/losperiodistas.com.mx\/portal\/wp-json\/wp\/v2\/users\/1"}],"replies":[{"embeddable":true,"href":"https:\/\/losperiodistas.com.mx\/portal\/wp-json\/wp\/v2\/comments?post=77186"}],"version-history":[{"count":1,"href":"https:\/\/losperiodistas.com.mx\/portal\/wp-json\/wp\/v2\/posts\/77186\/revisions"}],"predecessor-version":[{"id":77188,"href":"https:\/\/losperiodistas.com.mx\/portal\/wp-json\/wp\/v2\/posts\/77186\/revisions\/77188"}],"wp:featuredmedia":[{"embeddable":true,"href":"https:\/\/losperiodistas.com.mx\/portal\/wp-json\/wp\/v2\/media\/77187"}],"wp:attachment":[{"href":"https:\/\/losperiodistas.com.mx\/portal\/wp-json\/wp\/v2\/media?parent=77186"}],"wp:term":[{"taxonomy":"category","embeddable":true,"href":"https:\/\/losperiodistas.com.mx\/portal\/wp-json\/wp\/v2\/categories?post=77186"},{"taxonomy":"post_tag","embeddable":true,"href":"https:\/\/losperiodistas.com.mx\/portal\/wp-json\/wp\/v2\/tags?post=77186"}],"curies":[{"name":"wp","href":"https:\/\/api.w.org\/{rel}","templated":true}]}}