{"id":77183,"date":"2024-06-18T07:59:52","date_gmt":"2024-06-18T12:59:52","guid":{"rendered":"https:\/\/losperiodistas.com.mx\/portal\/?p=77183"},"modified":"2024-06-18T07:59:54","modified_gmt":"2024-06-18T12:59:54","slug":"dia-mundial-del-orgullo-autista-did","status":"publish","type":"post","link":"https:\/\/losperiodistas.com.mx\/portal\/dia-mundial-del-orgullo-autista-did\/","title":{"rendered":"D\u00eda Mundial del Orgullo Autista | DID"},"content":{"rendered":"\n<div class=\"wp-block-image\"><figure class=\"alignright size-full is-resized\"><img fetchpriority=\"high\" decoding=\"async\" src=\"https:\/\/losperiodistas.com.mx\/portal\/wp-content\/uploads\/2024\/06\/06-18_dia-mundial-orgullo-autista.jpeg\" alt=\"\" class=\"wp-image-77184\" width=\"501\" height=\"367\" srcset=\"https:\/\/losperiodistas.com.mx\/portal\/wp-content\/uploads\/2024\/06\/06-18_dia-mundial-orgullo-autista.jpeg 410w, https:\/\/losperiodistas.com.mx\/portal\/wp-content\/uploads\/2024\/06\/06-18_dia-mundial-orgullo-autista-300x220.jpeg 300w\" sizes=\"(max-width: 501px) 100vw, 501px\" \/><\/figure><\/div>\n\n\n\n<p><\/p>\n\n\n\n<p class=\"has-vivid-red-color has-text-color has-medium-font-size\"><strong>REDACCI\u00d3N D\u00cdA INTERNACIONAL DE<\/strong><\/p>\n\n\n\n<p><strong>El 18 de junio se celebra el D\u00eda Mundial del Orgullo Autista<\/strong>, una efem\u00e9ride orientada a disminuir la discriminaci\u00f3n e impulsar la aceptaci\u00f3n hacia las personas que presentan esta condici\u00f3n, de origen neurol\u00f3gico.<\/p>\n\n\n\n<p>Se trata de sensibilizar y concienciar a la poblaci\u00f3n acerca de la neurodiversidad, destacando el respeto, el acompa\u00f1amiento y la no discriminaci\u00f3n.<\/p>\n\n\n\n<h2 class=\"wp-block-heading\" id=\"resTit_1\">Origen del Orgullo Autista<\/h2>\n\n\n\n<p>La creaci\u00f3n del\u00a0<strong>D\u00eda Mundial del Orgullo Autista<\/strong>\u00a0en el a\u00f1o 2005 ha sido por iniciativa del Grupo\u00a0<strong>Aspies For Freedom<\/strong>, una organizaci\u00f3n sin fines de lucro que lucha por los derechos de los autistas.<\/p>\n\n\n\n<p>Con ello pretende lograr cambios positivos y generar conciencia en la sociedad acerca de los prejuicios de las personas con respecto al Autismo, sumando el esfuerzo de otras organizaciones para conmemorar esta efem\u00e9ride.<\/p>\n\n\n\n<h2 class=\"wp-block-heading\" id=\"resTit_2\">\u00bfQu\u00e9 es el Autismo?<\/h2>\n\n\n\n<p>El&nbsp;<strong>Trastorno del Espectro Autista (TEA)&nbsp;<\/strong>no es una enfermedad cerebral ni una discapacidad. Es una condici\u00f3n o trastorno permanente de origen neurol\u00f3gico y gen\u00e9tico, que se inicia en la etapa de la infancia.<\/p>\n\n\n\n<p>Consiste en un conjunto de alteraciones que afectan al neurodesarrollo infantil, incidiendo en las habilidades sociales, comunicacionales y conductuales del individuo.<\/p>\n\n\n\n<p>Desde el a\u00f1o 2013 el t\u00e9rmino&nbsp;<strong>Autismo<\/strong>&nbsp;se modific\u00f3 por&nbsp;<strong>Trastorno del Espectro Autista (TEA)<\/strong>, el cual comprende tres trastornos:<\/p>\n\n\n\n<ul class=\"wp-block-list\"><li><em>Trastorno Autista.<\/em><\/li><li><em>Trastorno Generalizado del Desarrollo No Especificado.<\/em><\/li><li><em>S\u00edndrome de Asperger.<\/em><\/li><\/ul>\n\n\n\n<h2 class=\"wp-block-heading\" id=\"resTit_3\">\u00bfC\u00f3mo se celebra este d\u00eda mundial?<\/h2>\n\n\n\n<p>En la celebraci\u00f3n de este d\u00eda mundial se llevan a cabo diversas actividades educativas, informativas y de concienciaci\u00f3n (presenciales y virtuales), tales como talleres y conferencias, as\u00ed como eventos recreativos con las comunidades.<\/p>\n\n\n\n<p>Puedes encontrar informaci\u00f3n adicional sobre el autismo, en los siguientes art\u00edculos:<\/p>\n\n\n\n<ul class=\"wp-block-list\"><li><strong><a href=\"https:\/\/www.diainternacionalde.com\/ficha\/dia-mundial-conciencia-autismo\" target=\"_blank\" rel=\"noreferrer noopener\">D\u00eda Mundial de Concienciaci\u00f3n sobre el Autismo<\/a>.<\/strong><\/li><li><strong><a href=\"https:\/\/www.diainternacionalde.com\/ficha\/dia-internacional-sindrome-asperger\" target=\"_blank\" rel=\"noreferrer noopener\">D\u00eda Internacional del S\u00edndrome de Asperger<\/a>.<\/strong><\/li><\/ul>\n\n\n\n<p>Comparte informaci\u00f3n \u00fatil e interesante sobre el\u00a0<strong>D\u00eda Mundial del Orgullo Autista<\/strong>\u00a0en las redes sociales. Utiliza los hashtags\u00a0<strong><em>#D\u00edaDelOrgulloAutista #AutisticPrideDay #OrgulloAutista<\/em><\/strong><\/p>\n\n\n\n<p>Fuente: <a href=\"https:\/\/www.diainternacionalde.com\/dias-raros\/dia-mundial-orgullo-autista\">https:\/\/www.diainternacionalde.com\/dias-raros\/dia-mundial-orgullo-autista<\/a><\/p>\n","protected":false},"excerpt":{"rendered":"<p>REDACCI\u00d3N D\u00cdA INTERNACIONAL DE El 18 de junio se celebra el D\u00eda Mundial del Orgullo Autista, una efem\u00e9ride orientada a [&hellip;]<\/p>\n","protected":false},"author":1,"featured_media":77184,"comment_status":"open","ping_status":"open","sticky":false,"template":"","format":"standard","meta":{"site-sidebar-layout":"default","site-content-layout":"","ast-site-content-layout":"default","site-content-style":"default","site-sidebar-style":"default","ast-global-header-display":"","ast-banner-title-visibility":"","ast-main-header-display":"","ast-hfb-above-header-display":"","ast-hfb-below-header-display":"","ast-hfb-mobile-header-display":"","site-post-title":"","ast-breadcrumbs-content":"","ast-featured-img":"","footer-sml-layout":"","theme-transparent-header-meta":"","adv-header-id-meta":"","stick-header-meta":"","header-above-stick-meta":"","header-main-stick-meta":"","header-below-stick-meta":"","astra-migrate-meta-layouts":"default","ast-page-background-enabled":"default","ast-page-background-meta":{"desktop":{"background-color":"var(--ast-global-color-4)","background-image":"","background-repeat":"repeat","background-position":"center center","background-size":"auto","background-attachment":"scroll","background-type":"","background-media":"","overlay-type":"","overlay-color":"","overlay-opacity":"","overlay-gradient":""},"tablet":{"background-color":"","background-image":"","background-repeat":"repeat","background-position":"center center","background-size":"auto","background-attachment":"scroll","background-type":"","background-media":"","overlay-type":"","overlay-color":"","overlay-opacity":"","overlay-gradient":""},"mobile":{"background-color":"","background-image":"","background-repeat":"repeat","background-position":"center center","background-size":"auto","background-attachment":"scroll","background-type":"","background-media":"","overlay-type":"","overlay-color":"","overlay-opacity":"","overlay-gradient":""}},"ast-content-background-meta":{"desktop":{"background-color":"var(--ast-global-color-5)","background-image":"","background-repeat":"repeat","background-position":"center center","background-size":"auto","background-attachment":"scroll","background-type":"","background-media":"","overlay-type":"","overlay-color":"","overlay-opacity":"","overlay-gradient":""},"tablet":{"background-color":"var(--ast-global-color-5)","background-image":"","background-repeat":"repeat","background-position":"center center","background-size":"auto","background-attachment":"scroll","background-type":"","background-media":"","overlay-type":"","overlay-color":"","overlay-opacity":"","overlay-gradient":""},"mobile":{"background-color":"var(--ast-global-color-5)","background-image":"","background-repeat":"repeat","background-position":"center center","background-size":"auto","background-attachment":"scroll","background-type":"","background-media":"","overlay-type":"","overlay-color":"","overlay-opacity":"","overlay-gradient":""}},"footnotes":""},"categories":[8],"tags":[26313,26314,16412,23864],"class_list":["post-77183","post","type-post","status-publish","format-standard","has-post-thumbnail","hentry","category-noticias","tag-diadelorgulloautista","tag-orgulloautista","tag-autismo","tag-trastorno-del-espectro-autista"],"_links":{"self":[{"href":"https:\/\/losperiodistas.com.mx\/portal\/wp-json\/wp\/v2\/posts\/77183","targetHints":{"allow":["GET"]}}],"collection":[{"href":"https:\/\/losperiodistas.com.mx\/portal\/wp-json\/wp\/v2\/posts"}],"about":[{"href":"https:\/\/losperiodistas.com.mx\/portal\/wp-json\/wp\/v2\/types\/post"}],"author":[{"embeddable":true,"href":"https:\/\/losperiodistas.com.mx\/portal\/wp-json\/wp\/v2\/users\/1"}],"replies":[{"embeddable":true,"href":"https:\/\/losperiodistas.com.mx\/portal\/wp-json\/wp\/v2\/comments?post=77183"}],"version-history":[{"count":1,"href":"https:\/\/losperiodistas.com.mx\/portal\/wp-json\/wp\/v2\/posts\/77183\/revisions"}],"predecessor-version":[{"id":77185,"href":"https:\/\/losperiodistas.com.mx\/portal\/wp-json\/wp\/v2\/posts\/77183\/revisions\/77185"}],"wp:featuredmedia":[{"embeddable":true,"href":"https:\/\/losperiodistas.com.mx\/portal\/wp-json\/wp\/v2\/media\/77184"}],"wp:attachment":[{"href":"https:\/\/losperiodistas.com.mx\/portal\/wp-json\/wp\/v2\/media?parent=77183"}],"wp:term":[{"taxonomy":"category","embeddable":true,"href":"https:\/\/losperiodistas.com.mx\/portal\/wp-json\/wp\/v2\/categories?post=77183"},{"taxonomy":"post_tag","embeddable":true,"href":"https:\/\/losperiodistas.com.mx\/portal\/wp-json\/wp\/v2\/tags?post=77183"}],"curies":[{"name":"wp","href":"https:\/\/api.w.org\/{rel}","templated":true}]}}