{"id":77178,"date":"2024-06-18T07:49:14","date_gmt":"2024-06-18T12:49:14","guid":{"rendered":"https:\/\/losperiodistas.com.mx\/portal\/?p=77178"},"modified":"2024-06-18T07:49:16","modified_gmt":"2024-06-18T12:49:16","slug":"el-legado-de-amlo-marca-la-sucesion-en-la-sedena-proceso","status":"publish","type":"post","link":"https:\/\/losperiodistas.com.mx\/portal\/el-legado-de-amlo-marca-la-sucesion-en-la-sedena-proceso\/","title":{"rendered":"El legado de AMLO marca la sucesi\u00f3n en la Sedena | Proceso"},"content":{"rendered":"\n<p class=\"has-light-green-cyan-background-color has-background has-medium-font-size\"><strong>Entre los 29 generales de Divisi\u00f3n de los que puede surgir el nuevo secretario de la Defensa Nacional dos perfiles suenan en c\u00edrculos militares y fuera de ellos: uno es el hombre de confianza del general Sandoval y el otro est\u00e1 relacionado con la creaci\u00f3n de la Guardia Nacional.<\/strong><\/p>\n\n\n\n<p><\/p>\n\n\n\n<figure class=\"wp-block-image\"><a href=\"https:\/\/www.proceso.com.mx\/u\/fotografias\/fotosnoticias\/2024\/6\/17\/201443.jpeg\"><img decoding=\"async\" src=\"https:\/\/www.proceso.com.mx\/u\/fotografias\/m\/2024\/6\/17\/f685x385-201443_239136_6038.jpeg\" alt=\"El legado de AMLO marca la sucesi\u00f3n en la Sedena\"\/><\/a><figcaption>Ej\u00e9rcito. Relevo para las nuevas tareas. Foto: Miguel Dimayuga<\/figcaption><\/figure>\n\n\n\n<p><\/p>\n\n\n\n<p class=\"has-vivid-red-color has-text-color has-medium-font-size\"><strong>Redacci\u00f3n Proceso<\/strong><\/p>\n\n\n\n<p>CIUDAD DE M\u00c9XICO (<strong>Proceso<\/strong>).\u2013 Ante el anuncio pr\u00f3ximo del gabinete de la virtual presidenta electa, Claudia Sheinbaum, en la Secretar\u00eda de la Defensa Nacional (Sedena) se decantan por dos perfiles en funci\u00f3n de las obligaciones de seguridad del Ej\u00e9rcito y de su incursi\u00f3n en las nuevas actividades que les asign\u00f3 el presidente Andr\u00e9s Manuel L\u00f3pez Obrador.<\/p>\n\n\n\n<p>Entre los 29 generales de Divisi\u00f3n de los que puede surgir el pr\u00f3ximo jefe del Ej\u00e9rcito, son dos nombres que m\u00e1s se han mencionado dentro y fuera de c\u00edrculos militares; ambos, pertenecientes a la actual c\u00fapula militar.<\/p>\n\n\n\n<p><strong>NOTICIAS RELACIONADAS<\/strong><\/p>\n\n\n\n<ul class=\"wp-block-list\"><li><a href=\"https:\/\/www.proceso.com.mx\/nacional\/2024\/5\/7\/guerra-sucia-el-sistematico-desacato-de-la-sedena-para-ocultar-informacion-de-los-cuerpos-que-lanzo-al-mar-328515.html\">Guerra Sucia: el sistem\u00e1tico desacato de la Sedena para ocultar informaci\u00f3n de los cuerpos que lanz\u00f3 al mar<\/a><\/li><li><a href=\"https:\/\/www.proceso.com.mx\/nacional\/2024\/4\/16\/amlo-lo-negaba-pero-tres-anos-antes-sedena-sabia-que-se-producia-fentanilo-327332.html\">AMLO lo negaba, pero tres a\u00f1os antes Sedena sab\u00eda que se produc\u00eda fentanilo<\/a><\/li><li><a href=\"https:\/\/www.proceso.com.mx\/nacional\/2024\/4\/2\/pese-orden-de-amlo-la-sedena-bloquea-los-archivos-sobre-los-vuelos-de-la-muerte-326558.html\">Pese a orden de AMLO, la Sedena bloquea los archivos sobre los \u201cvuelos de la muerte\u201d<\/a><\/li><\/ul>\n\n\n\n<p>Uno es el subsecretario de la Defensa Nacional, el general Gabriel Garc\u00eda Rinc\u00f3n; el otro, el jefe del Estado Mayor Conjunto de la Defensa Nacional, el general Ricardo Trevilla Trejo.<\/p>\n\n\n\n<p>Ambos divisionarios, diplomados de Estado Mayor,&nbsp;cuentan con experiencia operativa y administrativa,&nbsp;pero entre quienes favorecen al subsecretario de la Defensa Nacional aseguran que se trata del \u201chombre de confianza\u201d del actual secretario, el general Luis Cresencio Sandoval, quien de acuerdo con la tradici\u00f3n en el Ej\u00e9rcito debe dejar el cargo el 30 de septiembre, una vez terminado el gobierno.<\/p>\n\n\n\n<p>Sandoval dejar\u00eda de ser el Alto Mando del Ej\u00e9rcito a cinco meses de cumplir 65 a\u00f1os, cuando pasan a retiro los militares.&nbsp;&nbsp;<\/p>\n\n\n\n<p>El general Garc\u00eda Rinc\u00f3n es, adem\u00e1s, el presidente del Consejo de Administraci\u00f3n del Aeropuerto Internacional Felipe \u00c1ngeles (AIFA), una de los nuevos espacios de control en la administraci\u00f3n p\u00fablica que L\u00f3pez Obrador les otorg\u00f3 a los militares.<\/p>\n\n\n\n<p>De 63 a\u00f1os y perteneciente al Arma de Infanter\u00eda, el subsecretario tiene experiencia operativa como comandante del Grupo Aerom\u00f3vil de Fuerzas Especiales (GAFE) en la S\u00e9ptima Regi\u00f3n Militar, en Tuxtla Guti\u00e9rrez, Chiapas, comandante del GAFE del Alto Mando en Ciudad de M\u00e9xico, comandante del 49 Batall\u00f3n de Infanter\u00eda en La Paz, Baja California Sur, comandante del 11\u00ba. Batall\u00f3n de Infanter\u00eda en Temamatla, Estado de M\u00e9xico, y comandante de la Segunda Zona Militar en Tijuana y de la 34\u00aa Zona Militar en Chetumal, Quintana Roo.<\/p>\n\n\n\n<p>A su formaci\u00f3n en la Escuela Superior de Guerra y el Colegio de la Defensa Nacional, ha sumado cursos en Panam\u00e1 (Pana-Jungla Teribe) y en Estados Unidos: infanter\u00eda en Fort Benning, el Colegio Interamericano de Defensa, Colegio de las Fuerzas Armadas y Colegio de Inteligencia.<\/p>\n\n\n\n<p>En cargos administrativos ha sido Inspector y contralor general del Ej\u00e9rcito y Fuerza A\u00e9rea y oficial mayor de la Sedena.<\/p>\n\n\n\n<h2 class=\"wp-block-heading\">Creador de la GN<\/h2>\n\n\n\n<p>El general Ricardo Trevilla Trejo, del Arma de Caballer\u00eda, tambi\u00e9n ha estado muy cerca del general Sandoval y en proyectos de inter\u00e9s del presidente L\u00f3pez Obrador, como la creaci\u00f3n de la Guardia Nacional, un cuerpo militar que hasta ahora formalmente es parte de la Secretar\u00eda de Seguridad, pero cuya organizaci\u00f3n y operaci\u00f3n depende del Ej\u00e9rcito.<\/p>\n\n\n\n<p>El general Trevilla, de 62 a\u00f1os, es el primer jefe de Estado Mayor Conjunto de la Defensa Nacional, cargo creado durante esta administraci\u00f3n en febrero de 2022, y que est\u00e1 definido como el colaborador inmediato del Alto Mando en la planeaci\u00f3n y operaci\u00f3n de las actividades en tierra y aire del Ej\u00e9rcito.<\/p>\n\n\n\n<figure class=\"wp-block-image\"><img decoding=\"async\" src=\"https:\/\/www.proceso.com.mx\/u\/fotografias\/m\/2024\/6\/17\/f768x1-201444_201571_5050.jpeg\" alt=\"\"\/><figcaption>Del AIFA, uno de los generales mencionados. Foto: Miguel Dimayuga&nbsp;<\/figcaption><\/figure>\n\n\n\n<p>En 2023 fue designado comandante de la columna del desfile y su Estado Mayor en el 113\u00ba aniversario de la Independencia.<\/p>\n\n\n\n<p>Su experiencia operativa incluye la comandancia de la 43\u00aa Zona Militar, en Apatzing\u00e1n, Michoac\u00e1n; la comandancia de la Guarnici\u00f3n Militar en Piedras Negras, Coahuila, y jefe de Grupo de Comando del Quinto Regimiento de Caballer\u00eda Motorizado y Escuela Militar de Caballer\u00eda Motorizada.&nbsp;<\/p>\n\n\n\n<p>Tambi\u00e9n cuenta con formaci\u00f3n en la Escuela Superior de Guerra del Ej\u00e9rcito y el Colegio de Defensa Nacional y cursos en el extranjero, entre ellos el Curso B\u00e1sico para Oficiales de Inteligencia Militar en la Escuela de las Am\u00e9ricas, de Estados Unidos, y el de Problemas de Pol\u00edtica Internacional en la Facultad de Filosof\u00eda de la Rep\u00fablica Federal de Alemania.<\/p>\n\n\n\n<p>Ha sido director de Comunicaci\u00f3n Social de la Sedena y agregado militar y a\u00e9reo adjunto en la Embajada de M\u00e9xico en Alemania.<\/p>\n\n\n\n<p>Otros divisionarios que son mencionados son el general Andr\u00e9s Fernando Aguirre Osunza, director del Colegio de la Defensa Nacional; el general Francisco Leana Ojeda, comandante de la Tercera Regi\u00f3n Militar, con sede en Mazatl\u00e1n, Sinaloa, y el general Julio \u00c1lvarez Arellano, comandante de la Sexta Regi\u00f3n Militar, en Puebla.<\/p>\n\n\n\n<p>Fuente: <a href=\"https:\/\/www.proceso.com.mx\/nacional\/2024\/6\/17\/el-legado-de-amlo-marca-la-sucesion-en-la-sedena-331180.html\">https:\/\/www.proceso.com.mx\/nacional\/2024\/6\/17\/el-legado-de-amlo-marca-la-sucesion-en-la-sedena-331180.html<\/a><\/p>\n","protected":false},"excerpt":{"rendered":"<p>Entre los 29 generales de Divisi\u00f3n de los que puede surgir el nuevo secretario de la Defensa Nacional dos perfiles [&hellip;]<\/p>\n","protected":false},"author":1,"featured_media":77181,"comment_status":"open","ping_status":"open","sticky":false,"template":"","format":"standard","meta":{"site-sidebar-layout":"default","site-content-layout":"","ast-site-content-layout":"default","site-content-style":"default","site-sidebar-style":"default","ast-global-header-display":"","ast-banner-title-visibility":"","ast-main-header-display":"","ast-hfb-above-header-display":"","ast-hfb-below-header-display":"","ast-hfb-mobile-header-display":"","site-post-title":"","ast-breadcrumbs-content":"","ast-featured-img":"","footer-sml-layout":"","theme-transparent-header-meta":"","adv-header-id-meta":"","stick-header-meta":"","header-above-stick-meta":"","header-main-stick-meta":"","header-below-stick-meta":"","astra-migrate-meta-layouts":"default","ast-page-background-enabled":"default","ast-page-background-meta":{"desktop":{"background-color":"var(--ast-global-color-4)","background-image":"","background-repeat":"repeat","background-position":"center center","background-size":"auto","background-attachment":"scroll","background-type":"","background-media":"","overlay-type":"","overlay-color":"","overlay-opacity":"","overlay-gradient":""},"tablet":{"background-color":"","background-image":"","background-repeat":"repeat","background-position":"center center","background-size":"auto","background-attachment":"scroll","background-type":"","background-media":"","overlay-type":"","overlay-color":"","overlay-opacity":"","overlay-gradient":""},"mobile":{"background-color":"","background-image":"","background-repeat":"repeat","background-position":"center center","background-size":"auto","background-attachment":"scroll","background-type":"","background-media":"","overlay-type":"","overlay-color":"","overlay-opacity":"","overlay-gradient":""}},"ast-content-background-meta":{"desktop":{"background-color":"var(--ast-global-color-5)","background-image":"","background-repeat":"repeat","background-position":"center center","background-size":"auto","background-attachment":"scroll","background-type":"","background-media":"","overlay-type":"","overlay-color":"","overlay-opacity":"","overlay-gradient":""},"tablet":{"background-color":"var(--ast-global-color-5)","background-image":"","background-repeat":"repeat","background-position":"center center","background-size":"auto","background-attachment":"scroll","background-type":"","background-media":"","overlay-type":"","overlay-color":"","overlay-opacity":"","overlay-gradient":""},"mobile":{"background-color":"var(--ast-global-color-5)","background-image":"","background-repeat":"repeat","background-position":"center center","background-size":"auto","background-attachment":"scroll","background-type":"","background-media":"","overlay-type":"","overlay-color":"","overlay-opacity":"","overlay-gradient":""}},"footnotes":""},"categories":[8],"tags":[26311,26312,3262,26310],"class_list":["post-77178","post","type-post","status-publish","format-standard","has-post-thumbnail","hentry","category-noticias","tag-general-gabriel-garcia-rincon","tag-general-ricardo-trevilla-trejo","tag-sedena","tag-sheinbaum-nombramientos"],"_links":{"self":[{"href":"https:\/\/losperiodistas.com.mx\/portal\/wp-json\/wp\/v2\/posts\/77178","targetHints":{"allow":["GET"]}}],"collection":[{"href":"https:\/\/losperiodistas.com.mx\/portal\/wp-json\/wp\/v2\/posts"}],"about":[{"href":"https:\/\/losperiodistas.com.mx\/portal\/wp-json\/wp\/v2\/types\/post"}],"author":[{"embeddable":true,"href":"https:\/\/losperiodistas.com.mx\/portal\/wp-json\/wp\/v2\/users\/1"}],"replies":[{"embeddable":true,"href":"https:\/\/losperiodistas.com.mx\/portal\/wp-json\/wp\/v2\/comments?post=77178"}],"version-history":[{"count":1,"href":"https:\/\/losperiodistas.com.mx\/portal\/wp-json\/wp\/v2\/posts\/77178\/revisions"}],"predecessor-version":[{"id":77182,"href":"https:\/\/losperiodistas.com.mx\/portal\/wp-json\/wp\/v2\/posts\/77178\/revisions\/77182"}],"wp:featuredmedia":[{"embeddable":true,"href":"https:\/\/losperiodistas.com.mx\/portal\/wp-json\/wp\/v2\/media\/77181"}],"wp:attachment":[{"href":"https:\/\/losperiodistas.com.mx\/portal\/wp-json\/wp\/v2\/media?parent=77178"}],"wp:term":[{"taxonomy":"category","embeddable":true,"href":"https:\/\/losperiodistas.com.mx\/portal\/wp-json\/wp\/v2\/categories?post=77178"},{"taxonomy":"post_tag","embeddable":true,"href":"https:\/\/losperiodistas.com.mx\/portal\/wp-json\/wp\/v2\/tags?post=77178"}],"curies":[{"name":"wp","href":"https:\/\/api.w.org\/{rel}","templated":true}]}}