{"id":77175,"date":"2024-06-18T07:42:08","date_gmt":"2024-06-18T12:42:08","guid":{"rendered":"https:\/\/losperiodistas.com.mx\/portal\/?p=77175"},"modified":"2024-06-18T07:42:11","modified_gmt":"2024-06-18T12:42:11","slug":"la-marchante-de-arte-barbara-gladstone-murio-en-paris-la-lista","status":"publish","type":"post","link":"https:\/\/losperiodistas.com.mx\/portal\/la-marchante-de-arte-barbara-gladstone-murio-en-paris-la-lista\/","title":{"rendered":"La marchante de arte Barbara Gladstone muri\u00f3 en Par\u00eds | La-Lista"},"content":{"rendered":"\n<p class=\"has-medium-font-size\">Fue fundadora de una de las galer\u00edas de arte m\u00e1s importantes de Nueva York.<\/p>\n\n\n\n<figure class=\"wp-block-image size-large\"><img fetchpriority=\"high\" decoding=\"async\" width=\"1024\" height=\"631\" src=\"https:\/\/losperiodistas.com.mx\/portal\/wp-content\/uploads\/2024\/06\/barbara_gladstone_marchante_arte_murio_-1024x631.webp\" alt=\"\" class=\"wp-image-77176\" srcset=\"https:\/\/losperiodistas.com.mx\/portal\/wp-content\/uploads\/2024\/06\/barbara_gladstone_marchante_arte_murio_-1024x631.webp 1024w, https:\/\/losperiodistas.com.mx\/portal\/wp-content\/uploads\/2024\/06\/barbara_gladstone_marchante_arte_murio_-300x185.webp 300w, https:\/\/losperiodistas.com.mx\/portal\/wp-content\/uploads\/2024\/06\/barbara_gladstone_marchante_arte_murio_-768x473.webp 768w, https:\/\/losperiodistas.com.mx\/portal\/wp-content\/uploads\/2024\/06\/barbara_gladstone_marchante_arte_murio_.webp 1201w\" sizes=\"(max-width: 1024px) 100vw, 1024px\" \/><figcaption>La marchante de arte Barbara Gladstone muri\u00f3 en Par\u00eds. Foto: Instagram \/ Shirin Neshat \/ Sharon Lockhart. Courtesy the artist and Gladstone Gallery, New York<\/figcaption><\/figure>\n\n\n\n<p class=\"has-vivid-red-color has-text-color has-medium-font-size\"><strong>Redacci\u00f3n La-Lista<\/strong><\/p>\n\n\n\n<p>La marchante de arte&nbsp;<strong>Barbara Gladstone<\/strong>, fundadora de una de las galer\u00edas m\u00e1s importantes de Nueva York y que lleva su apellido, muri\u00f3 este fin de semana en&nbsp;<strong>Par\u00eds, Francia<\/strong>.<\/p>\n\n\n\n<p><em>Artnews<\/em>&nbsp;inform\u00f3 que el deceso de Gladstone se dio debido a una enfermedad, adem\u00e1s que su muerte fue confirmada a trav\u00e9s de un correo electr\u00f3nico por su galer\u00eda.<\/p>\n\n\n\n<div class=\"wp-block-image\"><figure class=\"alignleft is-resized\"><a href=\"https:\/\/la-lista.com\/cultura\/2024\/01\/18\/brasil-detiene-a-sospechoso-del-asesinato-del-galerista-brent-sikkema\" target=\"_blank\" rel=\"noreferrer noopener\"><img decoding=\"async\" src=\"https:\/\/i0.wp.com\/la-lista.com\/wp-content\/uploads\/2024\/01\/brent_sikkema_.jpg?resize=600%2C370&amp;ssl=1\" alt=\"La marchante de arte Barbara Gladstone muri\u00f3 en Par\u00eds - brent_sikkema_-600x370\" width=\"-164\" height=\"-100\" title=\"Brasil detiene a sospechoso del asesinato del galerista Brent Sikkema\"\/><\/a><\/figure><\/div>\n\n\n\n<p><a target=\"_blank\" href=\"https:\/\/la-lista.com\/seccion\/cultura\" rel=\"noreferrer noopener\">CULTURA<\/a><strong><a target=\"_blank\" href=\"https:\/\/la-lista.com\/cultura\/2024\/01\/18\/brasil-detiene-a-sospechoso-del-asesinato-del-galerista-brent-sikkema\" rel=\"noreferrer noopener\">Brasil detiene a sospechoso del asesinato del galerista Brent Sikkema<\/a><\/strong><a target=\"_blank\" href=\"https:\/\/la-lista.com\/cultura\/2024\/01\/18\/brasil-detiene-a-sospechoso-del-asesinato-del-galerista-brent-sikkema\" rel=\"noreferrer noopener\">LEER MAS<\/a><\/p>\n\n\n\n<p><\/p>\n\n\n\n<p><\/p>\n\n\n\n<p><\/p>\n\n\n\n<p><\/p>\n\n\n\n<p>Fue en 1980 cuando la comerciante abri\u00f3 sus oficinas en la Gran Manzana, espacio que a lo largo de los a\u00f1os ha contado con obras de los artistas m\u00e1s destacados de la historia.<\/p>\n\n\n\n<p>En esa \u00e9poca, Barbara Gladstone era en ese entonces profesora de historia del arte en la Universidad de Hofstra, adem\u00e1s que coleccion\u00f3 una amplia cantidad de grabados, piezas que marcaron el inicio de su leyenda.<\/p>\n\n\n\n<p>La marchante de arte comenz\u00f3 reclutando a artistas que expusieran en espacios alternativos, pero que carec\u00edan de representante. Fue as\u00ed que ella comenz\u00f3 a ocupar dicha ocupaci\u00f3n que permiti\u00f3 que el mundo conociera los trabajos de creadores como Matthew Barney.<\/p>\n\n\n\n<div class=\"wp-block-image\"><figure class=\"alignleft is-resized\"><a href=\"https:\/\/la-lista.com\/cultura\/2023\/08\/14\/la-galerista-britanica-angela-flowers-murio-a-los-90-anos-de-edad\" target=\"_blank\" rel=\"noreferrer noopener\"><img decoding=\"async\" src=\"https:\/\/i0.wp.com\/la-lista.com\/wp-content\/uploads\/2023\/08\/angela-flowers-murio-90-anos.jpeg?resize=600%2C338&amp;ssl=1\" alt=\"La marchante de arte Barbara Gladstone muri\u00f3 en Par\u00eds - angela-flowers-murio-90-anos-600x338\" width=\"-84\" height=\"-47\" title=\"La galerista brit\u00e1nica Angela Flowers muri\u00f3 a los 90 a\u00f1os de edad\"\/><\/a><\/figure><\/div>\n\n\n\n<p><a target=\"_blank\" href=\"https:\/\/la-lista.com\/seccion\/cultura\" rel=\"noreferrer noopener\">CULTURA<\/a><strong><a target=\"_blank\" href=\"https:\/\/la-lista.com\/cultura\/2023\/08\/14\/la-galerista-britanica-angela-flowers-murio-a-los-90-anos-de-edad\" rel=\"noreferrer noopener\">La galerista brit\u00e1nica Angela Flowers muri\u00f3 a los 90 a\u00f1os de edad<\/a><\/strong><a target=\"_blank\" href=\"https:\/\/la-lista.com\/cultura\/2023\/08\/14\/la-galerista-britanica-angela-flowers-murio-a-los-90-anos-de-edad\" rel=\"noreferrer noopener\">LEER MAS<\/a><\/p>\n\n\n\n<p><\/p>\n\n\n\n<p><\/p>\n\n\n\n<p><\/p>\n\n\n\n<p><\/p>\n\n\n\n<p>La galer\u00eda estuvo en inicio en la calle 57 y debido al tama\u00f1o lo compar\u00f3 con el tama\u00f1o de una caja de zapatos; pagaba 700 d\u00f3lares. A\u00f1os despu\u00e9s se mud\u00f3 al SoHo.<\/p>\n\n\n\n<p>La galer\u00eda de Barbara Glastone hoy salt\u00f3 m\u00e1s all\u00e1 de Nueva York, pues tambi\u00e9n se encuentra en Bruselas, Se\u00fal y Roma.<\/p>\n\n\n\n<p>Fuente: <a href=\"https:\/\/la-lista.com\/cultura\/2024\/06\/17\/la-marchante-de-arte-barbara-gladstone-murio-en-paris\">https:\/\/la-lista.com\/cultura\/2024\/06\/17\/la-marchante-de-arte-barbara-gladstone-murio-en-paris<\/a><\/p>\n","protected":false},"excerpt":{"rendered":"<p>Fue fundadora de una de las galer\u00edas de arte m\u00e1s importantes de Nueva York. Redacci\u00f3n La-Lista La marchante de arte&nbsp;Barbara [&hellip;]<\/p>\n","protected":false},"author":1,"featured_media":77176,"comment_status":"open","ping_status":"open","sticky":false,"template":"","format":"standard","meta":{"site-sidebar-layout":"default","site-content-layout":"","ast-site-content-layout":"default","site-content-style":"default","site-sidebar-style":"default","ast-global-header-display":"","ast-banner-title-visibility":"","ast-main-header-display":"","ast-hfb-above-header-display":"","ast-hfb-below-header-display":"","ast-hfb-mobile-header-display":"","site-post-title":"","ast-breadcrumbs-content":"","ast-featured-img":"","footer-sml-layout":"","theme-transparent-header-meta":"","adv-header-id-meta":"","stick-header-meta":"","header-above-stick-meta":"","header-main-stick-meta":"","header-below-stick-meta":"","astra-migrate-meta-layouts":"default","ast-page-background-enabled":"default","ast-page-background-meta":{"desktop":{"background-color":"var(--ast-global-color-4)","background-image":"","background-repeat":"repeat","background-position":"center center","background-size":"auto","background-attachment":"scroll","background-type":"","background-media":"","overlay-type":"","overlay-color":"","overlay-opacity":"","overlay-gradient":""},"tablet":{"background-color":"","background-image":"","background-repeat":"repeat","background-position":"center center","background-size":"auto","background-attachment":"scroll","background-type":"","background-media":"","overlay-type":"","overlay-color":"","overlay-opacity":"","overlay-gradient":""},"mobile":{"background-color":"","background-image":"","background-repeat":"repeat","background-position":"center center","background-size":"auto","background-attachment":"scroll","background-type":"","background-media":"","overlay-type":"","overlay-color":"","overlay-opacity":"","overlay-gradient":""}},"ast-content-background-meta":{"desktop":{"background-color":"var(--ast-global-color-5)","background-image":"","background-repeat":"repeat","background-position":"center center","background-size":"auto","background-attachment":"scroll","background-type":"","background-media":"","overlay-type":"","overlay-color":"","overlay-opacity":"","overlay-gradient":""},"tablet":{"background-color":"var(--ast-global-color-5)","background-image":"","background-repeat":"repeat","background-position":"center center","background-size":"auto","background-attachment":"scroll","background-type":"","background-media":"","overlay-type":"","overlay-color":"","overlay-opacity":"","overlay-gradient":""},"mobile":{"background-color":"var(--ast-global-color-5)","background-image":"","background-repeat":"repeat","background-position":"center center","background-size":"auto","background-attachment":"scroll","background-type":"","background-media":"","overlay-type":"","overlay-color":"","overlay-opacity":"","overlay-gradient":""}},"footnotes":""},"categories":[8],"tags":[26308,7432,26309],"class_list":["post-77175","post","type-post","status-publish","format-standard","has-post-thumbnail","hentry","category-noticias","tag-barbara-gladstone","tag-galerias-de-arte","tag-marchante-de-arte"],"_links":{"self":[{"href":"https:\/\/losperiodistas.com.mx\/portal\/wp-json\/wp\/v2\/posts\/77175","targetHints":{"allow":["GET"]}}],"collection":[{"href":"https:\/\/losperiodistas.com.mx\/portal\/wp-json\/wp\/v2\/posts"}],"about":[{"href":"https:\/\/losperiodistas.com.mx\/portal\/wp-json\/wp\/v2\/types\/post"}],"author":[{"embeddable":true,"href":"https:\/\/losperiodistas.com.mx\/portal\/wp-json\/wp\/v2\/users\/1"}],"replies":[{"embeddable":true,"href":"https:\/\/losperiodistas.com.mx\/portal\/wp-json\/wp\/v2\/comments?post=77175"}],"version-history":[{"count":1,"href":"https:\/\/losperiodistas.com.mx\/portal\/wp-json\/wp\/v2\/posts\/77175\/revisions"}],"predecessor-version":[{"id":77177,"href":"https:\/\/losperiodistas.com.mx\/portal\/wp-json\/wp\/v2\/posts\/77175\/revisions\/77177"}],"wp:featuredmedia":[{"embeddable":true,"href":"https:\/\/losperiodistas.com.mx\/portal\/wp-json\/wp\/v2\/media\/77176"}],"wp:attachment":[{"href":"https:\/\/losperiodistas.com.mx\/portal\/wp-json\/wp\/v2\/media?parent=77175"}],"wp:term":[{"taxonomy":"category","embeddable":true,"href":"https:\/\/losperiodistas.com.mx\/portal\/wp-json\/wp\/v2\/categories?post=77175"},{"taxonomy":"post_tag","embeddable":true,"href":"https:\/\/losperiodistas.com.mx\/portal\/wp-json\/wp\/v2\/tags?post=77175"}],"curies":[{"name":"wp","href":"https:\/\/api.w.org\/{rel}","templated":true}]}}