{"id":77171,"date":"2024-06-18T07:19:31","date_gmt":"2024-06-18T12:19:31","guid":{"rendered":"https:\/\/losperiodistas.com.mx\/portal\/?p=77171"},"modified":"2024-06-18T07:19:34","modified_gmt":"2024-06-18T12:19:34","slug":"opinion-comida-del-gobernador-con-sabor-a-despedida","status":"publish","type":"post","link":"https:\/\/losperiodistas.com.mx\/portal\/opinion-comida-del-gobernador-con-sabor-a-despedida\/","title":{"rendered":"Opini\u00f3n | Comida del Gobernador con sabor a despedida\u2026"},"content":{"rendered":"\n<p><\/p>\n\n\n\n<p class=\"has-medium-font-size\">*Celebraci\u00f3n del D\u00eda de la Libertad de Prensa en el Centro Expositor<\/p>\n\n\n\n<figure class=\"wp-block-image size-large\"><img fetchpriority=\"high\" decoding=\"async\" width=\"1024\" height=\"660\" src=\"https:\/\/losperiodistas.com.mx\/portal\/wp-content\/uploads\/2024\/06\/DI\u0301A-DE-LA-LIBERTAD-DE-EXPRESIO\u0301N-EN-PUEBLA-1024x660.jpeg\" alt=\"\" class=\"wp-image-77172\" srcset=\"https:\/\/losperiodistas.com.mx\/portal\/wp-content\/uploads\/2024\/06\/DI\u0301A-DE-LA-LIBERTAD-DE-EXPRESIO\u0301N-EN-PUEBLA-1024x660.jpeg 1024w, https:\/\/losperiodistas.com.mx\/portal\/wp-content\/uploads\/2024\/06\/DI\u0301A-DE-LA-LIBERTAD-DE-EXPRESIO\u0301N-EN-PUEBLA-300x193.jpeg 300w, https:\/\/losperiodistas.com.mx\/portal\/wp-content\/uploads\/2024\/06\/DI\u0301A-DE-LA-LIBERTAD-DE-EXPRESIO\u0301N-EN-PUEBLA-768x495.jpeg 768w, https:\/\/losperiodistas.com.mx\/portal\/wp-content\/uploads\/2024\/06\/DI\u0301A-DE-LA-LIBERTAD-DE-EXPRESIO\u0301N-EN-PUEBLA-1536x990.jpeg 1536w, https:\/\/losperiodistas.com.mx\/portal\/wp-content\/uploads\/2024\/06\/DI\u0301A-DE-LA-LIBERTAD-DE-EXPRESIO\u0301N-EN-PUEBLA-2048x1320.jpeg 2048w\" sizes=\"(max-width: 1024px) 100vw, 1024px\" \/><\/figure>\n\n\n\n<p class=\"has-vivid-red-color has-text-color\" style=\"font-size:26px\"><strong><em>Por Ra\u00fal Torres Salmer\u00f3n\u00a0\u00a0\u00a0<\/em><\/strong><\/p>\n\n\n\n<p>La comida con motivo del D\u00eda de la Libertad de Expresi\u00f3n, ofrecida por el Gobernador Sergio Salom\u00f3n C\u00e9spedes a due\u00f1os, directores, reporteros, fot\u00f3grafos y columnistas de los medios de comunicaci\u00f3n, tuvo un hecho in\u00e9dito e incluso un sabor de despedida.<\/p>\n\n\n\n<p>Al hacer uso de la palabra, al final de la reuni\u00f3n, Sergio Salom\u00f3n dijo: Quiz\u00e1 es una de las pocas ocasiones que me podr\u00e9 reunir con un grupo tan nutrido de periodistas y l\u00edderes de opini\u00f3n en lo que queda de mi gobierno, por eso, a manera de despedida anticipada me dirijo hacia ustedes.<\/p>\n\n\n\n<p>En el ambiente flot\u00f3 un sabor a despedida. Como es sabido termina su funci\u00f3n el 14 de diciembre, pero tambi\u00e9n hay rumores de que ser\u00e1 invitado a formar parte del gabinete de la Presidenta Claudia Sheinbaum. &nbsp;<\/p>\n\n\n\n<p>Adem\u00e1s de esta despedida tempranera, hubo otro hecho in\u00e9dito fuera de serie. Estuvo presente el Gobernador Electo Alejandro Armenta. Ambos estuvieron acompa\u00f1ados por sus esposas, Cecilia Arellano y Gabriela Bonilla.<\/p>\n\n\n\n<p>En su mensaje, el Mandatario reconoci\u00f3 el trabajo de la prensa poblana, asegurando que su papel es indispensable para que la sociedad est\u00e9 informada. Sostuvo que siempre ha dicho la funci\u00f3n del periodismo es fundamental para una sociedad democr\u00e1tica, por el beneficio directo de mantener a la sociedad informada, pero tambi\u00e9n y sobre todo porque regulan el actuar del poder; puedo establecer sobre todo ahora en el transitar del Gobierno que un buen gobernante siempre va de la mano de un buen periodista.<\/p>\n\n\n\n<p>\u201cA la medida de un buen gobierno siempre va emparejada la labor period\u00edstica juiciosa, cr\u00edtica que se\u00f1ala lo que est\u00e1 mal y lo que se puede mejorar, de tal suerte que cuando se reconoce lo bueno este reconocimiento parte de la calidad moral ganada por su audiencia\u201d, expuso Sergio Salom\u00f3n C\u00e9spedes.<\/p>\n\n\n\n<p>Contundente expres\u00f3: \u201cLos medios no s\u00f3lo tienen garantizado el respeto a la libertad de expresi\u00f3n, sino tambi\u00e9n mi reconocimiento por la labor que hacen\u201d. A su lado estuvo el Secretario de Gobernaci\u00f3n, Javier Aquino Lim\u00f3n.<\/p>\n\n\n\n<p>Otra frase mencionada por Sergio Salom\u00f3n fue: \u201cQue nunca se olvide que un Gobernador tiene t\u00e9rmino, un Alcalde e incluso un Senador y un Diputado, no se diga un Presidente, pero un Periodista va a seguir, ya estaban cuando llegaste y seguir\u00e1n ah\u00ed cuando se vaya uno, es el pol\u00edtico el que est\u00e1 de paso\u201d.<\/p>\n\n\n\n<p>Asever\u00f3: \u201cSu labor period\u00edstica me ha permitido realizar una mejora continua y permanente de mi actuar pol\u00edtico y como primer responsable del Gobierno Estatal y por supuesto a t\u00edtulo personal. Al existir un periodismo vigilante, objetivo y valiente hace que la labor del gobernante tenga una contenci\u00f3n que permite mantener la mesura y el equilibrio\u201d.<\/p>\n\n\n\n<p>Al hacer uso de la palabra, Alejandro Armenta hizo hincapi\u00e9 en llevar a cabo la transici\u00f3n gubernamental de manera cordial y respetuosa hacia los derechos de los medios de comunicaci\u00f3n y destac\u00f3 que esta transici\u00f3n marcar\u00e1 el inicio de una nueva etapa en Puebla y reconoci\u00f3 a Sergio Salom\u00f3n C\u00e9spedes como un promotor de la reconciliaci\u00f3n, un legado que pretende continuar en su administraci\u00f3n.<\/p>\n\n\n\n<p>Armenta plante\u00f3 la necesidad de fortalecer la interacci\u00f3n entre el gobierno, los ciudadanos, los medios de comunicaci\u00f3n y los sectores productivos, un dinamismo es crucial para el desarrollo y bienestar del estado.<\/p>\n\n\n\n<p>Reconoci\u00f3 al Gobernador Sergio Salom\u00f3n por ser el promotor de la reconciliaci\u00f3n en Puebla con los diferentes sectores de la sociedad, entre ellos los medios de comunicaci\u00f3n: Puebla necesitaba reencontrarse con su sociedad, expuso.<\/p>\n\n\n\n<p>ORADORES DE LOS MEDIOS<\/p>\n\n\n\n<p>Patricia Estrada, Directora de Oro Noticias, al hacer uso de la palabra, en un enjundioso discurso coment\u00f3 que la libertad de prensa es un derecho constitucional que nadie puede ni debe poner en riesgo, ni el poder gubernamental acotando el acceso a la informaci\u00f3n p\u00fablica, ni los medios de comunicaci\u00f3n a dilapidar la confianza de nuestras audiencias mediante la difusi\u00f3n de noticias falsas, contenidos sensacionalistas o propagand\u00edsticos.<\/p>\n\n\n\n<p>Expuso: Entendamos que el periodismo en M\u00e9xico atraviesa una etapa de emergencia por la cantidad de compa\u00f1eros asesinados, desaparecidos, encarcelados, secuestrados o amenazados. Hemos visto que la pr\u00e1ctica de la denostaci\u00f3n hacia el periodismo desde lo m\u00e1s alto del poder ha puesto en riesgo la integridad de varios colegas en el pa\u00eds y eso es francamente inaceptable.<\/p>\n\n\n\n<p>En ese contexto pidi\u00f3 revisar de forma minuciosa, los protocolos de protecci\u00f3n a los periodistas poblanos, a fin de garantizar la inmediata y eficaz reacci\u00f3n gubernamental frente a lo que consideremos un foco rojo, aunque Puebla no es una isla y siempre ser\u00e1 preferible prevenir antes que lamentar.<\/p>\n\n\n\n<p>Exhort\u00f3 a los medios de comunicaci\u00f3n a la reflexi\u00f3n, a la autocr\u00edtica, a la evaluaci\u00f3n de qui\u00e9nes somos y para qu\u00e9 estamos. El deber de la comunicaci\u00f3n nos llama a mover conciencias de forma responsable, cada quien a su estilo de informar y opinar.<\/p>\n\n\n\n<p>Con el gobernador Sergio Salom\u00f3n C\u00e9spedes, los medios de comunicaci\u00f3n nos hemos movido en un ambiente de respeto mutuo y libertad. Su pol\u00edtica de conciliaci\u00f3n fue positiva para la agenda del Estado y tambi\u00e9n necesaria en la relaci\u00f3n prensa-poder, debido a que los medios han sorteado gobiernos duros y personajes dif\u00edciles, expres\u00f3 Estrada.<\/p>\n\n\n\n<p>Finalmente declar\u00f3 que como la sana relaci\u00f3n institucional permite informar sin ataduras, presiones o favoritismos que atenten contra el derecho a la informaci\u00f3n, es deseable que en esa misma l\u00ednea de entendimiento de lo que corresponde al gobierno y la funci\u00f3n que cumplen los medios de comunicaci\u00f3n, se pueda convivir con el futuro Gobernador Alejandro Armenta.<\/p>\n\n\n\n<p>El Periodista Juan Carlos Valerio, en su exposici\u00f3n, hizo una interesante narrativa de la evoluci\u00f3n de la informaci\u00f3n desde su nacimiento hasta las redes sociales que han estrechado la relaci\u00f3n con las audiencias<\/p>\n\n\n\n<p>El men\u00fa de la comida fue de crema de jitomate rostizado, no pod\u00eda faltar el chicharr\u00f3n carnudo de Tepeaca en salsa verde y lomo de cerdo con frutos secos en salsa de naranja y papas cambray. De postre un brownie y de bebida el famoso mezcal artesanal poblano tipo espad\u00edn Arr\u00e1ncame la Vida elaborado en la Junta Auxiliar San Miguel Atlapulco, en Huehuetl\u00e1n El Grande.<\/p>\n\n\n\n<p>En fin, como escribi\u00f3 Alfonsina Storni (Argentina, 1892-1938), en su poema Adi\u00f3s:<\/p>\n\n\n\n<p>\u00a1Los d\u00edas que fueron, los d\u00edas perdidos,<\/p>\n\n\n\n<p>los d\u00edas inertes ya no volver\u00e1n!<\/p>\n\n\n\n<p>\u00a1Qu\u00e9 tristes las horas que se desgranaron<\/p>\n\n\n\n<p>bajo el aletazo de la soledad!<\/p>\n\n\n\n<p>raultorress@hotmail.com<\/p>\n","protected":false},"excerpt":{"rendered":"<p>*Celebraci\u00f3n del D\u00eda de la Libertad de Prensa en el Centro Expositor Por Ra\u00fal Torres Salmer\u00f3n\u00a0\u00a0\u00a0 La comida con motivo [&hellip;]<\/p>\n","protected":false},"author":1,"featured_media":77172,"comment_status":"open","ping_status":"open","sticky":false,"template":"","format":"standard","meta":{"site-sidebar-layout":"default","site-content-layout":"","ast-site-content-layout":"default","site-content-style":"default","site-sidebar-style":"default","ast-global-header-display":"","ast-banner-title-visibility":"","ast-main-header-display":"","ast-hfb-above-header-display":"","ast-hfb-below-header-display":"","ast-hfb-mobile-header-display":"","site-post-title":"","ast-breadcrumbs-content":"","ast-featured-img":"","footer-sml-layout":"","theme-transparent-header-meta":"","adv-header-id-meta":"","stick-header-meta":"","header-above-stick-meta":"","header-main-stick-meta":"","header-below-stick-meta":"","astra-migrate-meta-layouts":"default","ast-page-background-enabled":"default","ast-page-background-meta":{"desktop":{"background-color":"var(--ast-global-color-4)","background-image":"","background-repeat":"repeat","background-position":"center center","background-size":"auto","background-attachment":"scroll","background-type":"","background-media":"","overlay-type":"","overlay-color":"","overlay-opacity":"","overlay-gradient":""},"tablet":{"background-color":"","background-image":"","background-repeat":"repeat","background-position":"center center","background-size":"auto","background-attachment":"scroll","background-type":"","background-media":"","overlay-type":"","overlay-color":"","overlay-opacity":"","overlay-gradient":""},"mobile":{"background-color":"","background-image":"","background-repeat":"repeat","background-position":"center center","background-size":"auto","background-attachment":"scroll","background-type":"","background-media":"","overlay-type":"","overlay-color":"","overlay-opacity":"","overlay-gradient":""}},"ast-content-background-meta":{"desktop":{"background-color":"var(--ast-global-color-5)","background-image":"","background-repeat":"repeat","background-position":"center center","background-size":"auto","background-attachment":"scroll","background-type":"","background-media":"","overlay-type":"","overlay-color":"","overlay-opacity":"","overlay-gradient":""},"tablet":{"background-color":"var(--ast-global-color-5)","background-image":"","background-repeat":"repeat","background-position":"center center","background-size":"auto","background-attachment":"scroll","background-type":"","background-media":"","overlay-type":"","overlay-color":"","overlay-opacity":"","overlay-gradient":""},"mobile":{"background-color":"var(--ast-global-color-5)","background-image":"","background-repeat":"repeat","background-position":"center center","background-size":"auto","background-attachment":"scroll","background-type":"","background-media":"","overlay-type":"","overlay-color":"","overlay-opacity":"","overlay-gradient":""}},"footnotes":""},"categories":[8,19],"tags":[5620],"class_list":["post-77171","post","type-post","status-publish","format-standard","has-post-thumbnail","hentry","category-noticias","category-sin-limites-2","tag-libertad-de-expresion-puebla"],"_links":{"self":[{"href":"https:\/\/losperiodistas.com.mx\/portal\/wp-json\/wp\/v2\/posts\/77171","targetHints":{"allow":["GET"]}}],"collection":[{"href":"https:\/\/losperiodistas.com.mx\/portal\/wp-json\/wp\/v2\/posts"}],"about":[{"href":"https:\/\/losperiodistas.com.mx\/portal\/wp-json\/wp\/v2\/types\/post"}],"author":[{"embeddable":true,"href":"https:\/\/losperiodistas.com.mx\/portal\/wp-json\/wp\/v2\/users\/1"}],"replies":[{"embeddable":true,"href":"https:\/\/losperiodistas.com.mx\/portal\/wp-json\/wp\/v2\/comments?post=77171"}],"version-history":[{"count":1,"href":"https:\/\/losperiodistas.com.mx\/portal\/wp-json\/wp\/v2\/posts\/77171\/revisions"}],"predecessor-version":[{"id":77174,"href":"https:\/\/losperiodistas.com.mx\/portal\/wp-json\/wp\/v2\/posts\/77171\/revisions\/77174"}],"wp:featuredmedia":[{"embeddable":true,"href":"https:\/\/losperiodistas.com.mx\/portal\/wp-json\/wp\/v2\/media\/77172"}],"wp:attachment":[{"href":"https:\/\/losperiodistas.com.mx\/portal\/wp-json\/wp\/v2\/media?parent=77171"}],"wp:term":[{"taxonomy":"category","embeddable":true,"href":"https:\/\/losperiodistas.com.mx\/portal\/wp-json\/wp\/v2\/categories?post=77171"},{"taxonomy":"post_tag","embeddable":true,"href":"https:\/\/losperiodistas.com.mx\/portal\/wp-json\/wp\/v2\/tags?post=77171"}],"curies":[{"name":"wp","href":"https:\/\/api.w.org\/{rel}","templated":true}]}}