{"id":77163,"date":"2024-06-17T23:44:47","date_gmt":"2024-06-18T04:44:47","guid":{"rendered":"http:\/\/losperiodistas.com.mx\/portal\/?p=77163"},"modified":"2024-06-17T23:44:49","modified_gmt":"2024-06-18T04:44:49","slug":"genero-tecnologia-y-seguridad-el-triangulo-de-la-exclusion","status":"publish","type":"post","link":"https:\/\/losperiodistas.com.mx\/portal\/genero-tecnologia-y-seguridad-el-triangulo-de-la-exclusion\/","title":{"rendered":"G\u00e9nero, Tecnolog\u00eda y Seguridad: El tri\u00e1ngulo de la exclusi\u00f3n | La Costilla Rota"},"content":{"rendered":"\n<p>Los datos recopilados por la UNESCO sobre la participaci\u00f3n de mujeres en ciencia y tecnolog\u00eda confirman que a nivel mundial las mujeres investigadoras son minor\u00eda<\/p>\n\n\n\n<figure class=\"wp-block-image size-full\"><img fetchpriority=\"high\" decoding=\"async\" width=\"900\" height=\"600\" src=\"https:\/\/losperiodistas.com.mx\/portal\/wp-content\/uploads\/2024\/06\/Genero-Tecnologia-y-Seguridad-Triangulo-de-la-exclusion.png\" alt=\"Mujeres en ciencia y tecnolog\u00eda\" class=\"wp-image-77164\" srcset=\"https:\/\/losperiodistas.com.mx\/portal\/wp-content\/uploads\/2024\/06\/Genero-Tecnologia-y-Seguridad-Triangulo-de-la-exclusion.png 900w, https:\/\/losperiodistas.com.mx\/portal\/wp-content\/uploads\/2024\/06\/Genero-Tecnologia-y-Seguridad-Triangulo-de-la-exclusion-300x200.png 300w, https:\/\/losperiodistas.com.mx\/portal\/wp-content\/uploads\/2024\/06\/Genero-Tecnologia-y-Seguridad-Triangulo-de-la-exclusion-768x512.png 768w\" sizes=\"(max-width: 900px) 100vw, 900px\" \/><figcaption>Mujeres en ciencia y tecnolog\u00eda<\/figcaption><\/figure>\n\n\n\n<p class=\"has-vivid-red-color has-text-color\">Mar\u00eda Eugenia Carrasco \/ La Costilla Rota<\/p>\n\n\n\n<p>Los datos recopilados por la UNESCO sobre la participaci\u00f3n de mujeres en ciencia y tecnolog\u00eda confirman que a nivel mundial las mujeres investigadoras son minor\u00eda (UNESCO, 2020). Al enfocarnos en el campo de las tecnolog\u00edas de la informaci\u00f3n y la comunicaci\u00f3n (TIC), observamos que solo el 27% de estudiantes en carreras de este \u00e1mbito son mujeres, mientras que el 73% son hombres. Esta subrepresentaci\u00f3n de mujeres tambi\u00e9n se refleja en el \u00e1rea de seguridad. Al combinar estos tres factores, nos encontramos con un c\u00f3ctel perfecto para la exclusi\u00f3n.&nbsp;<\/p>\n\n\n\n<p>Esta intersecci\u00f3n que involucra a mujeres y diversidades que trabajan en departamentos de TIC en organismos de seguridad, desempe\u00f1an funciones de seguridad digital en el sector p\u00fablico o privado (en un sentido amplio que incluye, aunque no se limita, a la ciberseguridad) o investigan temas de tecnolog\u00eda aplicada a la seguridad, a menudo se pasa por alto. Sin embargo, los conceptos \u00fatiles para analizar la situaci\u00f3n de este colectivo no son otros que los que la perspectiva de g\u00e9nero nos ofrece. Entre ellos, el de sesgos y estereotipos de g\u00e9nero, techo de cristal y paredes de cristal (Alcain et al., 2021: pp. 24-29).&nbsp;<\/p>\n\n\n\n<p>Los <em>sesgos y estereotipos de g\u00e9nero<\/em> son prejuicios arraigados en la sociedad, as\u00ed como expectativas relacionadas con los roles tradicionalmente asociados a cada g\u00e9nero. Por ejemplo, la conexi\u00f3n que existe entre los roles t\u00e9cnicos y los hombres, lo cual tiende a favorecer su contrataci\u00f3n o promoci\u00f3n.<\/p>\n\n\n\n<p>Por su parte, el t\u00e9rmino <em>techo de cristal <\/em>describe las barreras, algunas invisibles, que dificultan el ascenso profesional de las mujeres en sus carreras. Estas barreras no solo afectan el acceso a cargos jer\u00e1rquicos, sino que tambi\u00e9n limitan la participaci\u00f3n de las mujeres en ciertos sectores, aisl\u00e1ndolas de los espacios de decisi\u00f3n.&nbsp;<\/p>\n\n\n\n<p>El concepto de <em>paredes de cristal<\/em>, por \u00faltimo, resalta estos obst\u00e1culos que dificultan o impiden la igualdad de oportunidades en el \u00e1mbito laboral.&nbsp;<\/p>\n\n\n\n<p>La exclusi\u00f3n no se restringe \u00fanicamente a los entornos formales, sino que tambi\u00e9n se manifiesta en los c\u00edrculos o redes informales, lo que contribuye a perpetuar los conocidos \u201cclubes de hombres\u201d. Eventos sociales que deliberadamente excluyen a las mujeres, respaldados por las caracter\u00edsticas de las actividades (como eventos deportivos), reuniones o salidas informales en horarios que coinciden con responsabilidades de trabajo de cuidado no remunerado (que, generalmente, recaen sobre mujeres), son solo algunos ejemplos de esta camarader\u00eda masculina en su peor expresi\u00f3n.&nbsp;<\/p>\n\n\n\n<p>Las barreras son invisibles pero tangibles: nos excluyen de los espacios reales de toma de decisiones, se apropian de nuestros logros y restringen el avance de nuestras carreras. No es una acci\u00f3n aislada, es sist\u00e9mico.&nbsp;<\/p>\n\n\n\n<h2 class=\"wp-block-heading\"><strong>Encuesta sobre tecnolog\u00eda, g\u00e9nero y seguridad<\/strong><\/h2>\n\n\n\n<p>En marzo de este a\u00f1o, como parte de las iniciativas del Programa de Tecnolog\u00eda y Equidad de G\u00e9nero de AMASSURU, realizamos una encuesta dirigida a m\u00e1s de 600 expertas en seguridad, defensa e inteligencia de Latinoam\u00e9rica y el Caribe que forman parte de nuestra red. El prop\u00f3sito fue profundizar en la comprensi\u00f3n del predominio masculino en estas \u00e1reas. A continuaci\u00f3n, presentamos algunos de los datos obtenidos, los cuales ser\u00e1n analizados en un pr\u00f3ximo bolet\u00edn de AMASSURU:<\/p>\n\n\n\n<ul class=\"wp-block-list\"><li>Un 57% de las encuestadas considera que algunas mujeres pueden no optar por trabajar en equipos de TI en los \u00e1mbitos de seguridad o defensa, o en ocupaciones relacionadas con TIC, debido a cuestiones de g\u00e9nero. Las tres principales razones identificadas est\u00e1n vinculadas a sesgos y estereotipos de g\u00e9nero: los procesos de reclutamiento favorecen a los hombres, existe un dominio masculino en el \u00e1rea y hay falta de acceso a una oferta educativa pertinente.<\/li><li>Cerca del 90% de las encuestadas considera que los equipos de TIC en los \u00e1mbitos de seguridad y defensa est\u00e1n compuestos mayoritariamente por hombres, y que son m\u00e1s hombres que mujeres los dedicados a estos temas. Respecto al porcentaje de mujeres en los equipos de TI en sus lugares de trabajo, un 17,5% inform\u00f3 que no se desempe\u00f1an mujeres en esas \u00e1reas y un 48,4% que el porcentaje es inferior al 25%.&nbsp;<\/li><li>En lo que hace a brecha salarial de g\u00e9nero, un 46% considera que existe una diferencia a favor de los hombres, ya sea de manera significativa (24,6%) o en cierta medida (21,4%), mientras que un 41% reporta no tener conocimiento sobre este tema.&nbsp;&nbsp;<\/li><li>Resulta alarmante el alto porcentaje de expertas que han experimentado o presenciado sesgos de g\u00e9nero o discriminaci\u00f3n en \u00e1reas de seguridad, defensa o TI. M\u00e1s del 75% respondi\u00f3 afirmativamente, indicando que estas situaciones ocurren todo el tiempo (12,7%), con frecuencia (46%) o algunas pocas veces (17,5%). Entre las experiencias compartidas se destacan la exclusi\u00f3n en convocatorias, la falta de acceso a espacios de toma de decisiones, y el trato despectivo o infantilizante por parte de hombres.&nbsp;<\/li><\/ul>\n\n\n\n<p>Queda claro que todav\u00eda queda mucho por hacer en lo que respecta a la equidad de g\u00e9nero en estos campos. El desaf\u00edo consiste en garantizar que los espacios no sean excluyentes. Para lograrlo, es crucial no solo profundizar en el an\u00e1lisis de nuestra realidad, sino tambi\u00e9n investigar las causas subyacentes, con el fin de proponer soluciones o v\u00edas para avanzar hacia una sociedad m\u00e1s justa.<\/p>\n\n\n\n<p>Referencias bibliogr\u00e1ficas:<\/p>\n\n\n\n<ul class=\"wp-block-list\"><li>Alcain, J., Edelsztein V., Elffman, J. y Hadad, C., 2021<em>: Cient\u00edficas de ac\u00e1: historias que cambian la historia<\/em>. Buenos Aires: Julieta Irene Elffman.&nbsp;<\/li><li>UNESCO, 2020: Women in Science, Fact Sheet No. 60, disponible en: https:\/\/uis.unesco.org\/sites\/default\/files\/documents\/fs60-women-in-science-2020-en.pdf.<\/li><\/ul>\n\n\n\n<p><em><strong>Foto de THEPALMER desde Getty Images Signature. Composici\u00f3n LCR<\/strong><\/em><\/p>\n\n\n\n<p><em><strong>La opini\u00f3n de la autora no compromete la posici\u00f3n institucional de&nbsp;<a href=\"https:\/\/sites.google.com\/view\/amassuru\">Amassuru<\/a><\/strong><\/em><\/p>\n\n\n\n<p>Fuente: <a href=\"https:\/\/lacostillarota.com\/2024\/06\/17\/genero-tecnologia-y-seguridad-el-triangulo-de-la-exclusion\/\" target=\"_blank\" rel=\"noreferrer noopener\">La Costilla Rota<\/a><\/p>\n","protected":false},"excerpt":{"rendered":"<p>Los datos recopilados por la UNESCO sobre la participaci\u00f3n de mujeres en ciencia y tecnolog\u00eda confirman que a nivel mundial las mujeres investigadoras son minor\u00eda<\/p>\n","protected":false},"author":1,"featured_media":77164,"comment_status":"open","ping_status":"open","sticky":false,"template":"","format":"standard","meta":{"site-sidebar-layout":"default","site-content-layout":"","ast-site-content-layout":"default","site-content-style":"default","site-sidebar-style":"default","ast-global-header-display":"","ast-banner-title-visibility":"","ast-main-header-display":"","ast-hfb-above-header-display":"","ast-hfb-below-header-display":"","ast-hfb-mobile-header-display":"","site-post-title":"","ast-breadcrumbs-content":"","ast-featured-img":"","footer-sml-layout":"","theme-transparent-header-meta":"","adv-header-id-meta":"","stick-header-meta":"","header-above-stick-meta":"","header-main-stick-meta":"","header-below-stick-meta":"","astra-migrate-meta-layouts":"default","ast-page-background-enabled":"default","ast-page-background-meta":{"desktop":{"background-color":"var(--ast-global-color-4)","background-image":"","background-repeat":"repeat","background-position":"center center","background-size":"auto","background-attachment":"scroll","background-type":"","background-media":"","overlay-type":"","overlay-color":"","overlay-opacity":"","overlay-gradient":""},"tablet":{"background-color":"","background-image":"","background-repeat":"repeat","background-position":"center center","background-size":"auto","background-attachment":"scroll","background-type":"","background-media":"","overlay-type":"","overlay-color":"","overlay-opacity":"","overlay-gradient":""},"mobile":{"background-color":"","background-image":"","background-repeat":"repeat","background-position":"center center","background-size":"auto","background-attachment":"scroll","background-type":"","background-media":"","overlay-type":"","overlay-color":"","overlay-opacity":"","overlay-gradient":""}},"ast-content-background-meta":{"desktop":{"background-color":"var(--ast-global-color-5)","background-image":"","background-repeat":"repeat","background-position":"center center","background-size":"auto","background-attachment":"scroll","background-type":"","background-media":"","overlay-type":"","overlay-color":"","overlay-opacity":"","overlay-gradient":""},"tablet":{"background-color":"var(--ast-global-color-5)","background-image":"","background-repeat":"repeat","background-position":"center center","background-size":"auto","background-attachment":"scroll","background-type":"","background-media":"","overlay-type":"","overlay-color":"","overlay-opacity":"","overlay-gradient":""},"mobile":{"background-color":"var(--ast-global-color-5)","background-image":"","background-repeat":"repeat","background-position":"center center","background-size":"auto","background-attachment":"scroll","background-type":"","background-media":"","overlay-type":"","overlay-color":"","overlay-opacity":"","overlay-gradient":""}},"footnotes":""},"categories":[8],"tags":[26304,20052,26307,26305,26306,10708,2807],"class_list":["post-77163","post","type-post","status-publish","format-standard","has-post-thumbnail","hentry","category-noticias","tag-amassuru","tag-exclusion","tag-genero","tag-mujeres-en-seguridad","tag-mujeres-en-tic","tag-tecnologia","tag-unesco"],"_links":{"self":[{"href":"https:\/\/losperiodistas.com.mx\/portal\/wp-json\/wp\/v2\/posts\/77163","targetHints":{"allow":["GET"]}}],"collection":[{"href":"https:\/\/losperiodistas.com.mx\/portal\/wp-json\/wp\/v2\/posts"}],"about":[{"href":"https:\/\/losperiodistas.com.mx\/portal\/wp-json\/wp\/v2\/types\/post"}],"author":[{"embeddable":true,"href":"https:\/\/losperiodistas.com.mx\/portal\/wp-json\/wp\/v2\/users\/1"}],"replies":[{"embeddable":true,"href":"https:\/\/losperiodistas.com.mx\/portal\/wp-json\/wp\/v2\/comments?post=77163"}],"version-history":[{"count":1,"href":"https:\/\/losperiodistas.com.mx\/portal\/wp-json\/wp\/v2\/posts\/77163\/revisions"}],"predecessor-version":[{"id":77165,"href":"https:\/\/losperiodistas.com.mx\/portal\/wp-json\/wp\/v2\/posts\/77163\/revisions\/77165"}],"wp:featuredmedia":[{"embeddable":true,"href":"https:\/\/losperiodistas.com.mx\/portal\/wp-json\/wp\/v2\/media\/77164"}],"wp:attachment":[{"href":"https:\/\/losperiodistas.com.mx\/portal\/wp-json\/wp\/v2\/media?parent=77163"}],"wp:term":[{"taxonomy":"category","embeddable":true,"href":"https:\/\/losperiodistas.com.mx\/portal\/wp-json\/wp\/v2\/categories?post=77163"},{"taxonomy":"post_tag","embeddable":true,"href":"https:\/\/losperiodistas.com.mx\/portal\/wp-json\/wp\/v2\/tags?post=77163"}],"curies":[{"name":"wp","href":"https:\/\/api.w.org\/{rel}","templated":true}]}}