{"id":7716,"date":"2021-05-07T07:50:19","date_gmt":"2021-05-07T12:50:19","guid":{"rendered":"http:\/\/losperiodistas.com.mx\/portal\/?p=7716"},"modified":"2021-05-07T07:50:21","modified_gmt":"2021-05-07T12:50:21","slug":"alemania-recomendara-vacuna-de-johnson-johnson-solo-para-mayores-de-60-anos-forbes","status":"publish","type":"post","link":"https:\/\/losperiodistas.com.mx\/portal\/alemania-recomendara-vacuna-de-johnson-johnson-solo-para-mayores-de-60-anos-forbes\/","title":{"rendered":"Alemania recomendar\u00e1 vacuna de Johnson &#038; Johnson s\u00f3lo para mayores de 60 a\u00f1os | Forbes"},"content":{"rendered":"\n<p style=\"font-size:18px\"><em>Con la vacuna de Johnson &amp; Johnson se han detectado raros casos de trombosis cerebral entre personas j\u00f3venes<\/em><\/p>\n\n\n\n<p><\/p>\n\n\n\n<figure class=\"wp-block-image size-large\"><img fetchpriority=\"high\" decoding=\"async\" width=\"1024\" height=\"622\" src=\"https:\/\/losperiodistas.com.mx\/portal\/wp-content\/uploads\/2021\/05\/Captura-de-Pantalla-2021-05-07-a-las-7.47.57-1024x622.jpg\" alt=\"\" class=\"wp-image-7717\" srcset=\"https:\/\/losperiodistas.com.mx\/portal\/wp-content\/uploads\/2021\/05\/Captura-de-Pantalla-2021-05-07-a-las-7.47.57-1024x622.jpg 1024w, https:\/\/losperiodistas.com.mx\/portal\/wp-content\/uploads\/2021\/05\/Captura-de-Pantalla-2021-05-07-a-las-7.47.57-300x182.jpg 300w, https:\/\/losperiodistas.com.mx\/portal\/wp-content\/uploads\/2021\/05\/Captura-de-Pantalla-2021-05-07-a-las-7.47.57-768x467.jpg 768w, https:\/\/losperiodistas.com.mx\/portal\/wp-content\/uploads\/2021\/05\/Captura-de-Pantalla-2021-05-07-a-las-7.47.57-1536x934.jpg 1536w, https:\/\/losperiodistas.com.mx\/portal\/wp-content\/uploads\/2021\/05\/Captura-de-Pantalla-2021-05-07-a-las-7.47.57.jpg 1724w\" sizes=\"(max-width: 1024px) 100vw, 1024px\" \/><\/figure>\n\n\n\n<p><\/p>\n\n\n\n<p class=\"has-vivid-cyan-blue-color has-text-color has-medium-font-size\">FORBES STAFF<\/p>\n\n\n\n<p><strong>EFE.- Alemania va a recomendar la vacuna contra el Covid-19 de la estadounidense Johnson &amp; Johnson s\u00f3lo para mayores de 60 a\u00f1os<\/strong>, igual como ocurri\u00f3 inicialmente con AstraZeneca,\u00a0<strong>debido a casos similares de trombosis<\/strong>, avanza este viernes el semanario \u201cDer Spiegel\u201d.<\/p>\n\n\n\n<p><strong>El Instituto Paul Ehrlich (PEI)<\/strong>\u00a0tiene previsto emitir el pr\u00f3ximo lunes su dictamen sobre esta vacuna y sus an\u00e1lisis sobre los efectos secundarios de esta f\u00f3rmula\u00a0<strong>hacen que se incline a adoptar la misma recomendaci\u00f3n que con la de AstraZeneca<\/strong>, explica la publicaci\u00f3n.<\/p>\n\n\n\n<p><em><a href=\"https:\/\/www.forbes.com.mx\/tag\/coronavirus\">Sigue aqu\u00ed el avance contra la pandemia en M\u00e9xico y el mundo<\/a><\/em><\/p>\n\n\n\n<p><strong>Los menores de 60 tambi\u00e9n podr\u00edan recibirla, pero despu\u00e9s de consultar con un m\u00e9dico<\/strong>, como se est\u00e1 haciendo tambi\u00e9n con la vacuna de AstraZeneca.<\/p>\n\n\n\n<p>Con la vacuna de Johnson &amp; Johnson, autorizada en la Uni\u00f3n Europea (UE) en marzo pero apenas distribuida,&nbsp;<strong>se han detectado raros casos de trombosis cerebral entre personas j\u00f3venes<\/strong>, de forma similar a los registrados con la de AstraZeneca, otra vacuna tambi\u00e9n de tipo vectorial.<\/p>\n\n\n\n<p><a href=\"https:\/\/www.forbes.com.mx\/internacional\/\"><em>Sigue la informaci\u00f3n sobre el mundo en nuestra secci\u00f3n internacional<\/em><\/a><\/p>\n\n\n\n<p><strong>Estados Unidos suspendi\u00f3 de forma temporal el uso de esta vacuna tras detectar los efectos secundarios<\/strong>, pero la Agencia Europea de Medicamentos (EMA) decidi\u00f3 sin embargo mantener su recomendaci\u00f3n al considerar que los casos son \u201cmuy raros\u201d.<\/p>\n\n\n\n<p><strong>La f\u00f3rmula de Johnson &amp; Johnson cuenta con dos ventajas<\/strong>\u00a0frente a otras vacunas:\u00a0<strong>es m\u00e1s f\u00e1cil de almacenar<\/strong>, por no precisar temperaturas excesivamente bajas,\u00a0<strong>y para la inmunizaci\u00f3n completa hace falta s\u00f3lo una dosis<\/strong>.<\/p>\n\n\n\n<p>Fuente: https:\/\/www.forbes.com.mx\/alemania-recomendara-vacuna-de-johnson-johnson-solo-para-mayores-de-60-anos\/<\/p>\n","protected":false},"excerpt":{"rendered":"<p>Con la vacuna de Johnson &amp; Johnson se han detectado raros casos de trombosis cerebral entre personas j\u00f3venes FORBES STAFF [&hellip;]<\/p>\n","protected":false},"author":1,"featured_media":7717,"comment_status":"open","ping_status":"open","sticky":false,"template":"","format":"standard","meta":{"site-sidebar-layout":"default","site-content-layout":"","ast-site-content-layout":"default","site-content-style":"default","site-sidebar-style":"default","ast-global-header-display":"","ast-banner-title-visibility":"","ast-main-header-display":"","ast-hfb-above-header-display":"","ast-hfb-below-header-display":"","ast-hfb-mobile-header-display":"","site-post-title":"","ast-breadcrumbs-content":"","ast-featured-img":"","footer-sml-layout":"","theme-transparent-header-meta":"","adv-header-id-meta":"","stick-header-meta":"","header-above-stick-meta":"","header-main-stick-meta":"","header-below-stick-meta":"","astra-migrate-meta-layouts":"default","ast-page-background-enabled":"default","ast-page-background-meta":{"desktop":{"background-color":"var(--ast-global-color-4)","background-image":"","background-repeat":"repeat","background-position":"center center","background-size":"auto","background-attachment":"scroll","background-type":"","background-media":"","overlay-type":"","overlay-color":"","overlay-opacity":"","overlay-gradient":""},"tablet":{"background-color":"","background-image":"","background-repeat":"repeat","background-position":"center center","background-size":"auto","background-attachment":"scroll","background-type":"","background-media":"","overlay-type":"","overlay-color":"","overlay-opacity":"","overlay-gradient":""},"mobile":{"background-color":"","background-image":"","background-repeat":"repeat","background-position":"center center","background-size":"auto","background-attachment":"scroll","background-type":"","background-media":"","overlay-type":"","overlay-color":"","overlay-opacity":"","overlay-gradient":""}},"ast-content-background-meta":{"desktop":{"background-color":"var(--ast-global-color-5)","background-image":"","background-repeat":"repeat","background-position":"center center","background-size":"auto","background-attachment":"scroll","background-type":"","background-media":"","overlay-type":"","overlay-color":"","overlay-opacity":"","overlay-gradient":""},"tablet":{"background-color":"var(--ast-global-color-5)","background-image":"","background-repeat":"repeat","background-position":"center center","background-size":"auto","background-attachment":"scroll","background-type":"","background-media":"","overlay-type":"","overlay-color":"","overlay-opacity":"","overlay-gradient":""},"mobile":{"background-color":"var(--ast-global-color-5)","background-image":"","background-repeat":"repeat","background-position":"center center","background-size":"auto","background-attachment":"scroll","background-type":"","background-media":"","overlay-type":"","overlay-color":"","overlay-opacity":"","overlay-gradient":""}},"footnotes":""},"categories":[8],"tags":[1358],"class_list":["post-7716","post","type-post","status-publish","format-standard","has-post-thumbnail","hentry","category-noticias","tag-johnson-johnson-vacuna-covid"],"_links":{"self":[{"href":"https:\/\/losperiodistas.com.mx\/portal\/wp-json\/wp\/v2\/posts\/7716","targetHints":{"allow":["GET"]}}],"collection":[{"href":"https:\/\/losperiodistas.com.mx\/portal\/wp-json\/wp\/v2\/posts"}],"about":[{"href":"https:\/\/losperiodistas.com.mx\/portal\/wp-json\/wp\/v2\/types\/post"}],"author":[{"embeddable":true,"href":"https:\/\/losperiodistas.com.mx\/portal\/wp-json\/wp\/v2\/users\/1"}],"replies":[{"embeddable":true,"href":"https:\/\/losperiodistas.com.mx\/portal\/wp-json\/wp\/v2\/comments?post=7716"}],"version-history":[{"count":1,"href":"https:\/\/losperiodistas.com.mx\/portal\/wp-json\/wp\/v2\/posts\/7716\/revisions"}],"predecessor-version":[{"id":7718,"href":"https:\/\/losperiodistas.com.mx\/portal\/wp-json\/wp\/v2\/posts\/7716\/revisions\/7718"}],"wp:featuredmedia":[{"embeddable":true,"href":"https:\/\/losperiodistas.com.mx\/portal\/wp-json\/wp\/v2\/media\/7717"}],"wp:attachment":[{"href":"https:\/\/losperiodistas.com.mx\/portal\/wp-json\/wp\/v2\/media?parent=7716"}],"wp:term":[{"taxonomy":"category","embeddable":true,"href":"https:\/\/losperiodistas.com.mx\/portal\/wp-json\/wp\/v2\/categories?post=7716"},{"taxonomy":"post_tag","embeddable":true,"href":"https:\/\/losperiodistas.com.mx\/portal\/wp-json\/wp\/v2\/tags?post=7716"}],"curies":[{"name":"wp","href":"https:\/\/api.w.org\/{rel}","templated":true}]}}